{"id":466328,"date":"2025-10-16T02:13:19","date_gmt":"2025-10-16T02:13:19","guid":{"rendered":"https:\/\/www.europesays.com\/fr\/466328\/"},"modified":"2025-10-16T02:13:19","modified_gmt":"2025-10-16T02:13:19","slug":"a-linstar-dautres-pays-europeens-la-france-pourrait-elle-restreindre-le-regroupement-familial","status":"publish","type":"post","link":"https:\/\/www.europesays.com\/fr\/466328\/","title":{"rendered":"\u00e0 l\u2019instar d\u2019autres pays europ\u00e9ens, la France pourrait-elle restreindre le regroupement familial ?"},"content":{"rendered":"<p>\n    <strong>D\u00c9CRYPTAGE <\/strong>&#8211; Allemagne, Royaume-Uni, Autriche, Belgique ou Portugal&#8230; Plusieurs pays reviennent sur le regroupement familial, prot\u00e9g\u00e9 par le droit fran\u00e7ais, international et communautaire. Difficile, une r\u00e9forme n\u2019est toutefois pas inenvisageable.<\/p>\n<p class=\"fig-paragraph\">Allemagne, Royaume-Uni, Autriche, Belgique ou Portugal&#8230; En 2025, le\u00a0<a href=\"http:\/\/www.lefigaro.fr\/vox\/societe\/en-s-attaquant-au-regroupement-familial-le-gouvernement-britannique-tente-de-reprendre-la-main-sur-le-sujet-brulant-de-l-immigration-20250902\" data-fig-type=\"Article\" data-gtm-custom-categorie=\"navigation\" data-gtm-custom-action=\"crossclick\" data-gtm-custom-label=\"Contextuel\" data-gtm-event=\"customEventSPE\" data-fig-domain=\"LEFIGARO\" rel=\"nofollow noopener\" target=\"_blank\">regroupement familial<\/a>\u00a0a \u00e9t\u00e9 restreint par plusieurs pays, sous la pression des\u00a0<a href=\"http:\/\/www.lefigaro.fr\/vox\/monde\/marc-lazar-en-europe-une-internationale-des-formations-nationales-populistes-est-illusoire-20240526\" data-fig-type=\"Article\" data-gtm-custom-categorie=\"navigation\" data-gtm-custom-action=\"crossclick\" data-gtm-custom-label=\"Contextuel\" data-gtm-event=\"customEventSPE\" data-fig-domain=\"LEFIGARO\" rel=\"nofollow noopener\" target=\"_blank\">partis anti-immigration en progression dans les urnes<\/a>. En France, plusieurs partis, des R\u00e9publicains (LR) au Rassemblement national (RN) en passant par Reconqu\u00eate!, militent pour limiter, voire abroger ce dispositif. Un sujet clivant, qui risque d\u2019autant moins d\u2019\u00eatre mis sur la table que la politique fran\u00e7aise est paralys\u00e9e par\u00a0<a href=\"http:\/\/www.lefigaro.fr\/politique\/on-a-atteint-le-summum-les-coulisses-d-une-folle-soiree-qui-pourrait-precipiter-la-chute-du-gouvernement-lecornu-20251006\" data-fig-type=\"Article\" data-gtm-custom-categorie=\"navigation\" data-gtm-custom-action=\"crossclick\" data-gtm-custom-label=\"Contextuel\" data-gtm-event=\"customEventSPE\" data-fig-domain=\"LEFIGARO\" rel=\"nofollow noopener\" target=\"_blank\">la chute en s\u00e9rie des gouvernements<\/a>. Mais en temps normal, pourrait-on envisager une telle r\u00e9forme pour l\u2019Hexagone\u00a0?<\/p>\n<p class=\"fig-paragraph\">Pr\u00e9cision s\u00e9mantique, le terme \u00abregroupement familial\u00bb employ\u00e9 dans le d\u00e9bat public renvoie \u00e0 plusieurs r\u00e9alit\u00e9s diff\u00e9rentes. \u00abLe regroupement familial au sens strict permet \u00e0 un \u00e9tranger extra-europ\u00e9en en situation l\u00e9gale de faire venir des membres de sa famille\u00bb, explique Nicolas Pouvreau-Monti, directeur de l\u2019Observatoire de l\u2019immigration et de la d\u00e9mographie (OID). \u00abIl est conditionn\u00e9 \u00e0 un certain\u2026<\/p>\n<p class=\"fig-premium-paywall__infos\">\n        Cet article est r\u00e9serv\u00e9 aux abonn\u00e9s.        Il vous reste 90% \u00e0 d\u00e9couvrir.\n    <\/p>\n<p>                <img  data- alt=\"Le Figaro\" class=\"fig-img--complete fig-img\"\/><\/p>\n<p class=\"fig-premium-paywall__title\">Vous avez envie de lire la suite ?<\/p>\n<p class=\"fig-premium-paywall__subtitle\">D\u00e9bloquez tous les articles imm\u00e9diatement.<\/p>\n<p class=\"fig-premium-paywall__connect\">\n                D\u00e9j\u00e0 abonn\u00e9\u00a0?                <a class=\"fig-premium-paywall__connect-link\" href=\"https:\/\/connect.lefigaro.fr\/login?client=horizon_web&amp;type=main&amp;redirect_uri=https%3A%2F%2Fwww.lefigaro.fr%2Factualite-france%2Fimmigration-a-l-instar-d-autres-pays-europeens-la-france-pourrait-elle-restreindre-le-regroupement-familial-20251015\" data-js-gtm=\"{&quot;customCategorie&quot;: &quot;conversion&quot;, &quot;customAction&quot;: &quot;before_Landing_Connexion_paywall_auto&quot;, &quot;customLabel&quot;: &quot;bGVmaWdhcm8uZnJfXzFmMGEwNzEyLTVkMTQtNmU5OC04MWMyLTlkNWJkNDYxNDE5ZF9fQXJ0aWNsZQ==_Immigration\u00a0: \u00e0 l\u2019instar d\u2019autres pays europ\u00e9ens, la France pourrait-elle restreindre le regroupement familial\u00a0?_400&quot;, &quot;customIDSPE&quot;: &quot;bGVmaWdhcm8uZnJfXzFmMGEwNzEyLTVkMTQtNmU5OC04MWMyLTlkNWJkNDYxNDE5ZF9fQXJ0aWNsZQ==&quot;, &quot;event&quot;: &quot;customEventSPE&quot;}\" rel=\"nofollow noopener\" target=\"_blank\"><br \/>\n                    Connectez-vous<br \/>\n                <\/a>\n            <\/p>\n","protected":false},"excerpt":{"rendered":"D\u00c9CRYPTAGE &#8211; Allemagne, Royaume-Uni, Autriche, Belgique ou Portugal&#8230; Plusieurs pays reviennent sur le regroupement familial, prot\u00e9g\u00e9 par le&hellip;\n","protected":false},"author":2,"featured_media":466329,"comment_status":"","ping_status":"","sticky":false,"template":"","format":"standard","meta":{"footnotes":""},"categories":[1586],"tags":[11,14124,58207,39211,2760,1777,674,1011,27,1061,12,26278,25],"class_list":{"0":"post-466328","1":"post","2":"type-post","3":"status-publish","4":"format-standard","5":"has-post-thumbnail","7":"category-europe","8":"tag-actualites","9":"tag-cedh","10":"tag-cjue","11":"tag-conseil-constitutionnel","12":"tag-conseil-detat","13":"tag-eu","14":"tag-europe","15":"tag-fr","16":"tag-france","17":"tag-immigration","18":"tag-news","19":"tag-regroupement-familial","20":"tag-republique-francaise"},"share_on_mastodon":{"url":"https:\/\/pubeurope.com\/@fr\/115381430190810729","error":""},"_links":{"self":[{"href":"https:\/\/www.europesays.com\/fr\/wp-json\/wp\/v2\/posts\/466328","targetHints":{"allow":["GET"]}}],"collection":[{"href":"https:\/\/www.europesays.com\/fr\/wp-json\/wp\/v2\/posts"}],"about":[{"href":"https:\/\/www.europesays.com\/fr\/wp-json\/wp\/v2\/types\/post"}],"author":[{"embeddable":true,"href":"https:\/\/www.europesays.com\/fr\/wp-json\/wp\/v2\/users\/2"}],"replies":[{"embeddable":true,"href":"https:\/\/www.europesays.com\/fr\/wp-json\/wp\/v2\/comments?post=466328"}],"version-history":[{"count":0,"href":"https:\/\/www.europesays.com\/fr\/wp-json\/wp\/v2\/posts\/466328\/revisions"}],"wp:featuredmedia":[{"embeddable":true,"href":"https:\/\/www.europesays.com\/fr\/wp-json\/wp\/v2\/media\/466329"}],"wp:attachment":[{"href":"https:\/\/www.europesays.com\/fr\/wp-json\/wp\/v2\/media?parent=466328"}],"wp:term":[{"taxonomy":"category","embeddable":true,"href":"https:\/\/www.europesays.com\/fr\/wp-json\/wp\/v2\/categories?post=466328"},{"taxonomy":"post_tag","embeddable":true,"href":"https:\/\/www.europesays.com\/fr\/wp-json\/wp\/v2\/tags?post=466328"}],"curies":[{"name":"wp","href":"https:\/\/api.w.org\/{rel}","templated":true}]}}