{"id":466330,"date":"2025-10-16T02:14:13","date_gmt":"2025-10-16T02:14:13","guid":{"rendered":"https:\/\/www.europesays.com\/fr\/466330\/"},"modified":"2025-10-16T02:14:13","modified_gmt":"2025-10-16T02:14:13","slug":"ce-proche-de-david-goffin-lavoue-tres-honnetement-on-a-eu-peur-pour-son-avenir","status":"publish","type":"post","link":"https:\/\/www.europesays.com\/fr\/466330\/","title":{"rendered":"Ce proche de David Goffin l&rsquo;avoue tr\u00e8s honn\u00eatement: \u00ab\u00a0On a eu peur pour son avenir\u00a0\u00bb"},"content":{"rendered":"<p class=\"ap-StoryElement ap-StoryElement--mb ap-StoryText\">Pendant de longues minutes, sur le bord du terrain d&rsquo;entra\u00eenement du Palais 12 \u00e0 l&rsquo;European Open, avant l&rsquo;entr\u00e9e en lice de David, celui qui a aussi coach\u00e9 dans le pass\u00e9 Steve Darcis s&rsquo;est confi\u00e9. Avec sinc\u00e9rit\u00e9 et bienveillance\u2026<\/p>\n<p class=\"text-left ap-StoryElement ap-StoryElement--mb ap-StoryText\"><b>Comment avez-vous v\u00e9cu cette saison bizarre de David Goffin<\/b> <b>?<\/b><\/p>\n<p class=\"text-left ap-StoryElement ap-StoryElement--mb ap-StoryText\">La blessure au pied est venue \u00e0 un moment (NdlR : en avril) o\u00f9 il commen\u00e7ait \u00e0 vraiment jouer de mieux en mieux, notamment sur terre battue. L\u00e0, sur les entra\u00eenements, je l&rsquo;avais rarement vu jouer \u00e0 ce niveau. Malheureusement, la blessure l&rsquo;a coup\u00e9 dans son \u00e9lan. On parle quand m\u00eame de dix semaines d&rsquo;arr\u00eat en plein milieu de la saison, en ratant une tourn\u00e9e importante en Europe. Mentalement et physiquement, ce fut difficile de s&rsquo;en remettre rapidement. Le manque de confiance a fait qu&rsquo;il a eu du mal \u00e0 se replonger dedans comme on l&rsquo;esp\u00e9rait.<\/p>\n<blockquote class=\"ap-StoryQuote ap-StoryQuote--pullquote\"><p>guillement<\/p>\n<p class=\"ap-StoryQuote-text\">Sa motivation pour revenir \u00e9tait digne du grand champion qu&rsquo;il est.<\/p>\n<\/blockquote>\n<p class=\"text-left ap-StoryElement ap-StoryElement--mb ap-StoryText\"><b>Cette blessure a-t-elle engendr\u00e9 une grande source d&rsquo;inqui\u00e9tude<\/b> <b>?<\/b><\/p>\n<p class=\"ap-StoryElement ap-StoryElement--mb ap-StoryText\">Oui, c&rsquo;\u00e9tait assez grave. On a eu peur pour l&rsquo;avenir. Mais sa motivation pour revenir \u00e9tait vraiment digne de lui en fait, digne d&rsquo;un champion. Il a vraiment cherch\u00e9 \u00e0 revenir le plus vite possible en faisant tous les efforts qu&rsquo;il fallait.<\/p>\n<p><img loading=\"lazy\" decoding=\"async\" class=\"w-full lazyload lazyload--opacity object-contain\" style=\"aspect-ratio:150 \/ 100;opacity:1\" alt=\"Belgian David Goffin, Jean Demeroutis, Goffin's father Michel Goffin and Goffin's wife Stephanie Tuccitto are seen at the European Open ATP tennis tournament in Brussels, on Tuesday 14 October 2025. This year's edition of the tournament is taking place from 12 to 19 October 2025. BELGA PHOTO JASPER JACOBS\" width=\"768\" height=\"512\" fetchpriority=\"auto\" src=\"https:\/\/www.europesays.com\/fr\/wp-content\/uploads\/2025\/05\/S5VKD3X55FFF3BW6V4SEHXNP7I.png\"  data- data-optimumx=\"1\"\/>Yannis Demeroutis, ici \u00e0 gauche, est persuad\u00e9 que David Goffin peut encore briller au plus haut niveau. \u00a9Belgaimage<\/p>\n<p class=\"text-left ap-StoryElement ap-StoryElement--mb ap-StoryText\"><b>Cela devait \u00eatre frustrant de voir tout le travail r\u00e9alis\u00e9 tomber \u00e0 l&rsquo;eau<\/b> <b>?<\/b><\/p>\n<p class=\"ap-StoryElement ap-StoryElement--mb ap-StoryText\">Tout n&rsquo;est pas tomb\u00e9 \u00e0 l&rsquo;eau, on poss\u00e9dait des rep\u00e8res. Mais oui c&rsquo;\u00e9tait frustrant d&rsquo;une certaine mani\u00e8re. Mais on sait que cela fait partie du jeu. On sait qu&rsquo;\u00e0 partir du moment o\u00f9 on pousse la machine, il y a toujours des petits risques. Donc oui, c&rsquo;est dur. Mentalement, \u00e7a a \u00e9t\u00e9 difficile pour tout le monde, je ne vais pas le cacher. Mais la r\u00e9action de David a vraiment encourag\u00e9 toute l&rsquo;\u00e9quipe tout de suite.<\/p>\n<blockquote class=\"ap-StoryQuote ap-StoryQuote--pullquote\"><p>guillement<\/p>\n<p class=\"ap-StoryQuote-text\">Mentalement cela a \u00e9t\u00e9 difficile pour toute l&rsquo;\u00e9quipe.<\/p>\n<\/blockquote>\n<p class=\"ap-StoryElement ap-StoryElement--mb ap-StoryText\"><b>Apr\u00e8s, est-ce qu&rsquo;on a peur de pousser David trop loin lors des entra\u00eenements ?<\/b><\/p>\n<p class=\"text-left ap-StoryElement ap-StoryElement--mb ap-StoryText\">Lui g\u00e9rait, dans le sens o\u00f9 il y allait vraiment \u00e0 100 %. Et moi, j&rsquo;\u00e9tais dans mes petits souliers, je faisais tr\u00e8s attention parce que je n&rsquo;\u00e9tais pas rassur\u00e9. Mais \u00e0 tort, parce que vraiment \u00e7a allait. Il y avait des petites douleurs encore de temps en temps parce que ce n&rsquo;\u00e9tait quand m\u00eame pas rien ce dont il a souffert. Mais il se donnait les moyens de revenir. Et \u00e0 Shanghai (NdlR : d\u00e9but octobre), il commen\u00e7ait \u00e0 performer au plus haut niveau.<\/p>\n<p><a href=\"https:\/\/www.lavenir.net\/sports\/tennis\/2023\/06\/27\/yannis-demeroutis-dans-le-staff-de-goffin-david-en-roue-libre-pourquoi-prendre-un-second-coach-alors-WHPCTWFBSZET5F7KGAQWIJYJRM\/\" target=\"_blank\" rel=\"noopener noreferrer nofollow\" class=\"ap-StoryInterstitialLink ap-StoryElement ap-StoryElement--mb\">Qui est Yannis Demeroutis?<\/a><\/p>\n<p class=\"text-left ap-StoryElement ap-StoryElement--mb ap-StoryText\"><b>Il sort Alexandre M\u00fcller puis Ben Shelton avant de se blesser au dos et d&rsquo;abandonner contre Diallo<\/b> <b>?<\/b><\/p>\n<p class=\"ap-StoryElement ap-StoryElement--mb ap-StoryText\">Lors du match contre Shelton, il y a eu un arr\u00eat pour fermer le toit. Il s&rsquo;est un peu refroidi \u00e0 ce moment-l\u00e0, je pense. Il a su finir le match, mais apr\u00e8s c&rsquo;\u00e9tait compliqu\u00e9. C&rsquo;est dommage mais dans ces cas-l\u00e0, on ne peut pas faire grand-chose \u00e0 part le soigner le plus rapidement possible. Il y a des moments o\u00f9 on n&rsquo;a pas tous les \u00e9l\u00e9ments en notre possession.<\/p>\n<blockquote class=\"ap-StoryQuote ap-StoryQuote--pullquote\"><p>guillement<\/p>\n<p class=\"ap-StoryQuote-text\">Lors de sa reprise, j&rsquo;\u00e9tais dans mes petits souliers.<\/p>\n<\/blockquote>\n<p class=\"text-left ap-StoryElement ap-StoryElement--mb ap-StoryText\"><b>David a dit qu&rsquo;il voulait continuer l&rsquo;ann\u00e9e prochaine. Vous \u00eates compl\u00e8tement en ad\u00e9quation avec ce choix<\/b> <b>?<\/b><\/p>\n<p class=\"ap-StoryElement ap-StoryElement--mb ap-StoryText\">Oui, franchement, oui. On en a parl\u00e9. Avec les blessures, avec la difficult\u00e9 pour lui de revenir et de recoller au plus haut niveau, c&rsquo;\u00e9tait compliqu\u00e9. Donc on a parl\u00e9 de tout cela ouvertement. Je trouve que quand on parvient \u00e0 faire en sorte que les plan\u00e8tes s&rsquo;alignent, il peut battre pratiquement n&rsquo;importe qui. Il l&rsquo;a d\u00e9j\u00e0 prouv\u00e9. Je suis d&rsquo;accord de continuer avec David. Que ce soit pour 6 mois, 1 an ou 2 ans, il n&rsquo;y a aucun souci.<\/p>\n<p class=\"ap-StoryElement ap-StoryElement--mb ap-StoryText\"><b>Comment s&rsquo;\u00e9tablit la relation de confiance entre l&rsquo;entra\u00eeneur et le joueur ?<\/b><\/p>\n<p class=\"ap-StoryElement ap-StoryElement--mb ap-StoryText\">Avec David, on se conna\u00eet depuis tr\u00e8s longtemps. La premi\u00e8re fois que je l&rsquo;ai vu, il devait avoir 12 ans. Il y a quand m\u00eame un petit c\u00f4t\u00e9 o\u00f9 il respecte un peu l&rsquo;enseignant que je suis. Je pense qu&rsquo;\u00e0 ses yeux, j&rsquo;apporte ce dont il a besoin. Et pour moi, il donne ce dont j&rsquo;ai besoin. On s&rsquo;y retrouve. Dans la collaboration, cela se passe tr\u00e8s bien. Que cela se passe bien, ce n&rsquo;est pas le truc le plus important. Ce qu&rsquo;il faut, c&rsquo;est performer.<\/p>\n<p><img loading=\"lazy\" decoding=\"async\" class=\"w-full lazyload lazyload--opacity object-contain\" style=\"aspect-ratio:144 \/ 100;opacity:1\" alt=\"Belgian David Goffin and his coach Yannis Demeroutis pictured during a training session at the Roland Garros French Open tennis tournament, in Paris, France, Saturday 27 May 2023. This year's tournament takes place from 22 May to 12 June. BELGA PHOTO BENOIT DOPPAGNE\" width=\"768\" height=\"533\" fetchpriority=\"auto\" src=\"https:\/\/www.europesays.com\/fr\/wp-content\/uploads\/2025\/05\/S5VKD3X55FFF3BW6V4SEHXNP7I.png\"  data- data-optimumx=\"1\"\/>Yannis Demeroutis veille sur son poulain tout en se montrant toujours honn\u00eate avec lui. <\/p>\n<p class=\"text-left ap-StoryElement ap-StoryElement--mb ap-StoryText\"><b>Vous attendez quoi de David<\/b> <b>?<\/b><\/p>\n<p class=\"text-left ap-StoryElement ap-StoryElement--mb ap-StoryText\">Qu&rsquo;il se donne \u00e0 100 %. Qu&rsquo;on essaye de mettre en place sur les matchs les choses qu&rsquo;on travaille. C&rsquo;est ce qui me tient \u00e0 c\u0153ur. J&rsquo;ai besoin de \u00e7a et lui a besoin de quelqu&rsquo;un qui le comprenne et qui lui apporte les \u00e9l\u00e9ments aussi bien tactiques que techniques quant \u00e0 la r\u00e9ussite sur le terrain.<\/p>\n<p class=\"text-left ap-StoryElement ap-StoryElement--mb ap-StoryText\"><b>Qu&rsquo;avez-vous cherch\u00e9 \u00e0 changer ou \u00e0 d\u00e9velopper dans son jeu<\/b> <b>?<\/b><\/p>\n<p class=\"ap-StoryElement ap-StoryElement--mb ap-StoryText\">On a cherch\u00e9 \u00e0 le faire jouer un peu plus vers l&rsquo;avant. Je ne peux pas l&rsquo;amener \u00e0 servir \u00e0 250 km\/h et r\u00e9aliser des services-vol\u00e9es \u00e0 tout va. Son jeu restera toujours son identit\u00e9. Son jeu, c&rsquo;est le sien, mais on essaie d&rsquo;apporter certaines touches qui vont lui permettre aussi d&rsquo;\u00eatre plus performant, de s&rsquo;\u00e9conomiser aussi peut-\u00eatre \u00e0 certains moments en abr\u00e9geant l&rsquo;\u00e9change. J&rsquo;essaie surtout de m&rsquo;adapter au joueur et de lui apporter ce qu&rsquo;il est possible de lui apporter et pas de partir dans des d\u00e9lires.<\/p>\n<blockquote class=\"ap-StoryQuote ap-StoryQuote--pullquote\"><p>guillement<\/p>\n<p class=\"ap-StoryQuote-text\">S&rsquo;\u00e9panouir sur les courts, voil\u00e0 ce que recherche David. <\/p>\n<\/blockquote>\n<p class=\"text-left ap-StoryElement ap-StoryElement--mb ap-StoryText\"><b>L&rsquo;objectif de fin de saison est d&rsquo;avoir un classement (top 100) pour entrer dans le tableau principal de l&rsquo;Australian Open en janvier<\/b> <b>?<\/b><\/p>\n<p class=\"ap-StoryElement ap-StoryElement--mb ap-StoryText\">Chez David, ce qui compte surtout, c&rsquo;est qu&rsquo;il se sente bien sur le terrain. C&rsquo;est comme cela qu&rsquo;il est le plus performant. Mais bien \u00e9videmment que la qualification pour l&rsquo;Australie est notre objectif. Mais vous savez, pour lui, je suis s\u00fbr que ce n&rsquo;est pas le plus important. Le plus important, c&rsquo;est qu&rsquo;il parvienne \u00e0 s&rsquo;\u00e9panouir, \u00e0 prendre du plaisir. Et \u00e0 partir de l\u00e0, les signaux sont au vert et tout peut arriver.<\/p>\n<p class=\"text-left ap-StoryElement ap-StoryElement--mb ap-StoryText\"><b>Ses attentes sur sa carri\u00e8re ont-elles chang\u00e9 en devenant papa<\/b> <b>?<\/b><\/p>\n<p class=\"ap-StoryElement ap-StoryElement--mb ap-StoryText\">C&rsquo;est une question de maturit\u00e9 tout simplement. Dans mon esprit, les enfants font de nous des hommes, des adultes. Cela doit \u00eatre le cas pour lui aussi. Il trouve d&rsquo;autres plaisirs, aussi, quand il sort du terrain. Une vie de famille qui s&rsquo;installe, c&rsquo;est une exp\u00e9rience. Ceux qui ont la chance de l&rsquo;avoir v\u00e9cue peuvent en t\u00e9moigner. Cela am\u00e8ne un certain recul par rapport aux \u00e9v\u00e9nements. Certaines choses sont moins graves qu&rsquo;elles ne l&rsquo;\u00e9taient avant.<\/p>\n<p><a href=\"https:\/\/www.lavenir.net\/sports\/tennis\/2025\/10\/14\/european-open-david-goffin-lache-une-petite-bombe-cest-le-genre-de-match-pour-lequel-jarreterais-bien-le-tennis-clone-WJQYRUZLCFDJVLD3FSJ3Z4EUX4\/\" target=\"_blank\" rel=\"noopener noreferrer nofollow\" class=\"ap-StoryInterstitialLink ap-StoryElement ap-StoryElement--mb\">David Goffin d\u00e9\u00e7u apr\u00e8s son \u00e9limination \u00e0 Bruxelles&#8230;<\/a><\/p>\n<p class=\"text-left ap-StoryElement ap-StoryElement--mb ap-StoryText\"><b>Est-ce que pour un peu pr\u00e9server David qui va sur ses 35 ans, en d\u00e9cembre, vous avez opt\u00e9 pour une programmation plus light<\/b> <b>?<\/b><\/p>\n<p class=\"ap-StoryElement ap-StoryElement--mb ap-StoryText\">\u00c0 certains moments, on se disait, on ne va pas courir avec tout le monde, tout le temps sur les tournois. Apr\u00e8s les deux mois et demi d&rsquo;arr\u00eat, c&rsquo;\u00e9tait compliqu\u00e9 de prendre son temps et de s&rsquo;octroyer des p\u00e9riodes plus calmes. Mais \u00e0 la base, cela devait \u00eatre le cas. Mais \u00e0 partir du moment o\u00f9 on loupe dix semaines sur des tournois hyperimportants sur terre battue puis sur gazon, c&rsquo;est compliqu\u00e9, apr\u00e8s, de rester dans du light. \u00c0 un moment donn\u00e9, il faut quand m\u00eame un minimum de tournois pour essayer de se donner des opportunit\u00e9s de performer. Donc, c&rsquo;\u00e9tait cens\u00e9 \u00eatre un peu plus light, cela l&rsquo;a \u00e9t\u00e9 au final, mais pas pour les bonnes raisons.<\/p>\n<blockquote class=\"ap-StoryQuote ap-StoryQuote--pullquote\"><p>guillement<\/p>\n<p class=\"ap-StoryQuote-text\">S&rsquo;il joue en rythme et avec fluidit\u00e9, son \u00e2ge n&rsquo;est pas un probl\u00e8me.<\/p>\n<\/blockquote>\n<p class=\"text-left ap-StoryElement ap-StoryElement--mb ap-StoryText\"><b>David qui est capable de rester performant \u00e0 35 ans, est-ce que cela s&rsquo;explique en partie par son style de jeu o\u00f9 la coordination et la fluidit\u00e9 des mouvements prennent largement le dessus sur la simple force physique<\/b> <b>?<\/b><\/p>\n<p class=\"ap-StoryElement ap-StoryElement--mb ap-StoryText\">Oui, tout \u00e0 fait, \u00e7a c&rsquo;est s\u00fbr. Pour moi, plus il joue vite, plus il est dans le rythme et plus il peut jouer des heures. Donc, dans ce cas-l\u00e0, son \u00e2ge n&rsquo;est pas du tout un probl\u00e8me. Par contre, quand il rentre dans de la force, c&rsquo;est plus un souci, parce qu&rsquo;il tombe sur des jeunes qui tiennent la route un peu plus longtemps que lui.<\/p>\n<p><a href=\"https:\/\/www.lavenir.net\/sports\/tennis\/2025\/10\/15\/european-open-raphael-collignon-tombeur-de-zizou-bergs-emotionnellement-ce-netait-pas-la-meme-chose-a-linterieur-RPWKJBBHEFGULMTYMN2PFPRV4M\/\" target=\"_blank\" rel=\"noopener noreferrer nofollow\" class=\"ap-StoryInterstitialLink ap-StoryElement ap-StoryElement--mb\">Raphael Collignon tombeur de Zizou Bergs: \u00ab\u00a0Emotionnellement, ce n&rsquo;est pas la m\u00eame chose \u00e0 l&rsquo;int\u00e9rieur\u00a0\u00bb<\/a><\/p>\n<p class=\"text-left ap-StoryElement ap-StoryElement--mb ap-StoryText\"><b>Dans les param\u00e8tres physiques actuels de David, voyez-vous des indices qui montreraient une diminution de ses capacit\u00e9s<\/b> <b>?<\/b><\/p>\n<p class=\"ap-StoryElement ap-StoryElement--mb ap-StoryText\">Non, pas du tout.<\/p>\n<p class=\"text-left ap-StoryElement ap-StoryElement--mb ap-StoryText\"><b>Il y a deux ans, vous avez h\u00e9sit\u00e9 \u00e0 quitter votre quotidien, dans votre club notamment, pour vous engager dans un projet \u00e0 l&rsquo;international avec David. Comment vivez-vous ce changement avec de nombreuses semaines \u00e0 l&rsquo;\u00e9tranger loin de la famille et le fait de revivre avec ce stress des r\u00e9sultats, des blessures de votre joueur et des critiques des m\u00e9dias et du public<\/b> <b>?<\/b><\/p>\n<p class=\"ap-StoryElement ap-StoryElement--mb ap-StoryText\">Vous savez, je n&rsquo;ai absolument pas de regrets. J&rsquo;essaie de profiter de cette exp\u00e9rience. Je sais que ce n&rsquo;est pas quelque chose que je compte faire encore pendant 20 ans, \u00e7a c&rsquo;est s\u00fbr. J&rsquo;essaie de retirer des choses positives de ce parcours. Mon \u00e9pouse essaie de nous accompagner parce que c&rsquo;est vrai qu&rsquo;il y a beaucoup de voyages \u00e0 l&rsquo;\u00e9tranger. C&rsquo;est chouette aussi, c&rsquo;est nouveau pour nous. J&rsquo;essaie vraiment d&rsquo;en profiter un maximum.<\/p>\n<p class=\"ap-StoryElement ap-StoryElement--mb ap-StoryText\">Avec l&rsquo;objectif de permettre \u00e0 celui qui a port\u00e9 seul le tennis belge sur ses \u00e9paules pendant de longues ann\u00e9es de s&rsquo;offrir le chemin le plus agr\u00e9able possible et le plus performant avant de ranger d\u00e9finitivement ses raquettes.<\/p>\n","protected":false},"excerpt":{"rendered":"Pendant de longues minutes, sur le bord du terrain d&rsquo;entra\u00eenement du Palais 12 \u00e0 l&rsquo;European Open, avant l&rsquo;entr\u00e9e&hellip;\n","protected":false},"author":2,"featured_media":466331,"comment_status":"","ping_status":"","sticky":false,"template":"","format":"standard","meta":{"footnotes":""},"categories":[1586],"tags":[11,1777,674,1779,1011,27,30337,12,25,59010,1778,364],"class_list":{"0":"post-466330","1":"post","2":"type-post","3":"status-publish","4":"format-standard","5":"has-post-thumbnail","7":"category-europe","8":"tag-actualites","9":"tag-eu","10":"tag-europe","11":"tag-european-union","12":"tag-fr","13":"tag-france","14":"tag-hainaut","15":"tag-news","16":"tag-republique-francaise","17":"tag-thuin","18":"tag-ue","19":"tag-union-europeenne"},"share_on_mastodon":{"url":"https:\/\/pubeurope.com\/@fr\/115381434661987610","error":""},"_links":{"self":[{"href":"https:\/\/www.europesays.com\/fr\/wp-json\/wp\/v2\/posts\/466330","targetHints":{"allow":["GET"]}}],"collection":[{"href":"https:\/\/www.europesays.com\/fr\/wp-json\/wp\/v2\/posts"}],"about":[{"href":"https:\/\/www.europesays.com\/fr\/wp-json\/wp\/v2\/types\/post"}],"author":[{"embeddable":true,"href":"https:\/\/www.europesays.com\/fr\/wp-json\/wp\/v2\/users\/2"}],"replies":[{"embeddable":true,"href":"https:\/\/www.europesays.com\/fr\/wp-json\/wp\/v2\/comments?post=466330"}],"version-history":[{"count":0,"href":"https:\/\/www.europesays.com\/fr\/wp-json\/wp\/v2\/posts\/466330\/revisions"}],"wp:featuredmedia":[{"embeddable":true,"href":"https:\/\/www.europesays.com\/fr\/wp-json\/wp\/v2\/media\/466331"}],"wp:attachment":[{"href":"https:\/\/www.europesays.com\/fr\/wp-json\/wp\/v2\/media?parent=466330"}],"wp:term":[{"taxonomy":"category","embeddable":true,"href":"https:\/\/www.europesays.com\/fr\/wp-json\/wp\/v2\/categories?post=466330"},{"taxonomy":"post_tag","embeddable":true,"href":"https:\/\/www.europesays.com\/fr\/wp-json\/wp\/v2\/tags?post=466330"}],"curies":[{"name":"wp","href":"https:\/\/api.w.org\/{rel}","templated":true}]}}