{"id":46634,"date":"2025-04-23T13:13:09","date_gmt":"2025-04-23T13:13:09","guid":{"rendered":"https:\/\/www.europesays.com\/fr\/46634\/"},"modified":"2025-04-23T13:13:09","modified_gmt":"2025-04-23T13:13:09","slug":"france-travail-1-recrutement-sur-2-difficile-dici-2025-en-ile-de-france","status":"publish","type":"post","link":"https:\/\/www.europesays.com\/fr\/46634\/","title":{"rendered":"France Travail : 1 recrutement sur 2 difficile d&rsquo;ici 2025 en \u00cele-de-France"},"content":{"rendered":"<p><img loading=\"lazy\" decoding=\"async\" alt=\"\u00a9 Shutterstock - L'enqu\u00eate BMO de France Travail \u00cele-de-France a montr\u00e9 une dynamique de recrutement soutenue.\" data-zoom-src=\"https:\/\/www.europesays.com\/fr\/wp-content\/uploads\/2025\/04\/initial-rance-travail-recrutement.jpg\" data-zoomable=\"\" height=\"702\" src=\"https:\/\/www.europesays.com\/fr\/wp-content\/uploads\/2025\/04\/initial-rance-travail-recrutement.jpg\" width=\"1248\"\/>  <\/p>\n<p class=\"article-desc\">\u00a9 Shutterstock &#8211; L&rsquo;enqu\u00eate BMO de France Travail \u00cele-de-France a montr\u00e9 une dynamique de recrutement soutenue. <\/p>\n<p>Avec plus de <strong>408 000 projets de recrutement <\/strong>recens\u00e9s en \u00cele-de-France en 2025, soit une hausse de <strong>3,4 %<\/strong> par rapport \u00e0 2024, France Travail r\u00e9v\u00e8le dans son \u00e9tude annuelle \u00ab\u00a0Besoins en main-d\u2019\u0153uvre\u00a0\u00bb\u00a0(BMO) une tendance toujours dynamique. Pourtant, les employeurs franciliens anticipent des difficult\u00e9s de recrutement dans pr\u00e8s d\u2019un cas sur deux (49,6 %). <\/p>\n<p>M\u00e9tiers en tension : des disparit\u00e9s sectorielles <\/p>\n<p>Les <strong>secteurs les plus en tension<\/strong> restent inchang\u00e9s\u202f: l\u2019<strong>h\u00f4tellerie-restauration<\/strong>, la <strong>sant\u00e9 <\/strong>et l\u2019aide \u00e0 la personne, le <a href=\"https:\/\/mesinfos.fr\/ile-de-france\/maprimerenov-les-artisans-du-batiment-a-nouveau-victimes-de-la-paralysie-parlementaire-214261.html\" rel=\"noopener\" target=\"_blank\">b\u00e2timent<\/a> et les services aux entreprises. Cette situation r\u00e9sulte \u00e0 la fois de la reprise post-Covid, des d\u00e9parts en retraite non compens\u00e9s, de la transformation des m\u00e9tiers, et d\u2019un manque d\u2019attractivit\u00e9 sur certains postes. <\/p>\n<p>Le paradoxe est frappant\u202f: \u00ab\u00a0De nombreux m\u00e9tiers qui peinent \u00e0 recruter ne n\u00e9cessitent pas ou peu de qualification, comme les agents d\u2019entretien, les aides \u00e0 domicile ou les serveurs. Il faut r\u00e9fl\u00e9chir \u00e0 leur attractivit\u00e9\u00a0\u00bb, a soulign\u00e9 <strong>Gilles Treffort<\/strong>, directeur r\u00e9gional de France Travail \u00cele-de-France.<\/p>\n<p> Jeunes et seniors, deux leviers \u00e0 activer <\/p>\n<p>Pour r\u00e9pondre \u00e0 cette<strong> tension persistante<\/strong>, <a href=\"https:\/\/mesinfos.fr\/ile-de-france\/france-travail-un-projet-de-loi-plein-emploi-153168.html\" rel=\"noopener\" target=\"_blank\">France Travail <\/a>met en avant le potentiel de deux publics : les jeunes en insertion et les seniors. \u00ab\u00a0Les jeunes constituent un vivier essentiel, mais il est n\u00e9cessaire de les accompagner vers les bons secteurs. Il faut aussi valoriser l\u2019exp\u00e9rience des seniors et favoriser leur maintien ou leur retour dans l\u2019emploi\u00a0\u00bb, a affirm\u00e9 Cl\u00e9mentine Pichot, directrice d\u00e9veloppement et ancrage des pratiques. <\/p>\n<p>Face \u00e0 ces enjeux, <strong>France Travail<\/strong> renforce sa collaboration avec les acteurs \u00e9conomiques et les branches professionnelles. \u00ab\u00a0Cette \u00e9tude permet d\u2019\u00e9clairer les d\u00e9cideurs publics et les entreprises sur les enjeux de recrutement. Elle doit servir \u00e0 b\u00e2tir des politiques d\u2019emploi et de formation plus efficaces\u00a0\u00bb, a conclu Gilles Treffort.<\/p>\n","protected":false},"excerpt":{"rendered":"\u00a9 Shutterstock &#8211; L&rsquo;enqu\u00eate BMO de France Travail \u00cele-de-France a montr\u00e9 une dynamique de recrutement soutenue. Avec plus&hellip;\n","protected":false},"author":2,"featured_media":46635,"comment_status":"","ping_status":"","sticky":false,"template":"","format":"standard","meta":{"footnotes":""},"categories":[1592],"tags":[1111,11,1777,674,1011,27,530,662,12,626,7099,25],"class_list":{"0":"post-46634","1":"post","2":"type-post","3":"status-publish","4":"format-standard","5":"has-post-thumbnail","7":"category-ile-de-france","8":"tag-actu","9":"tag-actualites","10":"tag-eu","11":"tag-europe","12":"tag-fr","13":"tag-france","14":"tag-france-travail","15":"tag-ile-de-france","16":"tag-news","17":"tag-paris","18":"tag-recrutement","19":"tag-republique-francaise"},"share_on_mastodon":{"url":"https:\/\/pubeurope.com\/@fr\/114387458787496037","error":""},"_links":{"self":[{"href":"https:\/\/www.europesays.com\/fr\/wp-json\/wp\/v2\/posts\/46634","targetHints":{"allow":["GET"]}}],"collection":[{"href":"https:\/\/www.europesays.com\/fr\/wp-json\/wp\/v2\/posts"}],"about":[{"href":"https:\/\/www.europesays.com\/fr\/wp-json\/wp\/v2\/types\/post"}],"author":[{"embeddable":true,"href":"https:\/\/www.europesays.com\/fr\/wp-json\/wp\/v2\/users\/2"}],"replies":[{"embeddable":true,"href":"https:\/\/www.europesays.com\/fr\/wp-json\/wp\/v2\/comments?post=46634"}],"version-history":[{"count":0,"href":"https:\/\/www.europesays.com\/fr\/wp-json\/wp\/v2\/posts\/46634\/revisions"}],"wp:featuredmedia":[{"embeddable":true,"href":"https:\/\/www.europesays.com\/fr\/wp-json\/wp\/v2\/media\/46635"}],"wp:attachment":[{"href":"https:\/\/www.europesays.com\/fr\/wp-json\/wp\/v2\/media?parent=46634"}],"wp:term":[{"taxonomy":"category","embeddable":true,"href":"https:\/\/www.europesays.com\/fr\/wp-json\/wp\/v2\/categories?post=46634"},{"taxonomy":"post_tag","embeddable":true,"href":"https:\/\/www.europesays.com\/fr\/wp-json\/wp\/v2\/tags?post=46634"}],"curies":[{"name":"wp","href":"https:\/\/api.w.org\/{rel}","templated":true}]}}