{"id":466344,"date":"2025-10-16T02:24:13","date_gmt":"2025-10-16T02:24:13","guid":{"rendered":"https:\/\/www.europesays.com\/fr\/466344\/"},"modified":"2025-10-16T02:24:13","modified_gmt":"2025-10-16T02:24:13","slug":"comment-max-verstappen-peut-redevenir-champion-en-2026","status":"publish","type":"post","link":"https:\/\/www.europesays.com\/fr\/466344\/","title":{"rendered":"comment Max Verstappen peut redevenir champion en 2026"},"content":{"rendered":"<p>De plus, Max a un autre atout dans son cockpit : les deux pilotes McLaren pourraient devenir champions du monde pour la premi\u00e8re fois s\u2019ils terminaient la saison en t\u00eate, mais Max, lui, y est d\u00e9j\u00e0 parvenu \u00e0 plusieurs reprises. Il sait comment g\u00e9rer, m\u00eame en cas de saison serr\u00e9e, et il conna\u00eet la pression qui va avec.<\/p>\n<p>Non seulement tout lui sourit, mais il semble toujours avoir le m\u00eame plaisir de courir. C\u2019est un gagnant, quelle que soit la discipline, et cela confirme qu\u2019il ne renoncera pas dans sa qu\u00eate d\u2019un cinqui\u00e8me titre mondial.<\/p>\n<p>Interrog\u00e9 par formula1.com, Max a d\u00e9clar\u00e9 : \u00ab Tout s\u2019est bien pass\u00e9 dans le trafic et nous n\u2019avons commis aucune erreur majeure. Gagner ma premi\u00e8re course ici est incroyable. \u00bb<\/p>\n<p>Le succ\u00e8s de ce week-end met en lumi\u00e8re l\u2019\u00e9tat d\u2019esprit de Max en ce moment : c\u2019est un bon signe \u00e0 l\u2019approche du d\u00e9nouement du Championnat du monde de Formule 1.<\/p>\n<p>Esp\u00e9rons qu\u2019au Circuit des Am\u00e9riques, Max Verstappen et son \u00e9quipe vivront un nouveau grand week-end.<\/p>\n","protected":false},"excerpt":{"rendered":"De plus, Max a un autre atout dans son cockpit : les deux pilotes McLaren pourraient devenir champions&hellip;\n","protected":false},"author":2,"featured_media":466345,"comment_status":"","ping_status":"","sticky":false,"template":"","format":"standard","meta":{"footnotes":""},"categories":[1412],"tags":[1451,1452,1453,1454,1455,1011,27,60],"class_list":{"0":"post-466344","1":"post","2":"type-post","3":"status-publish","4":"format-standard","5":"has-post-thumbnail","7":"category-f1","8":"tag-f1","9":"tag-formula-1","10":"tag-formula1","11":"tag-formule-1","12":"tag-formule1","13":"tag-fr","14":"tag-france","15":"tag-sports"},"share_on_mastodon":{"url":"https:\/\/pubeurope.com\/@fr\/115381473325169065","error":""},"_links":{"self":[{"href":"https:\/\/www.europesays.com\/fr\/wp-json\/wp\/v2\/posts\/466344","targetHints":{"allow":["GET"]}}],"collection":[{"href":"https:\/\/www.europesays.com\/fr\/wp-json\/wp\/v2\/posts"}],"about":[{"href":"https:\/\/www.europesays.com\/fr\/wp-json\/wp\/v2\/types\/post"}],"author":[{"embeddable":true,"href":"https:\/\/www.europesays.com\/fr\/wp-json\/wp\/v2\/users\/2"}],"replies":[{"embeddable":true,"href":"https:\/\/www.europesays.com\/fr\/wp-json\/wp\/v2\/comments?post=466344"}],"version-history":[{"count":0,"href":"https:\/\/www.europesays.com\/fr\/wp-json\/wp\/v2\/posts\/466344\/revisions"}],"wp:featuredmedia":[{"embeddable":true,"href":"https:\/\/www.europesays.com\/fr\/wp-json\/wp\/v2\/media\/466345"}],"wp:attachment":[{"href":"https:\/\/www.europesays.com\/fr\/wp-json\/wp\/v2\/media?parent=466344"}],"wp:term":[{"taxonomy":"category","embeddable":true,"href":"https:\/\/www.europesays.com\/fr\/wp-json\/wp\/v2\/categories?post=466344"},{"taxonomy":"post_tag","embeddable":true,"href":"https:\/\/www.europesays.com\/fr\/wp-json\/wp\/v2\/tags?post=466344"}],"curies":[{"name":"wp","href":"https:\/\/api.w.org\/{rel}","templated":true}]}}