{"id":466346,"date":"2025-10-16T02:27:10","date_gmt":"2025-10-16T02:27:10","guid":{"rendered":"https:\/\/www.europesays.com\/fr\/466346\/"},"modified":"2025-10-16T02:27:10","modified_gmt":"2025-10-16T02:27:10","slug":"la-comedienne-carole-bouquet-victime-dun-malaise-en-pleine-representation-a-paris","status":"publish","type":"post","link":"https:\/\/www.europesays.com\/fr\/466346\/","title":{"rendered":"La com\u00e9dienne Carole Bouquet victime d&rsquo;un malaise en pleine repr\u00e9sentation \u00e0 Paris"},"content":{"rendered":"<p>La com\u00e9dienne <a href=\"https:\/\/www.laprovence.com\/article\/sortie-loisirs\/26761057043265\/la-feminite-selon-carole-bouquet-ce-que-lactrice-a-confie-aux-lecteurs-de-la-provence\" target=\"_blank\" rel=\"nofollow noopener\">Carole Bouquet<\/a> a fait un malaise sur sc\u00e8ne, ce mercredi soir. Elle interpr\u00e9tait la pi\u00e8ce \u00ab\u00a0le Professeur\u00a0\u00bb sur la sc\u00e8ne de la Scala \u00e0 Paris lorsqu&rsquo;elle s&rsquo;est \u00e9croul\u00e9e, relate <a href=\"https:\/\/www.leparisien.fr\/culture-loisirs\/carole-bouquet-victime-dun-malaise-a-la-scala-la-metteuse-en-scene-finit-la-piece-15-10-2025-Y6AE737NJVBP7DBQLPFFYP27AQ.php\" target=\"_blank\" rel=\"nofollow noopener\">Le Parisien<\/a>.<\/p>\n<p>\u00ab\u00a0On a cru \u00e0 une mise en sc\u00e8ne, mais le rideau s&rsquo;est ferm\u00e9. Et le m\u00e9decin de permanence dans la salle s&rsquo;est tout de suite rendu sur la sc\u00e8ne\u00a0\u00bb, ont t\u00e9moign\u00e9 des spectateurs aupr\u00e8s de nos confr\u00e8res.<\/p>\n<p>La metteuse en sc\u00e8ne a alors pris le relais de la com\u00e9dienne de 68 ans pour finir la lecture. Finalement, Carole Bouquet est revenue sur sc\u00e8ne pour saluer le public \u00e0 la fin de la pi\u00e8ce.<\/p>\n<p>Les repr\u00e9sentations devraient reprendre d\u00e8s ce jeudi 16\u00a0octobre.<\/p>\n<p>La com\u00e9dienne <a href=\"https:\/\/www.laprovence.com\/article\/culture-loisirs\/4468086302453314\/carole-bouquet-monte-sur-la-scene-de-la-scala-davignon-pour-jouer-une-piece-de-theatre-autour-de-samuel-paty\" target=\"_blank\" rel=\"nofollow noopener\">est attendue le 6\u00a0mars 2026 \u00e0 La Scala Provence<\/a> pour jouer cette pi\u00e8ce sign\u00e9e <a href=\"https:\/\/www.laprovence.com\/article\/region\/1155306249998216\/aix-en-provence-muriel-mayette-holtz-dirige-carole-bouquet-dans-berenice-sur-la-scene-du-jeu-de-paume\" target=\"_blank\" rel=\"nofollow noopener\">Muriel Mayette-Holtz<\/a>.<\/p>\n","protected":false},"excerpt":{"rendered":"La com\u00e9dienne Carole Bouquet a fait un malaise sur sc\u00e8ne, ce mercredi soir. Elle interpr\u00e9tait la pi\u00e8ce \u00ab\u00a0le&hellip;\n","protected":false},"author":2,"featured_media":466347,"comment_status":"","ping_status":"","sticky":false,"template":"","format":"standard","meta":{"footnotes":""},"categories":[1359],"tags":[17,59012,13356,14057,251,2837,58,59,1011,27,33355,973,19940,9418],"class_list":{"0":"post-466346","1":"post","2":"type-post","3":"status-publish","4":"format-standard","5":"has-post-thumbnail","7":"category-people","8":"tag-17","9":"tag-bouquet","10":"tag-carole","11":"tag-comedienne","12":"tag-culture","13":"tag-dun","14":"tag-divertissement","15":"tag-entertainment","16":"tag-fr","17":"tag-france","18":"tag-malaise","19":"tag-people","20":"tag-pleine","21":"tag-victime"},"share_on_mastodon":{"url":"https:\/\/pubeurope.com\/@fr\/115381485087708959","error":""},"_links":{"self":[{"href":"https:\/\/www.europesays.com\/fr\/wp-json\/wp\/v2\/posts\/466346","targetHints":{"allow":["GET"]}}],"collection":[{"href":"https:\/\/www.europesays.com\/fr\/wp-json\/wp\/v2\/posts"}],"about":[{"href":"https:\/\/www.europesays.com\/fr\/wp-json\/wp\/v2\/types\/post"}],"author":[{"embeddable":true,"href":"https:\/\/www.europesays.com\/fr\/wp-json\/wp\/v2\/users\/2"}],"replies":[{"embeddable":true,"href":"https:\/\/www.europesays.com\/fr\/wp-json\/wp\/v2\/comments?post=466346"}],"version-history":[{"count":0,"href":"https:\/\/www.europesays.com\/fr\/wp-json\/wp\/v2\/posts\/466346\/revisions"}],"wp:featuredmedia":[{"embeddable":true,"href":"https:\/\/www.europesays.com\/fr\/wp-json\/wp\/v2\/media\/466347"}],"wp:attachment":[{"href":"https:\/\/www.europesays.com\/fr\/wp-json\/wp\/v2\/media?parent=466346"}],"wp:term":[{"taxonomy":"category","embeddable":true,"href":"https:\/\/www.europesays.com\/fr\/wp-json\/wp\/v2\/categories?post=466346"},{"taxonomy":"post_tag","embeddable":true,"href":"https:\/\/www.europesays.com\/fr\/wp-json\/wp\/v2\/tags?post=466346"}],"curies":[{"name":"wp","href":"https:\/\/api.w.org\/{rel}","templated":true}]}}