{"id":466348,"date":"2025-10-16T02:29:16","date_gmt":"2025-10-16T02:29:16","guid":{"rendered":"https:\/\/www.europesays.com\/fr\/466348\/"},"modified":"2025-10-16T02:29:16","modified_gmt":"2025-10-16T02:29:16","slug":"forum-du-livre-franco-amazigh-un-programme-riche-et-varie","status":"publish","type":"post","link":"https:\/\/www.europesays.com\/fr\/466348\/","title":{"rendered":"Forum du Livre Franco-Amazigh &#8211; Un programme riche et vari\u00e9"},"content":{"rendered":"<p>\t\t\t\t\tForum du Livre Franco-Amazigh<br \/>\nProgramme du samedi 18 octobre 2025<\/p>\n<p class=\"whitespace-normal break-words\"><strong>14h30 \u2013 Atelier chant et comptines en langue kabyle<\/strong><br \/>La journ\u00e9e d\u00e9butera avec Fahim Messaoudene qui animera un atelier participatif de chants et comptines traditionnels kabyles. Une occasion unique de d\u00e9couvrir ou red\u00e9couvrir le patrimoine oral de cette culture mill\u00e9naire, dans une ambiance conviviale et familiale.<\/p>\n<p class=\"whitespace-normal break-words\"><strong>15h00 \u2013 Lecture de contes bilingue<\/strong><br \/>Fatima Kerrouche et Idir Amer proposeront ensuite une s\u00e9ance de contes en langues kabyle et fran\u00e7aise. Cette approche bilingue permettra au public de toutes origines d\u2019appr\u00e9cier la richesse narrative de la tradition orale berb\u00e8re, tout en facilitant la transmission interg\u00e9n\u00e9rationnelle.<\/p>\n<p class=\"whitespace-normal break-words\"><strong>16h00 \u2013 Projection du film-documentaire \u00ab\u00a0Belaid Ait Ali, pionnier de la litt\u00e9rature kabyle\u00a0\u00bb<\/strong><br \/>Le r\u00e9alisateur et auteur Noufel Bouzeboudja pr\u00e9sentera son film-documentaire consacr\u00e9 \u00e0 Belaid Ait Ali, figure majeure de la litt\u00e9rature kabyle. Cette projection sera suivie d\u2019un temps d\u2019\u00e9change avec le public, offrant un \u00e9clairage pr\u00e9cieux sur l\u2019histoire litt\u00e9raire amazighe.<\/p>\n<p class=\"whitespace-normal break-words\"><strong>17h30 \u2013 Rencontre avec Hakim Arezki<\/strong><br \/>La journ\u00e9e se cl\u00f4turera par une rencontre exceptionnelle avec l\u2019\u00e9crivain Hakim Arezki, \u00e0 l\u2019occasion de la sortie de son dernier ouvrage \u00ab\u00a0Rena\u00eetre dans la nuit\u00a0\u00bb. L\u2019auteur partagera son parcours, sa d\u00e9marche cr\u00e9ative et \u00e9changera avec le public autour de son \u0153uvre.<\/p>\n","protected":false},"excerpt":{"rendered":"Forum du Livre Franco-Amazigh Programme du samedi 18 octobre 2025 14h30 \u2013 Atelier chant et comptines en langue&hellip;\n","protected":false},"author":2,"featured_media":466349,"comment_status":"","ping_status":"","sticky":false,"template":"","format":"standard","meta":{"footnotes":""},"categories":[1357],"tags":[1379,58,59,1011,27,1380],"class_list":{"0":"post-466348","1":"post","2":"type-post","3":"status-publish","4":"format-standard","5":"has-post-thumbnail","7":"category-livres","8":"tag-books","9":"tag-divertissement","10":"tag-entertainment","11":"tag-fr","12":"tag-france","13":"tag-livres"},"share_on_mastodon":{"url":"https:\/\/pubeurope.com\/@fr\/115381493194670136","error":""},"_links":{"self":[{"href":"https:\/\/www.europesays.com\/fr\/wp-json\/wp\/v2\/posts\/466348","targetHints":{"allow":["GET"]}}],"collection":[{"href":"https:\/\/www.europesays.com\/fr\/wp-json\/wp\/v2\/posts"}],"about":[{"href":"https:\/\/www.europesays.com\/fr\/wp-json\/wp\/v2\/types\/post"}],"author":[{"embeddable":true,"href":"https:\/\/www.europesays.com\/fr\/wp-json\/wp\/v2\/users\/2"}],"replies":[{"embeddable":true,"href":"https:\/\/www.europesays.com\/fr\/wp-json\/wp\/v2\/comments?post=466348"}],"version-history":[{"count":0,"href":"https:\/\/www.europesays.com\/fr\/wp-json\/wp\/v2\/posts\/466348\/revisions"}],"wp:featuredmedia":[{"embeddable":true,"href":"https:\/\/www.europesays.com\/fr\/wp-json\/wp\/v2\/media\/466349"}],"wp:attachment":[{"href":"https:\/\/www.europesays.com\/fr\/wp-json\/wp\/v2\/media?parent=466348"}],"wp:term":[{"taxonomy":"category","embeddable":true,"href":"https:\/\/www.europesays.com\/fr\/wp-json\/wp\/v2\/categories?post=466348"},{"taxonomy":"post_tag","embeddable":true,"href":"https:\/\/www.europesays.com\/fr\/wp-json\/wp\/v2\/tags?post=466348"}],"curies":[{"name":"wp","href":"https:\/\/api.w.org\/{rel}","templated":true}]}}