{"id":466350,"date":"2025-10-16T02:30:23","date_gmt":"2025-10-16T02:30:23","guid":{"rendered":"https:\/\/www.europesays.com\/fr\/466350\/"},"modified":"2025-10-16T02:30:23","modified_gmt":"2025-10-16T02:30:23","slug":"cest-urticant-anne-elisabeth-lemoine-a-deux-doigts-de-se-gratter-les-parties-intimes-en-plein-direct","status":"publish","type":"post","link":"https:\/\/www.europesays.com\/fr\/466350\/","title":{"rendered":"\u201cC\u2019est urticant\u201d : Anne-Elisabeth Lemoine \u00e0 deux doigts de se gratter les parties intimes en plein direct"},"content":{"rendered":"<p data-start=\"269\" data-end=\"577\">Chaque soir, du lundi au jeudi \u00e0<br \/>\n19h sur France 5, Anne-\u00c9lisabeth Lemoine accueille ses invit\u00e9s dans<br \/>\nl\u2019\u00e9mission C \u00e0 vous (elle<br \/>\nest d\u00e9sormais <a href=\"https:\/\/www.closermag.fr\/people\/mohamed-bouhafsi-prend-du-galon-sur-france-5-separe-dangeline-il-ne-partagera-pas-sa-joie-avec-son-ex-3573164\" target=\"_blank\" rel=\"noopener\"><br \/>\nremplac\u00e9e par Mohamed Bouhafsi en fin de semaine<\/a>). Elle re\u00e7oit<br \/>\ndes personnalit\u00e9s, artistes, politiques, \u00e9crivains et figures du<br \/>\nmoment, et \u00e9change sur l\u2019actualit\u00e9.<\/p>\n<p data-start=\"579\" data-end=\"850\">Depuis qu\u2019elle a repris les<br \/>\nr\u00eanes du talk-show en 2017, <a href=\"https:\/\/www.closermag.fr\/tv_tele_realite\/bertrand-chameroy-fait-une-infidelite-a-anne-elisabeth-lemoine-et-ca-va-durer-3558729\" target=\"_blank\" rel=\"noopener\"><br \/>\nl\u2019amie de Benjamin Chameroy<\/a> a forc\u00e9ment essuy\u00e9 quelques moments<br \/>\nde g\u00eane. Mercredi 15 octobre, alors qu\u2019elle accueillait deux<br \/>\nfigures phares du cin\u00e9ma fran\u00e7ais, elle a pris ses aises\u2026 en se<br \/>\ngrattant un peu partout.<\/p>\n<p>Anne-Elisabeth Lemoine sans<br \/>\ng\u00eane sur le plateau de C \u00e0 vous<\/p>\n<p data-start=\"921\" data-end=\"1339\">Faut-il privil\u00e9gier le style au<br \/>\nconfort ? Voil\u00e0 une question importante, surtout lorsque l\u2019on fait<br \/>\nun m\u00e9tier d\u2019image. Lorsqu\u2019une tenue est inconfortable et que l\u2019on<br \/>\nest en direct, il n\u2019est pas toujours simple de faire comme si de<br \/>\nrien n\u2019\u00e9tait. Ce soir-l\u00e0, Anne-Elisabeth Lemoine portait<br \/>\n<strong>une combinaison \u00e0 carreaux bleu fonc\u00e9 et verte.<\/strong><br \/>\nSi, \u00e0 premi\u00e8re vue, elle semblait agr\u00e9able \u00e0 porter, la r\u00e9alit\u00e9<br \/>\n\u00e9tait tout autre.<\/p>\n<p data-start=\"1341\" data-end=\"2018\">Alors qu\u2019elle venait<br \/>\nd\u2019accueillir Kad Merad <a href=\"https:\/\/www.closermag.fr\/people\/michele-laroque-chose-rare-la-comedienne-evoque-ses-collaborations-passees-avec-pierre-palmade-3529254\" target=\"_blank\" rel=\"noopener\"><br \/>\net Mich\u00e8le Laroque<\/a>, venus parler de leur prochaine pi\u00e8ce de<br \/>\nth\u00e9\u00e2tre qui sortira en 2026, l\u2019animatrice s\u2019est totalement l\u00e2ch\u00e9e.<br \/>\nPour commencer, elle a fait une petite danse en accueillant la<br \/>\ncom\u00e9dienne, visiblement tr\u00e8s heureuse de la retrouver. Mich\u00e8le<br \/>\nLaroque lui fait alors un compliment sur sa tenue : \u201cOh c\u2019est joli. Mais \u00e7a gratte, non ?\u201d<br \/>\nEt elle a vu juste ! En effet, Anne-Elisabeth Lemoine l\u00e2che :<br \/>\n\u201c<strong>\u00c7a gratte, \u00e7a gratte<br \/>\npartout, c\u2019est urticant,\u201d<\/strong> dit-elle en se grattant<br \/>\nplusieurs parties du corps, notamment le haut des cuisses. Un<br \/>\nchroniqueur l\u00e2che alors : \u201c<strong>\u00c7a gratte les roupettes<\/strong>,\u201d <a href=\"https:\/\/www.closermag.fr\/tv_tele_realite\/connerie-naturelle-patrick-cohen-y-va-aux-lance-flammes-anne-elisabeth-lemoine-est-hilare-3516860\" target=\"_blank\" rel=\"noopener\"><br \/>\nce qui fait rire toute la table.<\/a><\/p>\n<p>Kad<br \/>\nMerad et Mich\u00e8le Laroque invit\u00e9s sur C \u00e0 vous<\/p>\n<p data-start=\"2079\" data-end=\"2496\">Anne-Elisabeth Lemoine n\u2019est<br \/>\npas la seule \u00e0 avoir eu une remarque sur sa tenue. En effet,<br \/>\n<a href=\"https:\/\/www.closermag.fr\/people\/kad-merad-et-julia-vignali-complices-le-couple-fait-une-apparition-tres-remarquee-a-lyon-3586299\" target=\"_blank\" rel=\"noopener\"><br \/>\nle compagnon de Julia Vignali<\/a> a lui aussi eu droit \u00e0 des<br \/>\ncompliments. L\u2019acteur \u00e9tait <a href=\"https:\/\/www.closermag.fr\/people\/kad-merad-et-julia-vignali-rare-apparition-pour-le-couple-main-dans-la-main-sur-le-tapis-rose-de-deauville-3579256\" target=\"_blank\" rel=\"noopener\"><br \/>\nv\u00eatu d\u2019un costume, avec un blazer,<\/a> une chemise et une cravate.<br \/>\nSans le savoir, il \u00e9tait m\u00eame accord\u00e9 \u00e0 son acolyte, qui portait<br \/>\nelle aussi une veste de costume. Face \u00e0 cette constatation, les<br \/>\ndeux complices, qui joueront bient\u00f4t ensemble sur sc\u00e8ne, ont<br \/>\nrigol\u00e9.<\/p>\n<p data-start=\"2498\" data-end=\"2687\">En effet, en septembre 2026,<br \/>\nles deux acteurs monteront sur les planches pour jouer <strong>leur<br \/>\nnouvelle pi\u00e8ce L\u2019\u00c2ge<br \/>\nb\u00eate.<\/strong> M\u00eame si cela est dans presque un an, la<br \/>\nbilletterie est d\u00e9j\u00e0 ouverte.<\/p>\n","protected":false},"excerpt":{"rendered":"Chaque soir, du lundi au jeudi \u00e0 19h sur France 5, Anne-\u00c9lisabeth Lemoine accueille ses invit\u00e9s dans l\u2019\u00e9mission&hellip;\n","protected":false},"author":2,"featured_media":466351,"comment_status":"","ping_status":"","sticky":false,"template":"","format":"standard","meta":{"footnotes":""},"categories":[1356],"tags":[5631,5632,58,59,1011,27,252,1364],"class_list":{"0":"post-466350","1":"post","2":"type-post","3":"status-publish","4":"format-standard","5":"has-post-thumbnail","7":"category-television","8":"tag-anne-elisabeth-lemoine","9":"tag-c-a-vous","10":"tag-divertissement","11":"tag-entertainment","12":"tag-fr","13":"tag-france","14":"tag-television","15":"tag-tv"},"share_on_mastodon":{"url":"https:\/\/pubeurope.com\/@fr\/115381496978385651","error":""},"_links":{"self":[{"href":"https:\/\/www.europesays.com\/fr\/wp-json\/wp\/v2\/posts\/466350","targetHints":{"allow":["GET"]}}],"collection":[{"href":"https:\/\/www.europesays.com\/fr\/wp-json\/wp\/v2\/posts"}],"about":[{"href":"https:\/\/www.europesays.com\/fr\/wp-json\/wp\/v2\/types\/post"}],"author":[{"embeddable":true,"href":"https:\/\/www.europesays.com\/fr\/wp-json\/wp\/v2\/users\/2"}],"replies":[{"embeddable":true,"href":"https:\/\/www.europesays.com\/fr\/wp-json\/wp\/v2\/comments?post=466350"}],"version-history":[{"count":0,"href":"https:\/\/www.europesays.com\/fr\/wp-json\/wp\/v2\/posts\/466350\/revisions"}],"wp:featuredmedia":[{"embeddable":true,"href":"https:\/\/www.europesays.com\/fr\/wp-json\/wp\/v2\/media\/466351"}],"wp:attachment":[{"href":"https:\/\/www.europesays.com\/fr\/wp-json\/wp\/v2\/media?parent=466350"}],"wp:term":[{"taxonomy":"category","embeddable":true,"href":"https:\/\/www.europesays.com\/fr\/wp-json\/wp\/v2\/categories?post=466350"},{"taxonomy":"post_tag","embeddable":true,"href":"https:\/\/www.europesays.com\/fr\/wp-json\/wp\/v2\/tags?post=466350"}],"curies":[{"name":"wp","href":"https:\/\/api.w.org\/{rel}","templated":true}]}}