{"id":466354,"date":"2025-10-16T02:32:14","date_gmt":"2025-10-16T02:32:14","guid":{"rendered":"https:\/\/www.europesays.com\/fr\/466354\/"},"modified":"2025-10-16T02:32:14","modified_gmt":"2025-10-16T02:32:14","slug":"critique-de-la-mini-serie-inquisitors-actualites-comics-star-wars-universe","status":"publish","type":"post","link":"https:\/\/www.europesays.com\/fr\/466354\/","title":{"rendered":"Critique de la mini-s\u00e9rie Inquisitors ! \u2022 Actualit\u00e9s Comics \u2022 Star Wars Universe"},"content":{"rendered":"<p align=\"justify\">Bonjour \u00e0 tous,<\/p>\n<p align=\"justify\">Les Inquisiteurs ont r\u00e9cemment eu droit \u00e0 leur moment de gloire dans la licence\u00a0: depuis leur r\u00e9utilisation dans la s\u00e9rie <b><a href=\"https:\/\/www.starwars-universe.com\/tv-serie-21-obi-wan-kenobi.html\" target=\"_blank\" rel=\"noopener\">Kenobi<\/a><\/b> (ah, ce design du Grand Inquisiteur), ce nouvel ordre d\u2019utilisateurs du C\u00f4t\u00e9 Obscur au service de l\u2019Empire a eu droit \u00e0 un roman centr\u00e9 sur son organisation (<b><a href=\"https:\/\/www.starwars-universe.com\/livre-3046-inquisitorius-l-eveil-de-la-lame-rouge.html\" target=\"_blank\" rel=\"noopener\">Inquisitorius \u2013 L\u2019\u00e9veil de la lame rouge<\/a><\/b> de <a href=\"https:\/\/www.starwars-universe.com\/auteur-877-delilah-s-dawson.html\" class=\"qtip_motcle\" tt_type=\"auteur\" tt_id=\"877\" tabindex=\"0\" target=\"_blank\" rel=\"noopener\">Delilah S. Dawson<\/a>), et voici venir une courte mini-s\u00e9rie en 4 num\u00e9ros sobrement intitul\u00e9e <b><a href=\"https:\/\/www.starwars-universe.com\/livre-3128-inquisitors.html\" target=\"_blank\" rel=\"noopener\">Inquisitors<\/a><\/b>, par Will Barnes et <a href=\"https:\/\/www.starwars-universe.com\/auteur-1554-ramon-rosanas.html\" class=\"qtip_motcle\" tt_type=\"auteur\" tt_id=\"1554\" tabindex=\"0\" target=\"_blank\" rel=\"noopener\">Ramon Rosanas<\/a>. Qu\u2019a donc cette mini dans le ventre ? C\u2019est ce que je vous propose de d\u00e9couvrir gr\u00e2ce \u00e0 cette critique qui, au contraire de ce que les Inquisiteurs tentent vainement de faire dans ces pages, va trancher dans le vif !<\/p>\n<p align=\"justify\">\u00a0<\/p>\n<p align=\"center\"><a href=\"https:\/\/www.starwars-universe.com\/livre-3128-inquisitors.html\" target=\"_blank\" rel=\"noopener\"><b>INQUISITORS<\/b><\/a><\/p>\n<p align=\"center\"><a href=\"https:\/\/www.starwars-universe.com\/livre-3128-inquisitors.html\" class=\"qtip_motcle\" tt_type=\"livre\" tt_id=\"3128\" tabindex=\"0\" target=\"_blank\" rel=\"noopener\">Inquisitors<\/a> (2024) #01 \u00e0 04<\/p>\n<p align=\"center\"><a href=\"https:\/\/www.starwars-universe.com\/livre-3128-inquisitors.html\" target=\"_blank\" rel=\"noopener\"><img loading=\"lazy\" decoding=\"async\" src=\"https:\/\/www.europesays.com\/fr\/wp-content\/uploads\/2025\/10\/Inquisitors.jpg\" alt=\"\" width=\"300\" height=\"451\"\/><\/a><\/p>\n<p align=\"justify\">Les Inquisiteurs, les impitoyables agents de l&rsquo;Empereur, traquent sans rel\u00e2che <a href=\"https:\/\/www.starwars-universe.com\/livre-2100-les-derniers-jedi.html\" class=\"qtip_motcle\" tt_type=\"livre\" tt_id=\"2100\" tabindex=\"0\" target=\"_blank\" rel=\"noopener\">les derniers Jedi<\/a> dispers\u00e9s dans la galaxie. L&rsquo;histoire de Tensu Run, qui se confronta \u00e0 eux ainsi qu&rsquo;\u00e0 Dark Vador, est enfouie dans les annales de l&rsquo;histoire Jedi ! Qu&rsquo;est-il devenu, et pourquoi l&rsquo;Empire redoutait-il tant son existence ? Cette mini-s\u00e9rie a \u00e9t\u00e9 publi\u00e9e dans les quatre num\u00e9ros du softcover STAR WARS : BOUNTY HUNTERS &amp; INQUISITORS, mais c&rsquo;est ici sa premi\u00e8re publication en \u00e9dition reli\u00e9e.<\/p>\n<p align=\"justify\">\u00a0<\/p>\n<p align=\"center\"><b>La critique de L2-D2<\/b><\/p>\n<p align=\"justify\">\u00a0<\/p>\n<p align=\"justify\"><b>Sc\u00e9nario : \u00ab C\u2019est un peu court, jeune homme ! On pouvait dire&#8230; oh ! Dieu !\u2026 bien des choses en somme&#8230; \u00bb<\/b><\/p>\n<p align=\"justify\">Loin de moi l\u2019envie de comparer cette mini-s\u00e9rie \u00e0 Cyrano de Bergerac, mais cette citation r\u00e9sume tellement bien mon sentiment \u00e0 la lecture de ce titre !<\/p>\n<p align=\"justify\">Avec seulement 4 num\u00e9ros au compteur, un nombre qui semble devenir la norme pour les mini-s\u00e9ries Star Wars chez Marvel, le sc\u00e9nario se doit d\u2019\u00eatre efficace. Malheureusement, si le r\u00e9cit ne souffre d\u2019aucun temps mort, ce n\u2019est pas pour autant que Will Sliney nous livre une intrigue captivante, loin de l\u00e0\u2026<\/p>\n<p align=\"justify\">En effet, ne comptez pas sur la mini-s\u00e9rie <a href=\"https:\/\/www.starwars-universe.com\/livre-3128-inquisitors.html\" target=\"_blank\" rel=\"noopener\">Inquisitors<\/a> pour vous en apprendre davantage, justement, sur l\u2019Inquisitorius ou l\u2019un de ses membres. Le premier num\u00e9ro mettra ainsi en avant <a href=\"https:\/\/www.starwars-universe.com\/personnage-2160-le-grand-inquisiteur.html\" class=\"qtip_motcle\" tt_type=\"personnage\" tt_id=\"2160\" tabindex=\"0\" target=\"_blank\" rel=\"noopener\">le Grand Inquisiteur<\/a>, le second le Cinqui\u00e8me Fr\u00e8re, le troisi\u00e8me les Septi\u00e8me et Neuvi\u00e8me S\u0153urs, avant que le dernier n\u2019implique l\u2019ensemble des membres cit\u00e9s ainsi que Dark Vador lui-m\u00eame, tant qu\u2019\u00e0 faire. Et si chaque num\u00e9ro aurait pu \u00eatre le pr\u00e9texte pour nous d\u00e9voiler certains \u00e9l\u00e9ments du pass\u00e9 des personnages impliqu\u00e9s, comment ils ont \u00e9t\u00e9 recrut\u00e9s, ce qu\u2019ils \u00e9taient avant (des Jedi ? des padawans refoul\u00e9s ? etc), le sc\u00e9nariste a choisi de ne pas exploiter cette piste, ce qui affiche mal l\u2019ensemble. D\u2019autant plus qu\u2019aucun des Inquisiteurs ne parviendra \u00e0 accomplir de v\u00e9ritable exploit, au point que Dark Vador lui-m\u00eame devra finir par s\u2019impliquer\u2026<\/p>\n<p align=\"justify\">Car pour faire briller les Inquisiteurs, Will Sliney va les opposer \u00e0 un Jedi en fuite, le nouveau-venu dans la licence Tensu Run. Et d\u00e9j\u00e0, \u00e7a commence mal\u00a0: entre Vador qui est utilis\u00e9 par le sc\u00e9nariste pour nous narrer un \u00e9pisode du pass\u00e9 du Jedi (Vador, donc l\u2019un des personnages de la saga le moins bavard qui joue le r\u00f4le d\u2019\u00e9l\u00e9ment d\u2019exposition\u2026) et le nom-m\u00eame du Jedi (bas\u00e9 sur l\u2019expression anglaise on the run, en fuite en bon fran\u00e7ais, \u00e7a va, vous l\u2019avez la symbolique de la chose?), le lecteur pourra commencer \u00e0 tiquer. Et lorsqu\u2019on voit Tensu Run r\u00e9ellement en action, il incarne \u00e0 la fois le Jedi type, celui qui refuse d\u2019\u00eatre un symbole mais qui l\u2019est tout de m\u00eame, blablabla, tout en mettant \u00e0 chaque fois les Inquisiteurs en d\u00e9route sans donner l\u2019impression de trop forcer, en t\u00e9moignent les affrontements contre le Cinqui\u00e8me Fr\u00e8re ou face au duo d\u2019Inquisitrices. Donc concr\u00e8tement, les Inquisiteurs n\u2019accomplissent rien seuls (\u00e0 l\u2019exception du Grand Inquisiteur face \u00e0 un Jedi quasi-invalide, il est beau l\u2019exploit !), pendant que Tensu Run leur balance des perles de sagesse Jedi. Alors le personnage a droit \u00e0 un casting secondaire autour de lui, mais ce casting est inutile, n\u2019est l\u00e0 que pour le mettre en avant, et Run est en lui-m\u00eame une coquille quasi-vide, n\u2019a pas de r\u00e9elle personnalit\u00e9, et pourtant Will Sliney tentera, lors de deux ou trois lignes de dialogue de sous-entendre peut-\u00eatre des choses qui ne seront pas reprises plus tard.<\/p>\n<p align=\"justify\">Sans compter les coupures d\u2019\u00e9pisode qui sont bien maladroites, et une conclusion que l\u2019on voit venir \u00e0 des kilom\u00e8tres d\u00e8s que Vador entre en sc\u00e8ne. Non, d\u00e9cid\u00e9ment, les Inquisiteurs ne ressortent pas grandis de ce r\u00e9cit&#8230;<\/p>\n<p align=\"justify\">\u00a0<\/p>\n<p align=\"justify\"><b>Dessins : R\u00e9ussis, mais le casting \u00e9tait-il le bon ?<\/b><\/p>\n<p align=\"justify\">Ramon Rosanas n\u2019est pas un nouveau venu dans la licence, lui qui a d\u00e9j\u00e0 notamment \u0153uvr\u00e9 sur les s\u00e9ries <a href=\"https:\/\/www.starwars-universe.com\/livre-serie-226-star-wars-2020.html\" target=\"_blank\" rel=\"noopener\">Star Wars<\/a> ou <a href=\"https:\/\/www.starwars-universe.com\/livre-serie-224-l-ere-de-la-resistance.html\" target=\"_blank\" rel=\"noopener\">L&rsquo;\u00e8re de la R\u00e9sistance<\/a>. En l\u2019\u00e9tat, sa prestation n\u2019a rien de d\u00e9shonorante, et si le design de Tensu Run restera peu marquant (pensez au Trunks du futur de Dragon Ball, et vous ne serez pas tr\u00e8s loin) la mini-s\u00e9rie dispose de dessins r\u00e9ussis bien qu\u2019un peu fig\u00e9s, un d\u00e9faut r\u00e9current sur la licence avec Marvel, et soutenu par une colorisation de Guru-eFX valorisante pour le dessinateur. Mais ces qualit\u00e9s sont, ici, presque des d\u00e9fauts : en effet, avec des dessins statiques, les affrontements r\u00e9guliers au sabre-laser peinent \u00e0 retranscrire le dynamisme n\u00e9cessaire \u00e0 cr\u00e9dibiliser l\u2019action, et la colorisation excessive att\u00e9nue presque la violence intrins\u00e8que que l\u2019on attendait d\u2019un tel titre.<\/p>\n<p align=\"justify\">D\u2019o\u00f9 ma question\u00a0: Ramon Rosanas \u00e9tait-il le bon choix\u00a0? Cette mini-s\u00e9rie n\u2019aurait-elle pas \u00e9t\u00e9 l\u2019occasion de tenter quelque chose de plus ambitieux, de plus affirm\u00e9 au niveau des dessins, avec pourquoi pas une mise en sc\u00e8ne davantage horrifique, une colorisation plus nuanc\u00e9e\u00a0? Le but est-il ici, par le visuel, de d\u00e9dramatiser le r\u00e9cit que l\u2019on lit\u2026 alors m\u00eame que le r\u00e9cit en question peine \u00e0 imposer un r\u00e9el sentiment de menace\u00a0?<\/p>\n<p align=\"justify\">\u00a0<\/p>\n<p align=\"justify\"><b>Conclusion<\/b><\/p>\n<p align=\"justify\">Difficile de se satisfaire d\u2019un tel r\u00e9cit, Marvel ayant sembl\u00e9 vis\u00e9 une m\u00e9diocrit\u00e9 g\u00e9n\u00e9rale sur ce titre, qui aurait du proposer quelque fort de plus fort, de plus ambitieux, de plus audacieux, tant graphiquement que sc\u00e9naristiquement. Et si aux crayons Ramon Rosanas donne tout ce qu\u2019il peut, le sc\u00e9nario de Will Sliney se prend les pieds dans le tapis en proposant un r\u00e9cit qui d\u00e9cr\u00e9dibilise presque l\u2019<a href=\"https:\/\/www.starwars-universe.com\/organisation-682-inquisitorius.html\" class=\"qtip_motcle\" tt_type=\"organisation\" tt_id=\"682\" tabindex=\"0\" target=\"_blank\" rel=\"noopener\">Inquisitorius<\/a>, sans d\u00e9velopper aucun de ses membres et en proposant un Jedi hyper talentueux mais manquant de charisme. Dire que, exemple pris au hasard, un certain Quinlan Vos a pourtant surv\u00e9cu \u00e0 l\u2019Ordre 66&#8230;<\/p>\n<p align=\"justify\">\u00a0<\/p>\n<p align=\"justify\"><b>Note\u00a0: 50\u00a0%<\/b><\/p>\n<p align=\"justify\">\u00a0<\/p>\n<p align=\"justify\">Pour rappel, suite \u00e0 sa pr\u00e9publication dans les tomes 2, 3 et 4 du softcover <b>Bounty Hunters &amp; Inquisitors<\/b>, l\u2019\u00e9diteur Panini Comics propose d\u00e9but le 3 juillet un tome en librairie reprenant l\u2019int\u00e9grale, une nouvelle occasion pour vous de mettre (ou pas) la main sur ce titre\u00a0!<\/p>\n<p align=\"justify\">\u00a0<\/p>\n<p align=\"justify\">Dans l\u2019attente, si vous l\u2019avez d\u00e9j\u00e0 lue, n\u2019h\u00e9sitez pas \u00e0 venir nous dire ce que vous avez pens\u00e9 de votre lecture, soit en vous rendant <a href=\"https:\/\/www.starwars-universe.com\/livre-3128-inquisitors.html\" target=\"_blank\" rel=\"noopener\">sur la fiche du r\u00e9cit<\/a>, <a href=\"https:\/\/www.starwars-universe.com\/forum\/viewtopic.php?t=23920\" target=\"_blank\" rel=\"noopener\">sur le sujet du forum qui est d\u00e9di\u00e9 \u00e0 cette mini-s\u00e9rie<\/a> ou bien sur notre serveur Discord.<\/p>\n<p align=\"justify\">Et \u00e0 bient\u00f4t pour une prochaine ActuaLitt\u00e9\u00a0!\u00a0\ud83d\ude09<\/p>\n","protected":false},"excerpt":{"rendered":"Bonjour \u00e0 tous, Les Inquisiteurs ont r\u00e9cemment eu droit \u00e0 leur moment de gloire dans la licence\u00a0: depuis&hellip;\n","protected":false},"author":2,"featured_media":453587,"comment_status":"","ping_status":"","sticky":false,"template":"","format":"standard","meta":{"footnotes":""},"categories":[1354],"tags":[1573,1519,1548,11,1557,1505,1501,1571,1545,1525,1497,1488,19247,1523,1543,59015,1524,1510,1511,58,1555,1574,1495,1496,1494,59,1564,1565,1566,1567,1568,1569,1558,1559,1560,1561,1562,1563,1500,1346,1547,1011,27,1538,1492,1487,1549,1544,1526,1532,1553,1520,1552,1508,1577,1576,1499,1503,1529,1351,1493,1537,1531,1535,1533,1530,1541,1540,1534,1502,1517,1551,1512,1360,1522,1550,1507,1504,1515,1518,1509,1556,1575,1572,1539,1528,1004,521,1554,1506,1536,974,1480,1542,1481,1484,1486,1485,1521,1489,1490,1498,1570,1491,1483,1514,1513,1482,1546,1527,1516],"class_list":{"0":"post-466354","1":"post","2":"type-post","3":"status-publish","4":"format-standard","5":"has-post-thumbnail","7":"category-films","8":"tag-a-new-hope","9":"tag-ackbar","10":"tag-activision","11":"tag-actualites","12":"tag-alliance","13":"tag-amidala","14":"tag-anakin","15":"tag-attack-of-the-clones","16":"tag-attakus","17":"tag-bespin","18":"tag-chronologie","19":"tag-clone-wars","20":"tag-comics","21":"tag-coruscant","22":"tag-courleciel","23":"tag-critique-de-la-mini-srie-inquisitors","24":"tag-dagobah","25":"tag-dark","26":"tag-darth","27":"tag-divertissement","28":"tag-empire","29":"tag-empire-strikes-back","30":"tag-encyclopaedia","31":"tag-encyclopedia","32":"tag-encyclopedie","33":"tag-entertainment","34":"tag-episode-1","35":"tag-episode-2","36":"tag-episode-3","37":"tag-episode-4","38":"tag-episode-5","39":"tag-episode-6","40":"tag-episode-i","41":"tag-episode-ii","42":"tag-episode-iii","43":"tag-episode-iv","44":"tag-episode-v","45":"tag-episode-vi","46":"tag-fate-of-the-jedi","47":"tag-films","48":"tag-fleuve-noir","49":"tag-fr","50":"tag-france","51":"tag-george","52":"tag-guerre-des-clones","53":"tag-guerre-des-etoiles","54":"tag-harisson-ford","55":"tag-hasbro","56":"tag-hoth","57":"tag-ilm","58":"tag-jedi","59":"tag-kamino","60":"tag-kenny-baker","61":"tag-kenobi","62":"tag-l","63":"tag-la-menace-fantome","64":"tag-legacy-of-the-force","65":"tag-leia","66":"tag-lightsaber","67":"tag-litterature","68":"tag-live-serie","69":"tag-lucas","70":"tag-lucasarts","71":"tag-lucasbooks","72":"tag-lucasdigital","73":"tag-lucasfilm","74":"tag-lucasfilm-magazine","75":"tag-lucasmag","76":"tag-lucasonline","77":"tag-luke","78":"tag-mace-windu","79":"tag-mark-hamill","80":"tag-maul","81":"tag-movies","82":"tag-naboo","83":"tag-natalie-portman","84":"tag-obi-wan","85":"tag-padme","86":"tag-palpatine","87":"tag-piett","88":"tag-qui-gon-jinn","89":"tag-rebellion","90":"tag-return-of-the-jedi","91":"tag-revenge-of-the-sith","92":"tag-rick-mc-callum","93":"tag-sabre-laser","94":"tag-senat","95":"tag-serie","96":"tag-sith","97":"tag-skywalker","98":"tag-skywalker-ranch","99":"tag-star","100":"tag-star-wars","101":"tag-star-wars-magazine","102":"tag-starwars","103":"tag-starwars-universe","104":"tag-swoo","105":"tag-swu","106":"tag-tatooine","107":"tag-the-clone-wars","108":"tag-the-force-unleashed","109":"tag-the-old-republic","110":"tag-the-phantom-menace","111":"tag-univers-etendu","112":"tag-universe","113":"tag-vader","114":"tag-vador","115":"tag-wars","116":"tag-wizard","117":"tag-yavin","118":"tag-yoda"},"share_on_mastodon":{"url":"","error":"Validation failed: Text character limit of 500 exceeded"},"_links":{"self":[{"href":"https:\/\/www.europesays.com\/fr\/wp-json\/wp\/v2\/posts\/466354","targetHints":{"allow":["GET"]}}],"collection":[{"href":"https:\/\/www.europesays.com\/fr\/wp-json\/wp\/v2\/posts"}],"about":[{"href":"https:\/\/www.europesays.com\/fr\/wp-json\/wp\/v2\/types\/post"}],"author":[{"embeddable":true,"href":"https:\/\/www.europesays.com\/fr\/wp-json\/wp\/v2\/users\/2"}],"replies":[{"embeddable":true,"href":"https:\/\/www.europesays.com\/fr\/wp-json\/wp\/v2\/comments?post=466354"}],"version-history":[{"count":0,"href":"https:\/\/www.europesays.com\/fr\/wp-json\/wp\/v2\/posts\/466354\/revisions"}],"wp:featuredmedia":[{"embeddable":true,"href":"https:\/\/www.europesays.com\/fr\/wp-json\/wp\/v2\/media\/453587"}],"wp:attachment":[{"href":"https:\/\/www.europesays.com\/fr\/wp-json\/wp\/v2\/media?parent=466354"}],"wp:term":[{"taxonomy":"category","embeddable":true,"href":"https:\/\/www.europesays.com\/fr\/wp-json\/wp\/v2\/categories?post=466354"},{"taxonomy":"post_tag","embeddable":true,"href":"https:\/\/www.europesays.com\/fr\/wp-json\/wp\/v2\/tags?post=466354"}],"curies":[{"name":"wp","href":"https:\/\/api.w.org\/{rel}","templated":true}]}}