{"id":466357,"date":"2025-10-16T02:35:20","date_gmt":"2025-10-16T02:35:20","guid":{"rendered":"https:\/\/www.europesays.com\/fr\/466357\/"},"modified":"2025-10-16T02:35:20","modified_gmt":"2025-10-16T02:35:20","slug":"dans-the-morning-show-gerard-depardieu-cible-par-un-echange-piquant-qui-risque-de-faire-reagir","status":"publish","type":"post","link":"https:\/\/www.europesays.com\/fr\/466357\/","title":{"rendered":"Dans \u00ab\u00a0The Morning Show\u00a0\u00bb, G\u00e9rard Depardieu cibl\u00e9 par un \u00e9change piquant qui risque de faire r\u00e9agir"},"content":{"rendered":"<p>        <img decoding=\"async\" loading=\"lazy\" src=\"https:\/\/www.europesays.com\/fr\/wp-content\/uploads\/2025\/10\/a9bce3e_1658614073833-5d678e813c00003300478031.jpeg\"  width=\"728\" height=\"410\" alt=\"Jennifer Aniston est Alex Levy dans \u00ab\u00a0The Morning Show\u00a0\u00bb.\"\/>  <\/p>\n<p>Apple TV+<\/p>\n<p>Jennifer Aniston est Alex Levy dans \u00ab\u00a0The Morning Show\u00a0\u00bb.<\/p>\n<p class=\"asset asset-text\">S\u00c9RIES \u2013 On ne s\u2019y attendait pas, mais alors pas du tout. Apple TV+ a d\u00e9but\u00e9 en septembre la diffusion de la <a href=\"https:\/\/www.huffingtonpost.fr\/culture\/article\/the-morning-show-revient-avec-marion-cotillard-et-plusieurs-clins-d-il-qui-feront-rire-les-francais_254841.html\" target=\"_blank\" rel=\"noopener\">saison 4\u00a0de The Morning Show<\/a>. La s\u00e9rie, qui accueille cette ann\u00e9e au casting <a href=\"https:\/\/www.huffingtonpost.fr\/medias\/article\/marion-cotillard-au-jt-de-20h-cette-question-de-lea-salame-a-embarrasse-l-actrice-mais-pas-seulement_254872.html\" target=\"_blank\" rel=\"noopener\">l\u2019actrice fran\u00e7aise Marion Cotillard<\/a>, \u00e9voque r\u00e9guli\u00e8rement l\u2019actualit\u00e9 am\u00e9ricaine et internationale. Dans une s\u00e9quence, elle fait m\u00eame r\u00e9f\u00e9rence \u00e0 <a href=\"https:\/\/www.huffingtonpost.fr\/justice\/video\/a-son-proces-pour-agression-sexuelle-gerard-depardieu-condamne-les-methodes-de-sa-defense-aussi_249948.html\" target=\"_blank\" rel=\"noopener\">G\u00e9rard Depardieu, condamn\u00e9 pour agression sexuelle<\/a> en mai.<\/p>\n<p class=\"asset asset-text\">Le 17\u00a0septembre, les abonn\u00e9s ont retrouv\u00e9 Alex, Bradley, Mia, Cory, Stella ou encore Chip, et d\u00e9couvert C\u00e9line, dans cette nouvelle saison. Apr\u00e8s le mouvement MeToo, le Covid, les \u00e9lections am\u00e9ricaines ou encore l\u2019invasion du Capitole, les \u00e9pisodes ont pour toile de fond la pr\u00e9paration des Jeux olympiques de Paris de 2024\u00a0au sein de la cha\u00eene d\u2019info UBA-NBN. Forc\u00e9ment, cette saison \u00e9tant tourn\u00e9e vers l\u2019\u00e9v\u00e8nement parisien, plusieurs r\u00e9f\u00e9rences \u00e0 la France sont faites, comme la qualit\u00e9 de l\u2019eau de la Seine et la baignade dans le fleuve.<\/p>\n<p class=\"asset asset-text\">Dans le 5e \u00e9pisode mis en ligne ce mercredi 15\u00a0octobre, ce n\u2019est pas un \u00e9v\u00e8nement li\u00e9 aux JO de Paris 2024\u00a0mais l\u2019affaire G\u00e9rard Depardieu qui est bri\u00e8vement \u00e9voqu\u00e9e. Bradley (Reese Witherspoon) et Chris (Nicole Beharie) sont en direct sur le plateau de l\u2019\u00e9mission matinale et \u00e9voquent le d\u00e9part prochain de cette derni\u00e8re, ancienne athl\u00e8te devenue pr\u00e9sentatrice dans la ville lumi\u00e8re. Elle y pr\u00e9sente ses indispensables de voyage\u00a0: ses chaussons chauffants mais aussi son spray anti-agression.<\/p>\n<p>         <img decoding=\"async\" loading=\"lazy\" src=\"https:\/\/www.europesays.com\/fr\/wp-content\/uploads\/2025\/10\/18050e5_upload-1-tka8lc8rqite-tms.jpg\"  width=\"728\" height=\"410\" alt=\"\u00ab\u00a0The Morning Show\u00a0\u00bb a fait r\u00e9f\u00e9rence \u00e0 l\u2019affaire G\u00e9rard Depardieu dans l\u2019\u00e9pisode 5\u00a0de la saison 4.\"\/>  <\/p>\n<p>AppleTV+<\/p>\n<p>\u00ab\u00a0The Morning Show\u00a0\u00bb a fait r\u00e9f\u00e9rence \u00e0 l\u2019affaire G\u00e9rard Depardieu dans l\u2019\u00e9pisode 5\u00a0de la saison 4.<\/p>\n<p class=\"asset asset-text\">\u00ab\u00a0Je l\u2019ai toujours sur moi quand je cours. Et \u00e0 Paris je serai forc\u00e9ment un peu plus lente, apr\u00e8s trois croissants. Il faut rester en s\u00e9curit\u00e9. Et quand on court avec des \u00e9couteurs, on ne sait jamais qui est derri\u00e8re soi\u00a0\u00bb, commence la journaliste. \u00ab\u00a0Cela pourrait \u00eatre un mime, cela pourrait \u00eatre Gaston [le m\u00e9chant de La Belle et la B\u00eate, ndlr] ou m\u00eame G\u00e9rard Depardieu\u00a0\u00bb, continue Chris. \u00ab\u00a0Oh mon Dieu. C\u2019est clairement difficile de d\u00e9passer le patriarcat, mais je pense que tu peux battre G\u00e9rard\u00a0\u00bb, ironise alors Bradley en riant.<\/p>\n<p class=\"asset asset-text\">La s\u00e9rie a \u00e9t\u00e9 tourn\u00e9e entre juillet et d\u00e9cembre\u00a02024. G\u00e9rard Depardieu n\u2019avait alors pas encore \u00e9t\u00e9 condamn\u00e9 pour agression sexuelle. Il avait cependant d\u00e9j\u00e0 \u00e9t\u00e9 mis en examen.<\/p>\n<p class=\"asset asset-text\">Apple TV+ met en ligne un \u00e9pisode par semaine pour les abonn\u00e9s du monde entier. Le timing de diffusion de l\u2019\u00e9pisode n\u2019\u00e9tait \u00e9videmment pas calcul\u00e9, mais il tombe \u00e0 un moment particulier. L\u2019acteur fait en effet \u00e0 nouveau la Une de l\u2019actualit\u00e9, depuis d\u00e9but octobre, en raison de son proc\u00e8s <a href=\"https:\/\/www.huffingtonpost.fr\/justice\/article\/les-avocats-de-depardieu-font-appel-au-cinema-pour-justifier-les-images-de-complement-d-enquete_255523.html\" target=\"_blank\" rel=\"noopener\">contre les \u00e9quipes de l\u2019\u00e9mission Compl\u00e9ment d\u2019Enqu\u00eate<\/a> qu\u2019il accuse d\u2019avoir manipul\u00e9 des images tourn\u00e9es en Cor\u00e9e du Nord, dans lesquelles il multiplie les propos sexistes. Le com\u00e9dien sera par ailleurs prochainement renvoy\u00e9 devant la cour d\u2019assises de Paris dans le cadre de son proc\u00e8s pour viols contre la com\u00e9dienne Charlotte Arnould.<\/p>\n","protected":false},"excerpt":{"rendered":"Apple TV+ Jennifer Aniston est Alex Levy dans \u00ab\u00a0The Morning Show\u00a0\u00bb. S\u00c9RIES \u2013 On ne s\u2019y attendait pas,&hellip;\n","protected":false},"author":2,"featured_media":466358,"comment_status":"","ping_status":"","sticky":false,"template":"","format":"standard","meta":{"footnotes":""},"categories":[8],"tags":[519,251,58,59,1011,27,302,51798,595],"class_list":{"0":"post-466357","1":"post","2":"type-post","3":"status-publish","4":"format-standard","5":"has-post-thumbnail","7":"category-divertissement","8":"tag-apple-tv","9":"tag-culture","10":"tag-divertissement","11":"tag-entertainment","12":"tag-fr","13":"tag-france","14":"tag-gerard-depardieu","15":"tag-reese-witherspoon","16":"tag-serie-tv"},"share_on_mastodon":{"url":"https:\/\/pubeurope.com\/@fr\/115381516927661335","error":""},"_links":{"self":[{"href":"https:\/\/www.europesays.com\/fr\/wp-json\/wp\/v2\/posts\/466357","targetHints":{"allow":["GET"]}}],"collection":[{"href":"https:\/\/www.europesays.com\/fr\/wp-json\/wp\/v2\/posts"}],"about":[{"href":"https:\/\/www.europesays.com\/fr\/wp-json\/wp\/v2\/types\/post"}],"author":[{"embeddable":true,"href":"https:\/\/www.europesays.com\/fr\/wp-json\/wp\/v2\/users\/2"}],"replies":[{"embeddable":true,"href":"https:\/\/www.europesays.com\/fr\/wp-json\/wp\/v2\/comments?post=466357"}],"version-history":[{"count":0,"href":"https:\/\/www.europesays.com\/fr\/wp-json\/wp\/v2\/posts\/466357\/revisions"}],"wp:featuredmedia":[{"embeddable":true,"href":"https:\/\/www.europesays.com\/fr\/wp-json\/wp\/v2\/media\/466358"}],"wp:attachment":[{"href":"https:\/\/www.europesays.com\/fr\/wp-json\/wp\/v2\/media?parent=466357"}],"wp:term":[{"taxonomy":"category","embeddable":true,"href":"https:\/\/www.europesays.com\/fr\/wp-json\/wp\/v2\/categories?post=466357"},{"taxonomy":"post_tag","embeddable":true,"href":"https:\/\/www.europesays.com\/fr\/wp-json\/wp\/v2\/tags?post=466357"}],"curies":[{"name":"wp","href":"https:\/\/api.w.org\/{rel}","templated":true}]}}