{"id":466361,"date":"2025-10-16T02:37:15","date_gmt":"2025-10-16T02:37:15","guid":{"rendered":"https:\/\/www.europesays.com\/fr\/466361\/"},"modified":"2025-10-16T02:37:15","modified_gmt":"2025-10-16T02:37:15","slug":"pourquoi-la-taxe-sur-les-holdings-est-un-retour-deguise-de-lisf-pour-les-concernes","status":"publish","type":"post","link":"https:\/\/www.europesays.com\/fr\/466361\/","title":{"rendered":"pourquoi la taxe sur les holdings est un retour \u00abd\u00e9guis\u00e9\u00bb de l\u2019ISF pour les concern\u00e9s"},"content":{"rendered":"<p>\n    <strong>D\u00c9CRYPTAGE &#8211; <\/strong>Dans le m\u00eame esprit que celui de la taxe Zucman, la mesure propos\u00e9e dans le budget par le gouvernement entend viser les plus fortun\u00e9s via le patrimoine des soci\u00e9t\u00e9s qu\u2019ils d\u00e9tiennent.<\/p>\n<p class=\"fig-paragraph\">Beaucoup d\u2019experts l\u2019affirment\u00a0: \u00ab\u00a0Un holding, en droit fran\u00e7ais, \u00e7a n\u2019existe pas.\u00a0\u00bb Effectivement, le nouveau dispositif mis en avant par le gouvernement dans son budget d\u00e9pos\u00e9 ce mardi vise un type d\u2019entreprise qui n\u2019a pas de d\u00e9finition formelle\u00a0:\u00a0<a href=\"http:\/\/www.lefigaro.fr\/conjoncture\/taxe-sur-les-holdings-contribution-sur-les-hauts-revenus-les-premieres-mesures-du-budget-lecornu-devoilees-20251014\" data-fig-type=\"NewsFlash\" data-gtm-custom-categorie=\"navigation\" data-gtm-custom-action=\"crossclick\" data-gtm-custom-label=\"Contextuel\" data-gtm-event=\"customEventSPE\" data-fig-domain=\"LEFIGARO\" target=\"_blank\" rel=\"noopener\">les holdings familiaux<\/a>. Concr\u00e8tement, l\u2019article\u00a03 du projet de loi de finances (PLF) &#8211; qui court sur cinq pages tant le dispositif est complexe &#8211; pr\u00e9voit de cr\u00e9er une taxe de 2\u00a0% sur \u00ab\u00a0les actifs non professionnels d\u00e9tenus par les soci\u00e9t\u00e9s ayant leur si\u00e8ge en France\u00a0\u00bb. Pour \u00eatre redevables de cette taxe, les entreprises doivent \u00eatre\u00a0<a href=\"http:\/\/www.lefigaro.fr\/conjoncture\/budget-2026-quelles-sont-les-23-niches-fiscales-que-le-gouvernement-veut-supprimer-20251015\" target=\"_blank\" data-fig-type=\"NewsFlash\" rel=\"noopener\" data-gtm-custom-categorie=\"navigation\" data-gtm-custom-action=\"crossclick\" data-gtm-custom-label=\"Contextuel\" data-gtm-event=\"customEventSPE\" data-fig-domain=\"LEFIGARO\">valoris\u00e9es \u00e0 plus de 5 millions d\u2019euros<\/a>, une personne ou une famille doivent en d\u00e9tenir 33\u00a0%, et leurs revenus doivent majoritairement \u00eatre des revenus financiers (dividendes, plus-values\u2026).<\/p>\n<p class=\"fig-paragraph\">Selon le PLF\u00a02026, ce nouvel imp\u00f4t vise \u00e0 \u00ab\u00a0assurer une juste contribution des personnes les plus fortun\u00e9es qui recourent \u00e0 ce type de montage\u00a0\u00bb pour \u00ab\u00a0\u00e9chapper \u00e0 l\u2019imp\u00f4t\u00a0\u00bb. En effet, les propri\u00e9taires\u2026<\/p>\n<p class=\"fig-premium-paywall__infos\">\n        Cet article est r\u00e9serv\u00e9 aux abonn\u00e9s.        Il vous reste 81% \u00e0 d\u00e9couvrir.\n    <\/p>\n<p>                <img  data- alt=\"Le Figaro\" class=\"fig-img--complete fig-img\"\/><\/p>\n<p class=\"fig-premium-paywall__title\">Vous avez envie de lire la suite ?<\/p>\n<p class=\"fig-premium-paywall__subtitle\">D\u00e9bloquez tous les articles imm\u00e9diatement.<\/p>\n<p class=\"fig-premium-paywall__connect\">\n                D\u00e9j\u00e0 abonn\u00e9\u00a0?                <a class=\"fig-premium-paywall__connect-link\" href=\"https:\/\/connect.lefigaro.fr\/login?client=horizon_web&amp;type=main&amp;redirect_uri=https%3A%2F%2Fwww.lefigaro.fr%2Fconjoncture%2Fbudget-2026-pourquoi-la-taxe-sur-les-holdings-est-un-retour-deguise-de-l-isf-pour-les-concernes-20251015\" data-js-gtm=\"{&quot;customCategorie&quot;: &quot;conversion&quot;, &quot;customAction&quot;: &quot;before_Landing_Connexion_paywall_auto&quot;, &quot;customLabel&quot;: &quot;bGVmaWdhcm8uZnJfXzFmMGE5YmE0LWZkMzEtNmJmMi1hODEwLTY3MmE1MTQ1MWM4MV9fQXJ0aWNsZQ==_Budget 2026\u00a0: pourquoi la taxe sur les holdings est un retour \u00abd\u00e9guis\u00e9\u00bb de l\u2019ISF pour les concern\u00e9s_205&quot;, &quot;customIDSPE&quot;: &quot;bGVmaWdhcm8uZnJfXzFmMGE5YmE0LWZkMzEtNmJmMi1hODEwLTY3MmE1MTQ1MWM4MV9fQXJ0aWNsZQ==&quot;, &quot;event&quot;: &quot;customEventSPE&quot;}\" target=\"_blank\" rel=\"noopener\"><br \/>\n                    Connectez-vous<br \/>\n                <\/a>\n            <\/p>\n","protected":false},"excerpt":{"rendered":"D\u00c9CRYPTAGE &#8211; Dans le m\u00eame esprit que celui de la taxe Zucman, la mesure propos\u00e9e dans le budget&hellip;\n","protected":false},"author":2,"featured_media":466362,"comment_status":"","ping_status":"","sticky":false,"template":"","format":"standard","meta":{"footnotes":""},"categories":[6],"tags":[35,33,34,6329,1011,27,54597,2551],"class_list":{"0":"post-466361","1":"post","2":"type-post","3":"status-publish","4":"format-standard","5":"has-post-thumbnail","7":"category-economie","8":"tag-business","9":"tag-economie","10":"tag-economy","11":"tag-finances-publiques","12":"tag-fr","13":"tag-france","14":"tag-isf","15":"tag-patrimoine"},"share_on_mastodon":{"url":"https:\/\/pubeurope.com\/@fr\/115381524739254915","error":""},"_links":{"self":[{"href":"https:\/\/www.europesays.com\/fr\/wp-json\/wp\/v2\/posts\/466361","targetHints":{"allow":["GET"]}}],"collection":[{"href":"https:\/\/www.europesays.com\/fr\/wp-json\/wp\/v2\/posts"}],"about":[{"href":"https:\/\/www.europesays.com\/fr\/wp-json\/wp\/v2\/types\/post"}],"author":[{"embeddable":true,"href":"https:\/\/www.europesays.com\/fr\/wp-json\/wp\/v2\/users\/2"}],"replies":[{"embeddable":true,"href":"https:\/\/www.europesays.com\/fr\/wp-json\/wp\/v2\/comments?post=466361"}],"version-history":[{"count":0,"href":"https:\/\/www.europesays.com\/fr\/wp-json\/wp\/v2\/posts\/466361\/revisions"}],"wp:featuredmedia":[{"embeddable":true,"href":"https:\/\/www.europesays.com\/fr\/wp-json\/wp\/v2\/media\/466362"}],"wp:attachment":[{"href":"https:\/\/www.europesays.com\/fr\/wp-json\/wp\/v2\/media?parent=466361"}],"wp:term":[{"taxonomy":"category","embeddable":true,"href":"https:\/\/www.europesays.com\/fr\/wp-json\/wp\/v2\/categories?post=466361"},{"taxonomy":"post_tag","embeddable":true,"href":"https:\/\/www.europesays.com\/fr\/wp-json\/wp\/v2\/tags?post=466361"}],"curies":[{"name":"wp","href":"https:\/\/api.w.org\/{rel}","templated":true}]}}