{"id":466365,"date":"2025-10-16T02:39:11","date_gmt":"2025-10-16T02:39:11","guid":{"rendered":"https:\/\/www.europesays.com\/fr\/466365\/"},"modified":"2025-10-16T02:39:11","modified_gmt":"2025-10-16T02:39:11","slug":"michel-fournier-a-appris-sa-nomination-au-gouvernement-devant-sa-television","status":"publish","type":"post","link":"https:\/\/www.europesays.com\/fr\/466365\/","title":{"rendered":"Michel Fournier a appris sa nomination au gouvernement devant sa t\u00e9l\u00e9vision"},"content":{"rendered":"<p>\n    Le nouveau ministre d\u00e9l\u00e9gu\u00e9 charg\u00e9 de la ruralit\u00e9 raconte avoir d\u00e9couvert sa nomination dimanche soir en regardant la t\u00e9l\u00e9vision, deux jours apr\u00e8s une simple \u00abdiscussion\u00bb avec S\u00e9bastien Lecornu.<\/p>\n<p class=\"fig-paragraph\"><a href=\"http:\/\/www.lefigaro.fr\/politique\/nunez-a-l-interieur-farandou-au-travail-vautrin-aux-armees-decouvrez-les-ministres-du-gouvernement-lecornu-2-20251012\" target=\"_blank\" data-fig-type=\"NewsFlash\" rel=\"noopener\" data-gtm-custom-categorie=\"navigation\" data-gtm-custom-action=\"crossclick\" data-gtm-custom-label=\"Contextuel\" data-gtm-event=\"customEventSPE\" data-fig-domain=\"LEFIGARO\">Michel Fournier<\/a>\u00a0regardait la t\u00e9l\u00e9vision dimanche soir quand il a d\u00e9couvert qu\u2019il faisait partie du nouveau gouvernement. Le ministre d\u00e9l\u00e9gu\u00e9 charg\u00e9 de la ruralit\u00e9 a racont\u00e9\u00a0<a href=\"https:\/\/www.bfmtv.com\/politique\/gouvernement\/bah-voila-la-reaction-de-michel-fournier-qui-apprend-son-entree-au-gouvernement-devant-sa-television_AV-202510150941.html\" target=\"_blank\" rel=\"sponsored noopener\" data-gtm-custom-categorie=\"navigation\" data-gtm-custom-action=\"crossclick\" data-gtm-custom-label=\"Contextuel\" data-gtm-event=\"customEventSPE\">\u00e0 BFMTV<\/a>\u00a0cette nomination surprise, survenue deux jours apr\u00e8s avoir \u00abdiscut\u00e9\u00bb avec S\u00e9bastien Lecornu, sans que ce dernier ne lui confirme officiellement son entr\u00e9e au sein de l\u2019ex\u00e9cutif.<\/p>\n<p class=\"fig-paragraph\">\u00abBah voil\u00e0\u00bb, l\u00e2che-t-il laconiquement au micro de BFMTV pour d\u00e9crire sa r\u00e9action. Puis d\u2019ironiser, en riant\u00a0: \u00abMa femme \u00e9tait tr\u00e8s int\u00e9ress\u00e9e car elle regardait un film sur une autre t\u00e9l\u00e9.\u00bb\u00a0<\/p>\n<p>                                    <a class=\"fig-a11y-skip a11y-hidden\" href=\"#fig-a11y-skip-main-inarticle\"><br \/>\n        Passer la publicit\u00e9<br \/>\n    <\/a><\/p>\n<p class=\"fig-paragraph\">Michel Fournier \u00e9tait jusqu\u2019alors maire des Voivres, un village de moins de 300 habitants dans les Vosges. \u00c9galement pr\u00e9sident depuis 2020 de l\u2019association des maires ruraux de France (AMRF), qui r\u00e9unit pr\u00e8s de 13.500 communes, il remplace Fran\u00e7oise Gatel, devenue la nouvelle ministre de l\u2019am\u00e9nagement du territoire et de la d\u00e9centralisation.<\/p>\n<p>\u00abIl me faudra un petit peu respirer\u00bb<\/p>\n<p class=\"fig-paragraph\"><a href=\"https:\/\/www.vosgesmatin.fr\/videos\/les-toutes-premieres-reactions-du-nouveau-ministre-vosgien-michel-fournier-3x58vx3\" target=\"_blank\" rel=\"sponsored noopener\" data-gtm-custom-categorie=\"navigation\" data-gtm-custom-action=\"crossclick\" data-gtm-custom-label=\"Contextuel\" data-gtm-event=\"customEventSPE\">\u00c0 Vosges Matin<\/a>, Michel Fournier revient sur sa nomination. Il confie avoir \u00ab\u00e9t\u00e9 plus surpris d\u2019\u00eatre maire des Voivres que ministre\u00bb. Mais il ajoute \u00eatre interpell\u00e9 par \u00abl\u2019emploi du temps\u00bb qui lui est impos\u00e9\u00a0: \u00abJ\u2019ai l\u2019impression que quelque chose m\u2019\u00e9chappe un peu.\u00bb<\/p>\n<p class=\"fig-paragraph\">Le protocole qui entoure sa nouvelle fonction semble \u00e9galement le d\u00e9concerter. \u00abLes gens sont tr\u00e8s gentils, tr\u00e8s simples. Mais\u00a0: \u00ab\u00a0Bonjour monsieur le ministre\u00a0\u00bb, je l\u2019entends 40 fois, 50 fois par jour. Il y a toute une pratique qui peut interpeller. C\u2019est peut-\u00eatre maladroit de dire \u00e7a mais je trouve que c\u2019est un peu excessif\u00bb, raconte l\u2019\u00e9lu vosgien quelques jours apr\u00e8s son entr\u00e9e en fonction. Au passage, il avoue que \u00abla vie \u00e0 Paris ou travailler \u00e0 Paris ne [l]\u2019a jamais attir\u00e9\u00bb. Ni la vie de bureaucrate d\u2019ailleurs. \u00abTout \u00e0 l\u2019heure, au S\u00e9nat, j\u2019ai \u00e9t\u00e9 me mettre assis sous des arbres en attendant d\u2019entrer au S\u00e9nat. Parce que voil\u00e0, \u00e0 un moment donn\u00e9, je ne peux pas rester, moi, de bureau en bureau. Il me faudra un petit peu respirer, \u00e7a c\u2019est clair.\u00bb<\/p>\n","protected":false},"excerpt":{"rendered":"Le nouveau ministre d\u00e9l\u00e9gu\u00e9 charg\u00e9 de la ruralit\u00e9 raconte avoir d\u00e9couvert sa nomination dimanche soir en regardant la&hellip;\n","protected":false},"author":2,"featured_media":466366,"comment_status":"","ping_status":"","sticky":false,"template":"","format":"standard","meta":{"footnotes":""},"categories":[4],"tags":[11,1011,27,418,12,25],"class_list":{"0":"post-466365","1":"post","2":"type-post","3":"status-publish","4":"format-standard","5":"has-post-thumbnail","7":"category-france","8":"tag-actualites","9":"tag-fr","10":"tag-france","11":"tag-gouvernement","12":"tag-news","13":"tag-republique-francaise"},"share_on_mastodon":{"url":"https:\/\/pubeurope.com\/@fr\/115381532918458451","error":""},"_links":{"self":[{"href":"https:\/\/www.europesays.com\/fr\/wp-json\/wp\/v2\/posts\/466365","targetHints":{"allow":["GET"]}}],"collection":[{"href":"https:\/\/www.europesays.com\/fr\/wp-json\/wp\/v2\/posts"}],"about":[{"href":"https:\/\/www.europesays.com\/fr\/wp-json\/wp\/v2\/types\/post"}],"author":[{"embeddable":true,"href":"https:\/\/www.europesays.com\/fr\/wp-json\/wp\/v2\/users\/2"}],"replies":[{"embeddable":true,"href":"https:\/\/www.europesays.com\/fr\/wp-json\/wp\/v2\/comments?post=466365"}],"version-history":[{"count":0,"href":"https:\/\/www.europesays.com\/fr\/wp-json\/wp\/v2\/posts\/466365\/revisions"}],"wp:featuredmedia":[{"embeddable":true,"href":"https:\/\/www.europesays.com\/fr\/wp-json\/wp\/v2\/media\/466366"}],"wp:attachment":[{"href":"https:\/\/www.europesays.com\/fr\/wp-json\/wp\/v2\/media?parent=466365"}],"wp:term":[{"taxonomy":"category","embeddable":true,"href":"https:\/\/www.europesays.com\/fr\/wp-json\/wp\/v2\/categories?post=466365"},{"taxonomy":"post_tag","embeddable":true,"href":"https:\/\/www.europesays.com\/fr\/wp-json\/wp\/v2\/tags?post=466365"}],"curies":[{"name":"wp","href":"https:\/\/api.w.org\/{rel}","templated":true}]}}