{"id":466369,"date":"2025-10-16T02:41:13","date_gmt":"2025-10-16T02:41:13","guid":{"rendered":"https:\/\/www.europesays.com\/fr\/466369\/"},"modified":"2025-10-16T02:41:13","modified_gmt":"2025-10-16T02:41:13","slug":"les-championnats-de-france-se-joueront-a-st-etienne-avec-leon-marchand","status":"publish","type":"post","link":"https:\/\/www.europesays.com\/fr\/466369\/","title":{"rendered":"Les championnats de France se joueront \u00e0 St-Etienne, avec L\u00e9on Marchand ?"},"content":{"rendered":"\n<p>Esp\u00e9rons que L\u00e9on Marchand ne fasse pas l&rsquo;impasse cette fois. Forfait et dispens\u00e9 des championnats de France Elite cette ann\u00e9e, le champion olympique de 23 ans, qui s&rsquo;entraine aux Etats-Unis, pourrait venir nager \u00e0 Saint-Etienne cet \u00e9t\u00e9, s&rsquo;ils participent \u00e0 la comp\u00e9tition en 2026.<\/p>\n<p>La nouvelle vient d&rsquo;\u00eatre officialis\u00e9e par <a href=\"https:\/\/www.ffnatation.fr\/\" rel=\"noopener\" target=\"_blank\">la F\u00e9d\u00e9ration Fran\u00e7aise de Natation<\/a> : les prochains championnats de France Elite se d\u00e9rouleront dans la capitale de la Loire. La comp\u00e9tition aura lieu du samedi 27 juin au jeudi 2 juillet et elle est qualificative pour les futurs championnats d\u2019Europe.<\/p>\n<p>La piscine Raymond-Sommet, au parc Fran\u00e7ois Mitterrand, seul site \u00e0 b\u00e9n\u00e9ficier d&rsquo;un bassin \u00a0de 50 m\u00e8tres, a \u00e9t\u00e9 choisie pour accueillir les champions fran\u00e7ais.<\/p>\n","protected":false},"excerpt":{"rendered":"Esp\u00e9rons que L\u00e9on Marchand ne fasse pas l&rsquo;impasse cette fois. Forfait et dispens\u00e9 des championnats de France Elite&hellip;\n","protected":false},"author":2,"featured_media":466370,"comment_status":"","ping_status":"","sticky":false,"template":"","format":"standard","meta":{"footnotes":""},"categories":[9653],"tags":[1111,11,2430,3234,1777,674,1011,27,59016,3367,12394,5216,12,25,4001,2764],"class_list":{"0":"post-466369","1":"post","2":"type-post","3":"status-publish","4":"format-standard","5":"has-post-thumbnail","7":"category-saint-etienne","8":"tag-actu","9":"tag-actualites","10":"tag-auvergne-rhone-alpes","11":"tag-championnats","12":"tag-eu","13":"tag-europe","14":"tag-fr","15":"tag-france","16":"tag-leon_marchand","17":"tag-loire","18":"tag-nage","19":"tag-natation","20":"tag-news","21":"tag-republique-francaise","22":"tag-saint-etienne","23":"tag-sommet"},"share_on_mastodon":{"url":"https:\/\/pubeurope.com\/@fr\/115381540281547051","error":""},"_links":{"self":[{"href":"https:\/\/www.europesays.com\/fr\/wp-json\/wp\/v2\/posts\/466369","targetHints":{"allow":["GET"]}}],"collection":[{"href":"https:\/\/www.europesays.com\/fr\/wp-json\/wp\/v2\/posts"}],"about":[{"href":"https:\/\/www.europesays.com\/fr\/wp-json\/wp\/v2\/types\/post"}],"author":[{"embeddable":true,"href":"https:\/\/www.europesays.com\/fr\/wp-json\/wp\/v2\/users\/2"}],"replies":[{"embeddable":true,"href":"https:\/\/www.europesays.com\/fr\/wp-json\/wp\/v2\/comments?post=466369"}],"version-history":[{"count":0,"href":"https:\/\/www.europesays.com\/fr\/wp-json\/wp\/v2\/posts\/466369\/revisions"}],"wp:featuredmedia":[{"embeddable":true,"href":"https:\/\/www.europesays.com\/fr\/wp-json\/wp\/v2\/media\/466370"}],"wp:attachment":[{"href":"https:\/\/www.europesays.com\/fr\/wp-json\/wp\/v2\/media?parent=466369"}],"wp:term":[{"taxonomy":"category","embeddable":true,"href":"https:\/\/www.europesays.com\/fr\/wp-json\/wp\/v2\/categories?post=466369"},{"taxonomy":"post_tag","embeddable":true,"href":"https:\/\/www.europesays.com\/fr\/wp-json\/wp\/v2\/tags?post=466369"}],"curies":[{"name":"wp","href":"https:\/\/api.w.org\/{rel}","templated":true}]}}