{"id":466374,"date":"2025-10-16T02:44:18","date_gmt":"2025-10-16T02:44:18","guid":{"rendered":"https:\/\/www.europesays.com\/fr\/466374\/"},"modified":"2025-10-16T02:44:18","modified_gmt":"2025-10-16T02:44:18","slug":"ma-sudation-excessive-posait-probleme-un-employe-mcdo-vire-parce-quil-suait-trop-des-mains-2","status":"publish","type":"post","link":"https:\/\/www.europesays.com\/fr\/466374\/","title":{"rendered":"\u00ab\u00a0Ma sudation excessive posait probl\u00e8me\u00a0\u00bb\u2026 Un employ\u00e9 McDo vir\u00e9 parce qu\u2019il suait trop des mains"},"content":{"rendered":"<p>Maxime V. n\u2019effectuera pas sa carri\u00e8re chez <a href=\"https:\/\/www.20minutes.fr\/dossier\/mcdonald_s\" class=\"c-link c-link--is-underlined\" rel=\"nofollow noopener\" target=\"_blank\">McDonald\u2019s<\/a>. Le trentenaire croyait pourtant y rester un petit peu quand il a d\u00e9but\u00e9 au restaurant de Vand\u0153uvre, \u00e0 c\u00f4t\u00e9 de <a href=\"https:\/\/www.20minutes.fr\/dossier\/nancy\" class=\"c-link c-link--is-underlined\" rel=\"nofollow noopener\" target=\"_blank\">Nancy<\/a> (Meurthe-et-Moselle). Mais la cha\u00eene am\u00e9ricaine de <a href=\"https:\/\/www.20minutes.fr\/dossier\/fast-food\" class=\"c-link c-link--is-underlined\" rel=\"nofollow noopener\" target=\"_blank\">fast-food<\/a> l\u2019a remerci\u00e9 juste avant la fin de sa p\u00e9riode d\u2019essai.<\/p>\n<p>La raison\u00a0? \u00ab\u00a0Pour quelque chose que je ne ma\u00eetrise pas, ni ne contr\u00f4le et que je ne peux donc pas am\u00e9liorer\u00a0\u00bb, d\u00e9nonce l\u2019int\u00e9ress\u00e9 aupr\u00e8s de <a href=\"https:\/\/c.estrepublicain.fr\/sante\/2025\/10\/14\/remercie-par-mcdo-ils-m-ont-explique-que-ma-sudation-excessive-posait-probleme?login=1\" target=\"_blank\" class=\"c-link c-link--is-underlined\" rel=\"nofollow noopener\">L\u2019Est R\u00e9publicain<\/a>. Le Lorrain souffre en effet d\u2019<a href=\"https:\/\/www.20minutes.fr\/sante\/4046962-20230728-faire-injecter-botox-plus-transpirer-drole-idee\" class=\"c-link c-link--is-underlined\" rel=\"nofollow noopener\" target=\"_blank\">hyperhidrose<\/a> localis\u00e9e, ce qui signifie qu\u2019il transpire abondamment des mains. Pas id\u00e9al quand on travaille au grill et \u00e0 la garniture des hamburgers\u2026<\/p>\n<p>Travailler avec des gants\u00a0? Impossible selon McDo<\/p>\n<p>\u00ab\u00a0Tout se passait bien dans les premiers temps. Les retours \u00e9taient positifs, on me qualifiait de s\u00e9rieux et motiv\u00e9\u00a0\u00bb, pr\u00e9cise le jeune homme, qui a ensuite \u00e9t\u00e9 convoqu\u00e9 par ses managers. \u00ab\u00a0Ils m\u2019ont expliqu\u00e9 que <a href=\"https:\/\/www.20minutes.fr\/sciences\/4029792-20230327-exposition-transpiration-autres-peut-contribuer-limiter-anxiete-sociale\" class=\"c-link c-link--is-underlined\" rel=\"nofollow noopener\" target=\"_blank\">ma sudation excessive posait probl\u00e8me<\/a>. Ils m\u2019ont invit\u00e9 \u00e0 prendre rendez-vous avec la m\u00e9decine du travail.\u00a0\u00bb Jusqu\u2019\u00e0 une autre entrevue o\u00f9 sa fin de contrat lui a \u00e9t\u00e9 signifi\u00e9e. \u00ab\u00a0On n\u2019a pas retenu les solutions que j\u2019ai propos\u00e9es, \u00e0 savoir porter des gants, ce qui serait de toute fa\u00e7on plus hygi\u00e9nique, ou encore travailler \u00e0 d\u2019autres postes comme l\u2019encaissement\u00a0\u00bb, d\u00e9plore la victime.<\/p>\n<\/p>\n<p>De son c\u00f4t\u00e9, le McDonald\u2019s de Vand\u0153uvre a r\u00e9pondu au quotidien r\u00e9gional. \u00ab\u00a0L\u2019hygi\u00e8ne est primordiale. Pour ce qui est du port de gants, ce serait impossible chez nous. Nos salari\u00e9s sont amen\u00e9s \u00e0 tourner dans les postes de production. Notamment au grill. Or, rester coll\u00e9 au grill avec des gants provoquerait des br\u00fblures gravissimes\u00a0\u00bb, a indiqu\u00e9 un responsable. \u00ab\u00a0Son cas n\u2019est pas rare. Des dizaines d\u2019employ\u00e9s ne sont pas gard\u00e9es dans nos restaurants \u00e0 l\u2019issue de leur p\u00e9riode d\u2019essai, pour une raison ou une autre, tout simplement parce que \u00e7a ne colle pas.\u00a0\u00bb<\/p>\n","protected":false},"excerpt":{"rendered":"Maxime V. n\u2019effectuera pas sa carri\u00e8re chez McDonald\u2019s. Le trentenaire croyait pourtant y rester un petit peu quand&hellip;\n","protected":false},"author":2,"featured_media":466375,"comment_status":"","ping_status":"","sticky":false,"template":"","format":"standard","meta":{"footnotes":""},"categories":[9635],"tags":[1111,47,11,1777,674,16827,1011,27,775,33902,776,679,3457,1702,12,25,1340,59017,104],"class_list":{"0":"post-466374","1":"post","2":"type-post","3":"status-publish","4":"format-standard","5":"has-post-thumbnail","7":"category-nancy","8":"tag-actu","9":"tag-actualite","10":"tag-actualites","11":"tag-eu","12":"tag-europe","13":"tag-fast-food","14":"tag-fr","15":"tag-france","16":"tag-grand-est","17":"tag-hamburger","18":"tag-lorraine","19":"tag-mcdonalds","20":"tag-meurthe-et-moselle","21":"tag-nancy","22":"tag-news","23":"tag-republique-francaise","24":"tag-restaurant","25":"tag-sandwich","26":"tag-societe"},"share_on_mastodon":{"url":"https:\/\/pubeurope.com\/@fr\/115381552088727964","error":""},"_links":{"self":[{"href":"https:\/\/www.europesays.com\/fr\/wp-json\/wp\/v2\/posts\/466374","targetHints":{"allow":["GET"]}}],"collection":[{"href":"https:\/\/www.europesays.com\/fr\/wp-json\/wp\/v2\/posts"}],"about":[{"href":"https:\/\/www.europesays.com\/fr\/wp-json\/wp\/v2\/types\/post"}],"author":[{"embeddable":true,"href":"https:\/\/www.europesays.com\/fr\/wp-json\/wp\/v2\/users\/2"}],"replies":[{"embeddable":true,"href":"https:\/\/www.europesays.com\/fr\/wp-json\/wp\/v2\/comments?post=466374"}],"version-history":[{"count":0,"href":"https:\/\/www.europesays.com\/fr\/wp-json\/wp\/v2\/posts\/466374\/revisions"}],"wp:featuredmedia":[{"embeddable":true,"href":"https:\/\/www.europesays.com\/fr\/wp-json\/wp\/v2\/media\/466375"}],"wp:attachment":[{"href":"https:\/\/www.europesays.com\/fr\/wp-json\/wp\/v2\/media?parent=466374"}],"wp:term":[{"taxonomy":"category","embeddable":true,"href":"https:\/\/www.europesays.com\/fr\/wp-json\/wp\/v2\/categories?post=466374"},{"taxonomy":"post_tag","embeddable":true,"href":"https:\/\/www.europesays.com\/fr\/wp-json\/wp\/v2\/tags?post=466374"}],"curies":[{"name":"wp","href":"https:\/\/api.w.org\/{rel}","templated":true}]}}