{"id":466386,"date":"2025-10-16T02:51:36","date_gmt":"2025-10-16T02:51:36","guid":{"rendered":"https:\/\/www.europesays.com\/fr\/466386\/"},"modified":"2025-10-16T02:51:36","modified_gmt":"2025-10-16T02:51:36","slug":"bresson-un-conseil-municipal-bref-mais-efficace","status":"publish","type":"post","link":"https:\/\/www.europesays.com\/fr\/466386\/","title":{"rendered":"Bresson. Un conseil municipal bref mais efficace"},"content":{"rendered":"<p>Lundi 13\u00a0octobre, les \u00e9lus se sont r\u00e9unis sous l\u2019\u00e9gide d\u2019Audrey Guyomard, maire de la commune, afin de tenir la r\u00e9union mensuelle du conseil municipal. L\u2019approbation de la convention de mise \u00e0 disposition dans le cadre du Plan intercommunal de sauvegarde (PICS) de Grenoble Alpes M\u00e9tropole a \u00e9t\u00e9 la premi\u00e8re d\u00e9lib\u00e9ration qu\u2019ils ont eue \u00e0 mettre au vote. Une responsabilit\u00e9 nouvelle en mati\u00e8re de planification de la crise territoriale est ainsi confi\u00e9e aux \u00c9tablissements publics de coop\u00e9ration intercommunale (EPCI). Pour la M\u00e9tropole, le PICS entend ainsi r\u00e9pondre \u00e0 un enjeu de pr\u00e9paration \u00e0 la crise autour de deux objectifs principaux\u00a0: la continuit\u00e9 et le r\u00e9tablissement des comp\u00e9tences ou int\u00e9r\u00eats m\u00e9tropolitains, la solidarit\u00e9 intercommunale au sein du bloc communal. Deux \u00e9lus se sont abstenus tandis que les autres ont vot\u00e9 \u00e0 l\u2019unanimit\u00e9 cette d\u00e9lib\u00e9ration.<\/p>\n<p>  Du changement pour la r\u00e9servation des courts de tennis<\/p>\n<p>Puis ils ont approuv\u00e9 sans difficult\u00e9 les autres propositions de la soir\u00e9e, \u00e0 savoir le recrutement d\u2019un apprenti dans le cadre d\u2019un contrat d\u2019apprentissage en communication. La signature d\u2019une convention avec l\u2019association Tennis Bresson pour la gestion de la r\u00e9servation des terrains de tennis a \u00e9galement \u00e9t\u00e9 approuv\u00e9e. Les r\u00e9servations se feront via l\u2019application Balle Jaune, moyennant une somme pr\u00e9vue dans le cadre de la convention (15\u00a0\u20ac pour les Bressonnais, 25\u00a0\u20ac pour les ext\u00e9rieurs). Les terrains seront toujours en acc\u00e8s libre mais les personnes en b\u00e9n\u00e9ficiant par ce biais ne seront plus prioritaires. La maintenance des terrains et l\u2019entretien de ceux-ci demeurent \u00e0 la charge de la commune.<\/p>\n<p>Puis l\u2019autorisation donn\u00e9e \u00e0 la collectivit\u00e9 de faire appel au service emploi du centre de gestion de l\u2019Is\u00e8re et l\u2019approbation des rapports annuels 2024 sur le prix et la qualit\u00e9 des services publics m\u00e9tropolitains de l\u2019eau et de l\u2019assainissement, l\u2019extension du service commun d\u2019expertise fiscale des communes de Seyssinet-Pariset et du Fontanil-Cornillon ont clos ce conseil d\u2019octobre.<\/p>\n","protected":false},"excerpt":{"rendered":"Lundi 13\u00a0octobre, les \u00e9lus se sont r\u00e9unis sous l\u2019\u00e9gide d\u2019Audrey Guyomard, maire de la commune, afin de tenir&hellip;\n","protected":false},"author":2,"featured_media":466387,"comment_status":"","ping_status":"","sticky":false,"template":"","format":"standard","meta":{"footnotes":""},"categories":[9566],"tags":[1111,11,2430,21751,1984,112,1777,674,1011,27,2731,7000,12,316,25],"class_list":{"0":"post-466386","1":"post","2":"type-post","3":"status-publish","4":"format-standard","5":"has-post-thumbnail","7":"category-grenoble","8":"tag-actu","9":"tag-actualites","10":"tag-auvergne-rhone-alpes","11":"tag-bresson","12":"tag-conseil-municipal","13":"tag-edition-grenoble-agglomeration","14":"tag-eu","15":"tag-europe","16":"tag-fr","17":"tag-france","18":"tag-grenoble","19":"tag-lagglomeration","20":"tag-news","21":"tag-politique","22":"tag-republique-francaise"},"share_on_mastodon":{"url":"https:\/\/pubeurope.com\/@fr\/115381579589508768","error":""},"_links":{"self":[{"href":"https:\/\/www.europesays.com\/fr\/wp-json\/wp\/v2\/posts\/466386","targetHints":{"allow":["GET"]}}],"collection":[{"href":"https:\/\/www.europesays.com\/fr\/wp-json\/wp\/v2\/posts"}],"about":[{"href":"https:\/\/www.europesays.com\/fr\/wp-json\/wp\/v2\/types\/post"}],"author":[{"embeddable":true,"href":"https:\/\/www.europesays.com\/fr\/wp-json\/wp\/v2\/users\/2"}],"replies":[{"embeddable":true,"href":"https:\/\/www.europesays.com\/fr\/wp-json\/wp\/v2\/comments?post=466386"}],"version-history":[{"count":0,"href":"https:\/\/www.europesays.com\/fr\/wp-json\/wp\/v2\/posts\/466386\/revisions"}],"wp:featuredmedia":[{"embeddable":true,"href":"https:\/\/www.europesays.com\/fr\/wp-json\/wp\/v2\/media\/466387"}],"wp:attachment":[{"href":"https:\/\/www.europesays.com\/fr\/wp-json\/wp\/v2\/media?parent=466386"}],"wp:term":[{"taxonomy":"category","embeddable":true,"href":"https:\/\/www.europesays.com\/fr\/wp-json\/wp\/v2\/categories?post=466386"},{"taxonomy":"post_tag","embeddable":true,"href":"https:\/\/www.europesays.com\/fr\/wp-json\/wp\/v2\/tags?post=466386"}],"curies":[{"name":"wp","href":"https:\/\/api.w.org\/{rel}","templated":true}]}}