{"id":466388,"date":"2025-10-16T02:52:17","date_gmt":"2025-10-16T02:52:17","guid":{"rendered":"https:\/\/www.europesays.com\/fr\/466388\/"},"modified":"2025-10-16T02:52:17","modified_gmt":"2025-10-16T02:52:17","slug":"lutte-anti-drogue-operation-geante-a-grenoble-journal-de-20-heures","status":"publish","type":"post","link":"https:\/\/www.europesays.com\/fr\/466388\/","title":{"rendered":"Lutte anti-drogue : op\u00e9ration g\u00e9ante \u00e0 Grenoble &#8211; Journal de 20 heures"},"content":{"rendered":"<p id=\"descriptionPanel\" class=\"text-secondary mr-2 line-clamp-2 pr-2.5 overflow-visible\">Un d\u00e9ploiement spectaculaire de policiers a eu lieu ce mercredi 15 octobre dans le quartier de Mistral, \u00e0 Grenoble. Il \u00e9tait compl\u00e8tement ferm\u00e9. Quatre cents membres de la force de l\u2019ordre ont int\u00e9gralement fouill\u00e9 un b\u00e2timent, de la cave au dernier \u00e9tage, appartement par appartement. Les occupants de certains logements \u00e9taient soup\u00e7onn\u00e9s d\u2019avoir des liens avec le trafic de drogue. Quatre personnes ont \u00e9t\u00e9 interpell\u00e9es. Selon le procureur, cette op\u00e9ration d\u2019ampleur doit durer plus de deux jours.<\/p>\n<p>TF1 | Reportage B. GUENAIS, S.AGI, E. NAPPI<\/p>\n<p>Afficher la version longue du r\u00e9sum\u00e9<a class=\"shrink-0\" href=\"https:\/\/www.tf1.fr\/tf1\/jt-20h\" target=\"_blank\" rel=\"noopener\"><img decoding=\"async\" src=\"https:\/\/www.europesays.com\/fr\/wp-content\/uploads\/2025\/09\/program-card-portrait-1-2a6a1e-2a3b77-0@1x.jpg\" width=\"138\" height=\"184\" alt=\"\" loading=\"eager\" fetchpriority=\"auto\" class=\"rounded-3px aspect-[3\/4] h-24 w-auto\" aria-hidden=\"true\"\/><\/a><\/p>\n","protected":false},"excerpt":{"rendered":"Un d\u00e9ploiement spectaculaire de policiers a eu lieu ce mercredi 15 octobre dans le quartier de Mistral, \u00e0&hellip;\n","protected":false},"author":2,"featured_media":466389,"comment_status":"","ping_status":"","sticky":false,"template":"","format":"standard","meta":{"footnotes":""},"categories":[9566],"tags":[1111,11,2430,1777,674,3483,3697,41323,41321,1011,27,2731,3699,3698,41324,41329,41333,41322,41330,41334,41327,41326,12,25,41331,41332,3701,41328,3700,41325],"class_list":{"0":"post-466388","1":"post","2":"type-post","3":"status-publish","4":"format-standard","5":"has-post-thumbnail","7":"category-grenoble","8":"tag-actu","9":"tag-actualites","10":"tag-auvergne-rhone-alpes","11":"tag-eu","12":"tag-europe","13":"tag-extrait","14":"tag-extrait-journal-de-20-heures","15":"tag-extrait-journal-de-20-heures-tf1","16":"tag-extrait-tf1","17":"tag-fr","18":"tag-france","19":"tag-grenoble","20":"tag-journal-de-20-heures","21":"tag-journal-de-20-heures-extrait","22":"tag-journal-de-20-heures-extrait-tf1","23":"tag-journal-de-20-heures-streaming","24":"tag-journal-de-20-heures-streaming-gratuit","25":"tag-journal-de-20-heures-tf1","26":"tag-journal-de-20-heures-tf1-streaming","27":"tag-journal-de-20-heures-tf1-streaming-gratuit","28":"tag-journal-de-20-heures-tf1-video","29":"tag-journal-de-20-heures-video","30":"tag-news","31":"tag-republique-francaise","32":"tag-streaming-gratuit-journal-de-20-heures","33":"tag-streaming-gratuit-journal-de-20-heures-tf1","34":"tag-streaming-journal-de-20-heures","35":"tag-streaming-journal-de-20-heures-tf1","36":"tag-video-journal-de-20-heures","37":"tag-video-journal-de-20-heures-tf1"},"share_on_mastodon":{"url":"","error":"Validation failed: Text character limit of 500 exceeded"},"_links":{"self":[{"href":"https:\/\/www.europesays.com\/fr\/wp-json\/wp\/v2\/posts\/466388","targetHints":{"allow":["GET"]}}],"collection":[{"href":"https:\/\/www.europesays.com\/fr\/wp-json\/wp\/v2\/posts"}],"about":[{"href":"https:\/\/www.europesays.com\/fr\/wp-json\/wp\/v2\/types\/post"}],"author":[{"embeddable":true,"href":"https:\/\/www.europesays.com\/fr\/wp-json\/wp\/v2\/users\/2"}],"replies":[{"embeddable":true,"href":"https:\/\/www.europesays.com\/fr\/wp-json\/wp\/v2\/comments?post=466388"}],"version-history":[{"count":0,"href":"https:\/\/www.europesays.com\/fr\/wp-json\/wp\/v2\/posts\/466388\/revisions"}],"wp:featuredmedia":[{"embeddable":true,"href":"https:\/\/www.europesays.com\/fr\/wp-json\/wp\/v2\/media\/466389"}],"wp:attachment":[{"href":"https:\/\/www.europesays.com\/fr\/wp-json\/wp\/v2\/media?parent=466388"}],"wp:term":[{"taxonomy":"category","embeddable":true,"href":"https:\/\/www.europesays.com\/fr\/wp-json\/wp\/v2\/categories?post=466388"},{"taxonomy":"post_tag","embeddable":true,"href":"https:\/\/www.europesays.com\/fr\/wp-json\/wp\/v2\/tags?post=466388"}],"curies":[{"name":"wp","href":"https:\/\/api.w.org\/{rel}","templated":true}]}}