{"id":466395,"date":"2025-10-16T02:57:12","date_gmt":"2025-10-16T02:57:12","guid":{"rendered":"https:\/\/www.europesays.com\/fr\/466395\/"},"modified":"2025-10-16T02:57:12","modified_gmt":"2025-10-16T02:57:12","slug":"psg-strasbourg-optimisme-pour-desire-doue-une-decision-prise-jeudi-pour-ousmane-dembele","status":"publish","type":"post","link":"https:\/\/www.europesays.com\/fr\/466395\/","title":{"rendered":"PSG-Strasbourg\u00a0: optimisme pour D\u00e9sir\u00e9 Dou\u00e9, une d\u00e9cision prise jeudi pour Ousmane Demb\u00e9l\u00e9"},"content":{"rendered":"<p class=\"paragraph text_align_left lp-f-body-02\">La fen\u00eatre internationale \u00e0 peine cl\u00f4tur\u00e9e, <a href=\"https:\/\/www.leparisien.fr\/sports\/football\/psg\/\" target=\"_blank\" rel=\"noreferrer nofollow noopener\">le PSG<\/a> est d\u00e9j\u00e0 invit\u00e9 \u00e0 reprendre le fil de sa saison, d\u00e8s vendredi soir, au Parc des Princes. Le menu s\u2019annonce copieux avec la r\u00e9ception du Racing Club de Strasbourg, troisi\u00e8me de Ligue\u00a01 et situ\u00e9 \u00e0 un point seulement des partenaires de Vitinha au classement. Un joli test en pr\u00e9vision du d\u00e9placement qui attend ensuite les champions d\u2019Europe mardi sur la pelouse du club allemand du Bayer Leverkusen en Ligue des champions.<\/p>\n<p class=\"paragraph text_align_left lp-f-body-02\">Les choses s\u00e9rieuses commencent vraiment pour les Parisiens embarqu\u00e9s dans un marathon de 7 matchs \u00e0 disputer en l\u2019espace de 24 jours, qui va demander beaucoup d\u2019\u00e9nergie et solliciter des corps d\u00e9j\u00e0 soumis \u00e0 la fatigue. Heureusement pour Luis Enrique, du sang neuf est attendu et va pouvoir \u00eatre inject\u00e9 dans l\u2019\u00e9quipe parisienne lors de cet encha\u00eenement de matchs.<\/p>\n<p class=\"paragraph text_align_left lp-f-body-02\">Copieusement garnie ces derni\u00e8res semaines, <a href=\"https:\/\/www.leparisien.fr\/sports\/football\/ligue-1\/psg-pendant-la-treve-internationale-paris-repare-ses-blesses-restes-au-bercail-12-10-2025-ZVDVG2MOVFHDBFTTMC4JVHDGZY.php\" target=\"_blank\" rel=\"noreferrer nofollow noopener\">l\u2019infirmerie commence petit \u00e0 petit \u00e0 se vider<\/a> et certains cadres devraient prochainement rego\u00fbter \u00e0 la comp\u00e9tition. Si le groupe parisien n\u2019\u00e9tait pas totalement au complet ce mercredi \u00e0 l\u2019entra\u00eenement en raison du retour au compte-goutte des internationaux, dont certains sont revenus tardivement dans la capitale, \u00e0 l\u2019image de Willian Pacho ou Lucas Beraldo, le coach espagnol a bon espoir de retrouver des forces vives.<\/p>\n<p>Barcola se testera jeudi<\/p>\n<p class=\"paragraph text_align_left lp-f-body-02\">Tous les regards se tournent, \u00e9videmment, vers <a href=\"https:\/\/www.leparisien.fr\/sports\/football\/ousmane-dembele\/\" target=\"_blank\" rel=\"noreferrer nofollow noopener\">Ousmane Demb\u00e9l\u00e9<\/a>, \u00e9cart\u00e9 des terrains depuis le 5\u00a0septembre et sa l\u00e9sion \u00e0 l\u2019ischio jambier droit survenue avec les Bleus face \u00e0 l\u2019Ukraine. Le Ballon d\u2019or a retrouv\u00e9 des bonnes sensations depuis qu\u2019il a retouch\u00e9 le ballon et sa pr\u00e9sence dans le groupe parisien pour affronter les Alsaciens n\u2019est pas \u00e0 \u00e9carter. En l\u2019\u00e9tat, aucune d\u00e9cision d\u00e9finitive n\u2019a encore \u00e9t\u00e9 prise par Luis Enrique quant \u00e0 sa participation.<\/p>\n<p class=\"paragraph text_align_left lp-f-body-02\">L\u2019Espagnol souhaite prendre le pouls de son groupe qui affiche des \u00e9tats de forme disparate apr\u00e8s cette fen\u00eatre internationale. Il attendra le dernier entra\u00eenement jeudi en fin de journ\u00e9e (17\u00a0heures) pour trancher sur ce cas \u00f4 combien symbolique et surveill\u00e9 de pr\u00e8s par le staff qui ne veut pas prendre le moindre risque, m\u00eame si les r\u00e9cents signaux sont positifs.<\/p>\n<p class=\"paragraph text_align_left lp-f-body-02\">Les attentes concernent \u00e9galement l\u2019autre absent de longue date, D\u00e9sir\u00e9 Dou\u00e9, victime d\u2019une l\u00e9sion au mollet droit le m\u00eame jour que Demb\u00e9l\u00e9. De l\u2019optimisme entoure le cas de l\u2019attaquant parisien qui a pris le temps n\u00e9cessaire pour revenir \u00e0 la comp\u00e9tition. Le staff n\u2019a pas voulu non plus pr\u00e9cipiter le retour sur les terrains d\u2019un joueur qui a connu sa premi\u00e8re grosse blessure avec le PSG. Le voir figurer dans le groupe convoqu\u00e9 par Luis Enrique est un sc\u00e9nario tr\u00e8s plausible.<\/p>\n<p class=\"paragraph text_align_left lp-f-body-02\">Toujours sur le front de l\u2019attaque, Bradley Barcola, qui avait ressenti des douleurs \u00e0 la cuisse avant la tr\u00eave, effectuera des tests un peu plus pouss\u00e9s lors de la s\u00e9ance de jeudi. L\u00e0 aussi, une d\u00e9cision d\u00e9finitive quant \u00e0 sa pr\u00e9sence au match face \u00e0 Strasbourg sera prise \u00e0 l\u2019issue de l\u2019entra\u00eenement, en fonction des sensations du joueur et de celles de Kvaratskhelia qui a disput\u00e9 159 minutes avec la G\u00e9orgie alors qu\u2019il avait manqu\u00e9 les deux pr\u00e9c\u00e9dents matchs du PSG (g\u00eane musculaire ischio-jambier).<\/p>\n<p class=\"paragraph text_align_left lp-f-body-02\">Un point sera fait, par ailleurs, pour d\u00e9cider des participations de Fabian Ruiz, Jo\u00e3o Neves et Senny Mayulu, tandis que le capitaine Marquinhos, bless\u00e9 au quadriceps gauche, manquera une nouvelle fois \u00e0 l\u2019appel.<\/p>\n","protected":false},"excerpt":{"rendered":"La fen\u00eatre internationale \u00e0 peine cl\u00f4tur\u00e9e, le PSG est d\u00e9j\u00e0 invit\u00e9 \u00e0 reprendre le fil de sa saison,&hellip;\n","protected":false},"author":2,"featured_media":466396,"comment_status":"","ping_status":"","sticky":false,"template":"","format":"standard","meta":{"footnotes":""},"categories":[2820],"tags":[1111,11,1777,674,63,1011,27,775,12,93,25,60,640],"class_list":{"0":"post-466395","1":"post","2":"type-post","3":"status-publish","4":"format-standard","5":"has-post-thumbnail","7":"category-strasbourg","8":"tag-actu","9":"tag-actualites","10":"tag-eu","11":"tag-europe","12":"tag-football","13":"tag-fr","14":"tag-france","15":"tag-grand-est","16":"tag-news","17":"tag-psg","18":"tag-republique-francaise","19":"tag-sports","20":"tag-strasbourg"},"share_on_mastodon":{"url":"https:\/\/pubeurope.com\/@fr\/115381603061602838","error":""},"_links":{"self":[{"href":"https:\/\/www.europesays.com\/fr\/wp-json\/wp\/v2\/posts\/466395","targetHints":{"allow":["GET"]}}],"collection":[{"href":"https:\/\/www.europesays.com\/fr\/wp-json\/wp\/v2\/posts"}],"about":[{"href":"https:\/\/www.europesays.com\/fr\/wp-json\/wp\/v2\/types\/post"}],"author":[{"embeddable":true,"href":"https:\/\/www.europesays.com\/fr\/wp-json\/wp\/v2\/users\/2"}],"replies":[{"embeddable":true,"href":"https:\/\/www.europesays.com\/fr\/wp-json\/wp\/v2\/comments?post=466395"}],"version-history":[{"count":0,"href":"https:\/\/www.europesays.com\/fr\/wp-json\/wp\/v2\/posts\/466395\/revisions"}],"wp:featuredmedia":[{"embeddable":true,"href":"https:\/\/www.europesays.com\/fr\/wp-json\/wp\/v2\/media\/466396"}],"wp:attachment":[{"href":"https:\/\/www.europesays.com\/fr\/wp-json\/wp\/v2\/media?parent=466395"}],"wp:term":[{"taxonomy":"category","embeddable":true,"href":"https:\/\/www.europesays.com\/fr\/wp-json\/wp\/v2\/categories?post=466395"},{"taxonomy":"post_tag","embeddable":true,"href":"https:\/\/www.europesays.com\/fr\/wp-json\/wp\/v2\/tags?post=466395"}],"curies":[{"name":"wp","href":"https:\/\/api.w.org\/{rel}","templated":true}]}}