{"id":466401,"date":"2025-10-16T03:00:39","date_gmt":"2025-10-16T03:00:39","guid":{"rendered":"https:\/\/www.europesays.com\/fr\/466401\/"},"modified":"2025-10-16T03:00:39","modified_gmt":"2025-10-16T03:00:39","slug":"benjamin-biolay-reprend-la-route-cap-sur-le-zenith-de-nantes-en-2026","status":"publish","type":"post","link":"https:\/\/www.europesays.com\/fr\/466401\/","title":{"rendered":"Benjamin Biolay reprend la route : cap sur le Z\u00e9nith de Nantes en 2026"},"content":{"rendered":"<p><img decoding=\"async\" class=\"\" style=\"width:100%\" src=\"https:\/\/www.europesays.com\/fr\/wp-content\/uploads\/2025\/10\/Capture_d_e_cran_2025_10_15_a__17_11_511760541160506.png\" alt=\"Benjamin Biolay publie \u00ab Le disque bleu \u00bb, son onzi\u00e8me album\"\/><\/p>\n<p>Benjamin Biolay publie \u00ab Le disque bleu \u00bb, son onzi\u00e8me album<\/p>\n<p>Cr\u00e9dit : Le Disque Bleu<\/p>\n<p>D\u00e9j\u00e0 programm\u00e9 le 24 avril 2026 \u00e0 la Cit\u00e9 des congr\u00e8s, Benjamin Biolay n\u2019en a pas fini avec le public nantais. Face \u00e0 l\u2019engouement, le chanteur, auteur et compositeur annonce une nouvelle escale dans la m\u00e9tropole : le 10 novembre 2026, \u00e0 20 h, sur la sc\u00e8ne du Z\u00e9nith de Nantes M\u00e9tropole, \u00e0 Saint-Herblain. Un lieu \u00e0 la hauteur de l\u2019artiste, qui s\u2019appr\u00eate \u00e0 entamer une vaste tourn\u00e9e fran\u00e7aise.<\/p>\n<p>Le disque bleu : un album voyageur<\/p>\n<p data-start=\"862\" data-end=\"1258\">Son nouvel opus, Le disque bleu, sortira ce vendredi 17 octobre. Un double album aux influences folk, rock et bossa, enrichi de cordes et cuivres, \u00e9crit et enregistr\u00e9 aux quatre coins du monde. Fid\u00e8le \u00e0 son \u00e9l\u00e9gance m\u00e9lancolique, Biolay y m\u00eale po\u00e9sie urbaine et envol\u00e9es musicales. Le titre Juste avant de tomber en donne un premier aper\u00e7u, empreint de douceur et de profondeur.<\/p>\n<p> Une tourn\u00e9e en deux temps<\/p>\n<p>De novembre 2025 \u00e0 mai 2026, Benjamin Biolay proposera une premi\u00e8re partie de tourn\u00e9e acoustique, plus intimiste. Viendra ensuite une seconde phase, plus \u00e9lectrique, qui passera par les plus grandes salles de France, dont les Z\u00e9nith. L\u2019\u00e9tape nantaise s\u2019annonce comme l\u2019un des temps forts de cette s\u00e9rie de concerts.<\/p>\n<p><strong data-start=\"1638\" data-end=\"1703\">Benjamin Biolay \u2013 Z\u00e9nith de Nantes M\u00e9tropole (Saint-Herblain)<\/strong><br data-start=\"1703\" data-end=\"1706\"\/>Mardi 10 novembre 2026, \u00e0 20 h<br data-start=\"1741\" data-end=\"1744\"\/>Tarifs : de 39 \u00e0 70 \u20ac<br data-start=\"1770\" data-end=\"1773\"\/>Ouverture de la billetterie : jeudi 16 octobre, \u00e0 10 h<\/p>\n","protected":false},"excerpt":{"rendered":"Benjamin Biolay publie \u00ab Le disque bleu \u00bb, son onzi\u00e8me album Cr\u00e9dit : Le Disque Bleu D\u00e9j\u00e0 programm\u00e9&hellip;\n","protected":false},"author":2,"featured_media":466402,"comment_status":"","ping_status":"","sticky":false,"template":"","format":"standard","meta":{"footnotes":""},"categories":[2818],"tags":[1111,11,28368,829,16823,1777,674,118,462,1106,1011,27,848,1922,6417,1114,13289,2217,28369,3047,3729,766,12,2636,1833,584,25,3272,517,3087,2546],"class_list":{"0":"post-466401","1":"post","2":"type-post","3":"status-publish","4":"format-standard","5":"has-post-thumbnail","7":"category-nantes","8":"tag-actu","9":"tag-actualites","10":"tag-bain-de-bretagne","11":"tag-bretagne","12":"tag-chateaubriant","13":"tag-eu","14":"tag-europe","15":"tag-faits-divers","16":"tag-fc-nantes","17":"tag-flash","18":"tag-fr","19":"tag-france","20":"tag-ille-et-vilaine","21":"tag-info","22":"tag-information","23":"tag-infos","24":"tag-la-roche-sur-yon","25":"tag-la-rochelle","26":"tag-les-sables-d-olonnes","27":"tag-loire-atlantique","28":"tag-morbihan","29":"tag-nantes","30":"tag-news","31":"tag-pays-de-la-loire","32":"tag-redaction","33":"tag-rennes","34":"tag-republique-francaise","35":"tag-saint-nazaire","36":"tag-sport","37":"tag-stade-rennais","38":"tag-vendee"},"share_on_mastodon":{"url":"https:\/\/pubeurope.com\/@fr\/115381615431423350","error":""},"_links":{"self":[{"href":"https:\/\/www.europesays.com\/fr\/wp-json\/wp\/v2\/posts\/466401","targetHints":{"allow":["GET"]}}],"collection":[{"href":"https:\/\/www.europesays.com\/fr\/wp-json\/wp\/v2\/posts"}],"about":[{"href":"https:\/\/www.europesays.com\/fr\/wp-json\/wp\/v2\/types\/post"}],"author":[{"embeddable":true,"href":"https:\/\/www.europesays.com\/fr\/wp-json\/wp\/v2\/users\/2"}],"replies":[{"embeddable":true,"href":"https:\/\/www.europesays.com\/fr\/wp-json\/wp\/v2\/comments?post=466401"}],"version-history":[{"count":0,"href":"https:\/\/www.europesays.com\/fr\/wp-json\/wp\/v2\/posts\/466401\/revisions"}],"wp:featuredmedia":[{"embeddable":true,"href":"https:\/\/www.europesays.com\/fr\/wp-json\/wp\/v2\/media\/466402"}],"wp:attachment":[{"href":"https:\/\/www.europesays.com\/fr\/wp-json\/wp\/v2\/media?parent=466401"}],"wp:term":[{"taxonomy":"category","embeddable":true,"href":"https:\/\/www.europesays.com\/fr\/wp-json\/wp\/v2\/categories?post=466401"},{"taxonomy":"post_tag","embeddable":true,"href":"https:\/\/www.europesays.com\/fr\/wp-json\/wp\/v2\/tags?post=466401"}],"curies":[{"name":"wp","href":"https:\/\/api.w.org\/{rel}","templated":true}]}}