{"id":466415,"date":"2025-10-16T03:08:11","date_gmt":"2025-10-16T03:08:11","guid":{"rendered":"https:\/\/www.europesays.com\/fr\/466415\/"},"modified":"2025-10-16T03:08:11","modified_gmt":"2025-10-16T03:08:11","slug":"un-partenariat-pour-un-logement-salarie-durable","status":"publish","type":"post","link":"https:\/\/www.europesays.com\/fr\/466415\/","title":{"rendered":"un partenariat pour un logement salari\u00e9 durable"},"content":{"rendered":"<p>Et si le logement des salari\u00e9s devenait plus s\u00fbr, plus \u00e9cologique et plus confortable gr\u00e2ce \u00e0 l\u2019innovation fran\u00e7aise\u00a0? Rodolphe Saad\u00e9, PDG du groupe CMA\u00a0CGM (propri\u00e9taire de La Provence) et pr\u00e9sident de l\u2019acc\u00e9l\u00e9rateur Zebox, a sign\u00e9 un partenariat avec Bruno Arcadipane, pr\u00e9sident d\u2019Action\u00a0Logement, et Bruno Lindowna, vice-pr\u00e9sident du groupe <a href=\"https:\/\/www.laprovence.com\/article\/region\/38946117678816\/on-fleche-les-jeunes-et-les-saisonniers-action-logement-fait-face-au-manque-dhabitations-en-provence\" target=\"_blank\" rel=\"noopener\">Action\u00a0Logement<\/a>. L\u2019objectif de cette collaboration est ambitieux\u00a0: acc\u00e9l\u00e9rer la transformation durable du logement destin\u00e9 aux salari\u00e9s en France.<\/p>\n<p>Face aux d\u00e9fis majeurs du logement, tels que la d\u00e9carbonation, l\u2019adaptation au changement climatique et l\u2019am\u00e9lioration du confort de vie, Action\u00a0Logement s\u2019appuiera sur l\u2019expertise de <a href=\"https:\/\/www.laprovence.com\/article\/economie\/39074490775677\/avec-sprint-for-impact-zebox-connecte-etudiants-et-start-up-a-marseille\" target=\"_blank\" rel=\"noopener\">Zebox <\/a>pour identifier et exp\u00e9rimenter des solutions innovantes.<\/p>\n<p>Ces technologies, issues de start-up et PME fran\u00e7aises, permettront de r\u00e9pondre aux besoins concrets des bailleurs sociaux, que ce soit pour la r\u00e9novation de logements existants ou la construction neuve.<\/p>\n<p>Le programme, financ\u00e9 via Alinov, le fonds d\u2019innovation d\u2019Action\u00a0Logement d\u00e9di\u00e9 \u00e0 l\u2019exp\u00e9rimentation de solutions durables, porte sur quatre th\u00e9matiques prioritaires\u00a0: la s\u00e9curisation des logements, l\u2019adaptation au changement climatique et le confort des r\u00e9side&#8230;<\/p>\n","protected":false},"excerpt":{"rendered":"Et si le logement des salari\u00e9s devenait plus s\u00fbr, plus \u00e9cologique et plus confortable gr\u00e2ce \u00e0 l\u2019innovation fran\u00e7aise\u00a0?&hellip;\n","protected":false},"author":2,"featured_media":466416,"comment_status":"","ping_status":"","sticky":false,"template":"","format":"standard","meta":{"footnotes":""},"categories":[2814],"tags":[17,631,1111,11,33,1777,674,1011,27,1908,884,12,2766,471,882,25,59019,23136],"class_list":{"0":"post-466415","1":"post","2":"type-post","3":"status-publish","4":"format-standard","5":"has-post-thumbnail","7":"category-marseille","8":"tag-17","9":"tag-action","10":"tag-actu","11":"tag-actualites","12":"tag-economie","13":"tag-eu","14":"tag-europe","15":"tag-fr","16":"tag-france","17":"tag-logement","18":"tag-marseille","19":"tag-news","20":"tag-partenariat","21":"tag-pour","22":"tag-provence-alpes-cote-dazur","23":"tag-republique-francaise","24":"tag-salarie","25":"tag-zebox"},"share_on_mastodon":{"url":"https:\/\/pubeurope.com\/@fr\/115381646349784312","error":""},"_links":{"self":[{"href":"https:\/\/www.europesays.com\/fr\/wp-json\/wp\/v2\/posts\/466415","targetHints":{"allow":["GET"]}}],"collection":[{"href":"https:\/\/www.europesays.com\/fr\/wp-json\/wp\/v2\/posts"}],"about":[{"href":"https:\/\/www.europesays.com\/fr\/wp-json\/wp\/v2\/types\/post"}],"author":[{"embeddable":true,"href":"https:\/\/www.europesays.com\/fr\/wp-json\/wp\/v2\/users\/2"}],"replies":[{"embeddable":true,"href":"https:\/\/www.europesays.com\/fr\/wp-json\/wp\/v2\/comments?post=466415"}],"version-history":[{"count":0,"href":"https:\/\/www.europesays.com\/fr\/wp-json\/wp\/v2\/posts\/466415\/revisions"}],"wp:featuredmedia":[{"embeddable":true,"href":"https:\/\/www.europesays.com\/fr\/wp-json\/wp\/v2\/media\/466416"}],"wp:attachment":[{"href":"https:\/\/www.europesays.com\/fr\/wp-json\/wp\/v2\/media?parent=466415"}],"wp:term":[{"taxonomy":"category","embeddable":true,"href":"https:\/\/www.europesays.com\/fr\/wp-json\/wp\/v2\/categories?post=466415"},{"taxonomy":"post_tag","embeddable":true,"href":"https:\/\/www.europesays.com\/fr\/wp-json\/wp\/v2\/tags?post=466415"}],"curies":[{"name":"wp","href":"https:\/\/api.w.org\/{rel}","templated":true}]}}