{"id":466425,"date":"2025-10-16T03:14:18","date_gmt":"2025-10-16T03:14:18","guid":{"rendered":"https:\/\/www.europesays.com\/fr\/466425\/"},"modified":"2025-10-16T03:14:18","modified_gmt":"2025-10-16T03:14:18","slug":"3-000-fonctionnaires-en-moins-letat-veut-couper-dans-les-depenses","status":"publish","type":"post","link":"https:\/\/www.europesays.com\/fr\/466425\/","title":{"rendered":"3 000 fonctionnaires en moins, l&rsquo;\u00c9tat veut couper dans les d\u00e9penses"},"content":{"rendered":"<p>      lire plus tard<\/p>\n<p id=\"dialog__title\" class=\"dialog__title\">Pour sauvegarder cet article, connectez-vous ou cr\u00e9ez un compte franceinfo<\/p>\n<p class=\"dialog__description\">Sans paiement. Sans abonnement.<\/p>\n<p>        Fermer la fen\u00eatre d\u2019activation des notifications France Info<\/p>\n<p>      cr\u00e9er votre compte<\/p>\n<p>      se connecter<\/p>\n<p>        Fermer la fen\u00eatre de pr\u00e9sentation<\/p>\n<p>    Publi\u00e9 le 15\/10\/2025 21:22<\/p>\n<p>      Mis \u00e0 jour le 15\/10\/2025 21:23<\/p>\n<p>        Temps de lecture : 2min &#8211; vid\u00e9o : 2min<\/p>\n<p>    <img decoding=\"async\" class=\"francetv-player-wrapper__image\" alt=\"Budget 2026 : 3 000 fonctionnaires en moins, l'\u00c9tat veut couper dans les d\u00e9penses\"  width=\"432\" height=\"243\" src=\"https:\/\/www.europesays.com\/fr\/wp-content\/uploads\/2025\/10\/video-51-68eff344e3195237337847.jpg\" fetchpriority=\"high\"\/><\/p>\n<p>              Budget 2026 : 3 000 fonctionnaires en moins, l&rsquo;\u00c9tat veut couper dans les d\u00e9penses<br \/>\n                    (France 2)<\/p>\n<p>      2min<\/p>\n<p>\n  Pour boucler le budget, augmenter les imp\u00f4ts ne suffira pas : il faut aussi couper dans les d\u00e9penses. Les minist\u00e8res r\u00e9galiens \u2013 les Arm\u00e9es, l&rsquo;Int\u00e9rieur ou la Justice \u2013 sont pr\u00e9serv\u00e9s. En revanche, d&rsquo;autres minist\u00e8res, comme celui du Travail, sont mis \u00e0 la di\u00e8te, avec de vraies cons\u00e9quences.\n<\/p>\n<p><strong>Ce texte correspond \u00e0 une partie de la retranscription du reportage ci-dessus. Cliquez sur la vid\u00e9o pour la regarder en int\u00e9gralit\u00e9.<\/strong><\/p>\n<p>\u00c0 Bercy, les gagnants et les perdants du <a href=\"https:\/\/www.franceinfo.fr\/politique\/gouvernement-de-sebastien-lecornu\/demission-de-sebastien-lecornu-la-france-peut-elle-se-doter-d-un-budget-pour-2026-en-l-absence-de-gouvernement_7537270.html\" rel=\"nofollow noopener\" target=\"_blank\">budget 2026<\/a> sont dans des documents. Les \u00e9quipes de France T\u00e9l\u00e9visions les ont pass\u00e9s \u00e0 la loupe. Baisse drastique au minist\u00e8re du Travail : r\u00e9duction de 2,5 milliards et un millier de postes en moins. Les primes \u00e0 l&#8217;embauche des apprentis devraient encore diminuer, regrette un patron d&rsquo;une PME pr\u00e8s de Marseille. \u00ab\u00a0\u00c7a nous donne moins envie et moins la possibilit\u00e9 d&rsquo;aller chercher de l&rsquo;alternance et des apprentis. Mais apr\u00e8s, on le fait toujours\u00a0\u00bb, partage Quentin Vitale, PDG de Vitale Climat.<\/p>\n<p>Pour les apprentis, termin\u00e9s les 500 euros pour le permis de conduire et finies les exon\u00e9rations de cotisations sociales : leur salaire net serait donc moins \u00e9lev\u00e9. \u00ab\u00a0Je trouve \u00e7a dommage et d\u00e9sencourageant pour des jeunes apprentis comme moi qui viennent de commencer dans le BTP\u00a0\u00bb, regrette Thomas Henry, apprenti.<\/p>\n<p>Baisse aussi pour la coh\u00e9sion des territoires, notamment pour le logement : 900 millions en moins, avec des coupes, dont la r\u00e9novation des b\u00e2timents. \u00c9galement amput\u00e9e, l&rsquo;aide au d\u00e9veloppement. Au total, il est pr\u00e9vu 3 119 postes de fonctionnaires en moins.<\/p>\n<p>Au contraire, d&rsquo;autres minist\u00e8res sont gagnants, comme celui des Arm\u00e9es, devenu prioritaire. Plus de 6,7 milliards d&rsquo;euros et 830 postes suppl\u00e9mentaires sont pr\u00e9vus face \u00e0 une menace venue notamment de la Russie. \u00ab\u00a0Nous n&rsquo;avons pas assez d&rsquo;avions, nous n&rsquo;avons pas assez de chars, nous n&rsquo;avons pas assez de bateaux. Il faut tr\u00e8s rapidement, au niveau europ\u00e9en, mais avec en particulier des budgets fran\u00e7ais, arriver \u00e0 reconstruire pour nous ce que les Am\u00e9ricains nous apportent\u00a0\u00bb, explique le g\u00e9n\u00e9ral Vincent Desportes, ancien directeur de l\u2019\u00c9cole de guerre.<\/p>\n<p>Police et gendarmerie voient aussi leur budget progresser : 1 450 postes en plus. M\u00eame tendance pour la justice. Mais attention, tout sera d\u00e9battu, les parlementaires auront le dernier mot.<\/p>\n<p><a href=\"https:\/\/www.budget.gouv.fr\/documentation\/file-download\/30589\" target=\"_blank\" rel=\"noopener nofollow\">Le Projet de loi de finances pour 2026\u00a0<\/a><\/p>\n<p>Liste non exhaustive<\/p>\n","protected":false},"excerpt":{"rendered":"lire plus tard Pour sauvegarder cet article, connectez-vous ou cr\u00e9ez un compte franceinfo Sans paiement. Sans abonnement. Fermer&hellip;\n","protected":false},"author":2,"featured_media":466426,"comment_status":"","ping_status":"","sticky":false,"template":"","format":"standard","meta":{"footnotes":""},"categories":[1888],"tags":[1111,1928,11,1927,1777,674,1011,27,12,1926,626,1925,25],"class_list":{"0":"post-466425","1":"post","2":"type-post","3":"status-publish","4":"format-standard","5":"has-post-thumbnail","7":"category-paris","8":"tag-actu","9":"tag-actu-paris","10":"tag-actualites","11":"tag-actualites-paris","12":"tag-eu","13":"tag-europe","14":"tag-fr","15":"tag-france","16":"tag-news","17":"tag-news-paris","18":"tag-paris","19":"tag-paris-news","20":"tag-republique-francaise"},"share_on_mastodon":{"url":"https:\/\/pubeurope.com\/@fr\/115381670450588901","error":""},"_links":{"self":[{"href":"https:\/\/www.europesays.com\/fr\/wp-json\/wp\/v2\/posts\/466425","targetHints":{"allow":["GET"]}}],"collection":[{"href":"https:\/\/www.europesays.com\/fr\/wp-json\/wp\/v2\/posts"}],"about":[{"href":"https:\/\/www.europesays.com\/fr\/wp-json\/wp\/v2\/types\/post"}],"author":[{"embeddable":true,"href":"https:\/\/www.europesays.com\/fr\/wp-json\/wp\/v2\/users\/2"}],"replies":[{"embeddable":true,"href":"https:\/\/www.europesays.com\/fr\/wp-json\/wp\/v2\/comments?post=466425"}],"version-history":[{"count":0,"href":"https:\/\/www.europesays.com\/fr\/wp-json\/wp\/v2\/posts\/466425\/revisions"}],"wp:featuredmedia":[{"embeddable":true,"href":"https:\/\/www.europesays.com\/fr\/wp-json\/wp\/v2\/media\/466426"}],"wp:attachment":[{"href":"https:\/\/www.europesays.com\/fr\/wp-json\/wp\/v2\/media?parent=466425"}],"wp:term":[{"taxonomy":"category","embeddable":true,"href":"https:\/\/www.europesays.com\/fr\/wp-json\/wp\/v2\/categories?post=466425"},{"taxonomy":"post_tag","embeddable":true,"href":"https:\/\/www.europesays.com\/fr\/wp-json\/wp\/v2\/tags?post=466425"}],"curies":[{"name":"wp","href":"https:\/\/api.w.org\/{rel}","templated":true}]}}