{"id":466427,"date":"2025-10-16T03:15:36","date_gmt":"2025-10-16T03:15:36","guid":{"rendered":"https:\/\/www.europesays.com\/fr\/466427\/"},"modified":"2025-10-16T03:15:36","modified_gmt":"2025-10-16T03:15:36","slug":"top-14-fred-quercy-sanctionne-dun-blame-par-la-lnr-apres-ses-propos-sur-fabien-galthie","status":"publish","type":"post","link":"https:\/\/www.europesays.com\/fr\/466427\/","title":{"rendered":"Top 14 &#8211; Fred Quercy sanctionn\u00e9 d&rsquo;un bl\u00e2me par la LNR, apr\u00e8s ses propos sur Fabien Galthi\u00e9"},"content":{"rendered":"<p>\n                La commission de discipline de la LNR a donn\u00e9 son verdict suite \u00e0 l&rsquo;audience de Fred Quercy. Pour ses propos envers le s\u00e9lectionneur du XV de France Fabien Galthi\u00e9, le capitaine de Montauban a \u00e9t\u00e9 sanctionn\u00e9 d&rsquo;un bl\u00e2me et d&rsquo;une amende de 3 000 euros avec sursis.\u00a0\n            <\/p>\n<p>Fred Quercy peut souffler. Apr\u00e8s ses propos envers le s\u00e9lectionneur du XV de France Fabien Galthi\u00e9, le capitaine de Montauban \u00e9tait convoqu\u00e9 mardi 14 octobre 2025\u00a0devant la commission de discipline de la LNR, pour\u00a0\u00ab\u00a0atteinte \u00e0 l\u2019int\u00e9r\u00eat sup\u00e9rieur du rugby\u00a0\u00bb. Un motif pour lequel\u00a0la sanction maximale encourue \u00e9tait tout simplement une radiation du licenci\u00e9 reconnu responsable. Mais la LNR s&rsquo;est finalement montr\u00e9e cl\u00e9mente puisqu&rsquo;elle a d\u00e9cid\u00e9 ce mercredi de sanctionner le troisi\u00e8me ligne d&rsquo;un simple bl\u00e2me et d&rsquo;une amende de 3 000 euros avec sursis. Aucune suspension n&rsquo;a donc \u00e9t\u00e9 prononc\u00e9e pour <strong><a href=\"https:\/\/www.rugbyrama.fr\/2025\/09\/28\/top-14-suspension-imbroglio-consequences-tout-savoir-sur-laffaire-quercy-galthie-12958520.phphttps:\/\/www.rugbyrama.fr\/2025\/09\/28\/top-14-suspension-imbroglio-consequences-tout-savoir-sur-laffaire-quercy-galthie-12958520.php\" target=\"_self\" rel=\"nofollow noopener\">celui qui avait vu sa licence temporairement bloqu\u00e9e par la FFR<\/a><\/strong> il y a quelques semaines, suite \u00e0 cette affaire.<\/p>\n<p>La fin du feuilleton ?\u00a0<\/p>\n<p>Pour rappel, c&rsquo;est lors d&rsquo;une interview accord\u00e9e \u00e0 Rugby Pass que <strong><a href=\"https:\/\/www.rugbyrama.fr\/2025\/09\/04\/top-14-fabien-galthie-est-je-crois-la-moins-bonne-personne-sur-terre-fred-quercy-exprime-sa-rancoeur-envers-le-selectionneur-12910567.php\" target=\"_self\" rel=\"nofollow noopener\">l&rsquo;ancien Montpelli\u00e9rain s&rsquo;\u00e9tait emport\u00e9 au sujet de son ancien entra\u00eeneur<\/a><\/strong> : \u00ab\u00a0Fabien Galthi\u00e9 est, je crois, la moins bonne personne sur Terre. Il a \u00e9t\u00e9 \u00e0 la fois le meilleur entra\u00eeneur que j\u2019ai eu, indiscutablement \u2013 et pourtant j\u2019en ai eu des bons dans ma carri\u00e8re \u2013 mais aussi la plus grande m**** sur le plan humain\u00a0\u00bb.\u00a0Est-ce alors\u00a0enfin la fin du feuilleton Quercy &#8211; Galthi\u00e9 ? C&rsquo;est ce qu&rsquo;esp\u00e8re l&rsquo;USM, qui compte aligner son capitaine ce samedi, lors du d\u00e9placement \u00e0 La Rochelle. \u00c0 ce sujet, le manager montalbanais S\u00e9bastien Tillous-Borde dit d&rsquo;ailleurs : \u00ab\u00a0On nous avait demand\u00e9 de ne pas le faire jouer un match, celui \u00e0 Bordeaux. On l\u2019avait mis au repos pour respecter le protocole qui nous avait \u00e9t\u00e9 envoy\u00e9. On l\u2019a mis de c\u00f4t\u00e9 plusieurs matchs pour montrer qu\u2019on essayait de bien faire les choses\u00a0\u00bb.\u00a0<\/p>\n<p>La d\u00e9marche des Tarn-et-Garonnais a visiblement \u00e9t\u00e9 payante, puisque la LNR a donn\u00e9 son verdict : \u00ab\u00a0apr\u00e8s \u00e9valuation, notamment, de l&rsquo;acte de saisine, du rapport d&rsquo;instruction, des observations pr\u00e9sent\u00e9es, des mesures effectives prises par le club et la non-participation du joueur au match de TOP 14 du 27 septembre li\u00e9e \u00e0 la suspension \u00e0 titre conservatoire qui avait \u00e9t\u00e9 prononc\u00e9e au cours de la semaine pr\u00e9c\u00e9dente et lev\u00e9e peu de temps avant la rencontre.\u00a0\u00bb\u00a0Malgr\u00e9 cela, le spectre d&rsquo;un appel de la FFR subsistait\u00a0du c\u00f4t\u00e9 de l&rsquo;USM. Mais finalement, la F\u00e9d\u00e9ration a d\u00e9cid\u00e9 de ne pas le faire.<\/p>\n","protected":false},"excerpt":{"rendered":"La commission de discipline de la LNR a donn\u00e9 son verdict suite \u00e0 l&rsquo;audience de Fred Quercy. Pour&hellip;\n","protected":false},"author":2,"featured_media":466428,"comment_status":"","ping_status":"","sticky":false,"template":"","format":"standard","meta":{"footnotes":""},"categories":[1888],"tags":[1111,1928,11,1927,1777,674,1011,27,12,1926,626,1925,25],"class_list":{"0":"post-466427","1":"post","2":"type-post","3":"status-publish","4":"format-standard","5":"has-post-thumbnail","7":"category-paris","8":"tag-actu","9":"tag-actu-paris","10":"tag-actualites","11":"tag-actualites-paris","12":"tag-eu","13":"tag-europe","14":"tag-fr","15":"tag-france","16":"tag-news","17":"tag-news-paris","18":"tag-paris","19":"tag-paris-news","20":"tag-republique-francaise"},"share_on_mastodon":{"url":"https:\/\/pubeurope.com\/@fr\/115381673922229293","error":""},"_links":{"self":[{"href":"https:\/\/www.europesays.com\/fr\/wp-json\/wp\/v2\/posts\/466427","targetHints":{"allow":["GET"]}}],"collection":[{"href":"https:\/\/www.europesays.com\/fr\/wp-json\/wp\/v2\/posts"}],"about":[{"href":"https:\/\/www.europesays.com\/fr\/wp-json\/wp\/v2\/types\/post"}],"author":[{"embeddable":true,"href":"https:\/\/www.europesays.com\/fr\/wp-json\/wp\/v2\/users\/2"}],"replies":[{"embeddable":true,"href":"https:\/\/www.europesays.com\/fr\/wp-json\/wp\/v2\/comments?post=466427"}],"version-history":[{"count":0,"href":"https:\/\/www.europesays.com\/fr\/wp-json\/wp\/v2\/posts\/466427\/revisions"}],"wp:featuredmedia":[{"embeddable":true,"href":"https:\/\/www.europesays.com\/fr\/wp-json\/wp\/v2\/media\/466428"}],"wp:attachment":[{"href":"https:\/\/www.europesays.com\/fr\/wp-json\/wp\/v2\/media?parent=466427"}],"wp:term":[{"taxonomy":"category","embeddable":true,"href":"https:\/\/www.europesays.com\/fr\/wp-json\/wp\/v2\/categories?post=466427"},{"taxonomy":"post_tag","embeddable":true,"href":"https:\/\/www.europesays.com\/fr\/wp-json\/wp\/v2\/tags?post=466427"}],"curies":[{"name":"wp","href":"https:\/\/api.w.org\/{rel}","templated":true}]}}