{"id":466444,"date":"2025-10-16T03:24:11","date_gmt":"2025-10-16T03:24:11","guid":{"rendered":"https:\/\/www.europesays.com\/fr\/466444\/"},"modified":"2025-10-16T03:24:11","modified_gmt":"2025-10-16T03:24:11","slug":"apple-a-choisi-de-facturer-un-supplement-pour-le-chargeur-du-macbook-pro-m5-et-non-lue","status":"publish","type":"post","link":"https:\/\/www.europesays.com\/fr\/466444\/","title":{"rendered":"Apple a choisi de facturer un suppl\u00e9ment pour le chargeur du MacBook Pro M5, et non l&rsquo;UE"},"content":{"rendered":"<p class=\"bodytext\"><a href=\"http:\/\/www.notebookcheck.net\/Apple-iPhone-18-Pro-gets-camera-feature-that-is-lacking-on-Android-flagships-such-as-the-Honor-Magic-8-Pro.1139062.0.html\" target=\"_self\" class=\"internal-link\" rel=\"noopener\">Apple<\/a> vient de pr\u00e9senter un <a href=\"http:\/\/www.notebookcheck.net\/Apple-updates-14-inch-MacBook-Pro-with-M5-chip-and-24-hour-battery-life-starting-at-1-599-99.1139053.0.html\" target=\"_self\" class=\"internal-link\" rel=\"noopener\">macBook Pro 14 pouces<\/a>et la vedette est ind\u00e9niablement la nouvelle puce Apple M5. La soci\u00e9t\u00e9 affirme que la puce M5 est plus puissante et plus \u00e9conome en \u00e9nergie <a href=\"http:\/\/www.notebookcheck.net\/Apple-M5-10-Cores-Processor-Benchmarks-and-Specs.1139129.0.html\" target=\"_self\" class=\"internal-link\" rel=\"noopener\">M5 est plus puissante et plus \u00e9conome en \u00e9nergie<\/a> que son pr\u00e9d\u00e9cesseur, ce qui repr\u00e9sente une avanc\u00e9e majeure pour les professionnels et les cr\u00e9atifs.  &#13;<\/p>\n<p class=\"bodytext\">Cependant, l&rsquo;enthousiasme suscit\u00e9 par les performances de la <a href=\"http:\/\/www.notebookcheck.net\/Apple-Vision-Pro-gets-Apple-M5-upgrade-120Hz-micro-OLED-displays-and-higher-comfort.1139072.0.html\" target=\"_self\" class=\"internal-link\" rel=\"noopener\">M5<\/a> est rapidement \u00e9clips\u00e9 par une controverse croissante qui touche les clients europ\u00e9ens : le nouveau MacBook Pro M5 est d\u00e9sormais livr\u00e9 sans chargeur dans la bo\u00eete. Les consommateurs europ\u00e9ens doivent donc faire face \u00e0 un surco\u00fbt inattendu s&rsquo;ils ne poss\u00e8dent pas d\u00e9j\u00e0 un adaptateur secteur compatible.  &#13;<\/p>\n<p>Le r\u00e8glement de l&rsquo;UE n&rsquo;oblige pas Apple \u00e0 facturer un suppl\u00e9ment pour le chargeur du MacBook Pro M5<\/p>\n<p class=\"bodytext\">Lorsque la nouvelle a \u00e9t\u00e9 annonc\u00e9e, les premi\u00e8res sp\u00e9culations ont sugg\u00e9r\u00e9 que ce changement \u00e9tait enti\u00e8rement impos\u00e9 par des organismes de r\u00e9glementation. Plus pr\u00e9cis\u00e9ment, la conversation a port\u00e9 sur la directive de l&rsquo;Union europ\u00e9enne relative aux d\u00e9chets d&rsquo;\u00e9quipements \u00e9lectriques et \u00e9lectroniques (DEEE). Cette directive vise \u00e0 lutter contre les d\u00e9chets \u00e9lectroniques en obligeant les fabricants de gros appareils, tels que les ordinateurs portables, \u00e0 exclure les accessoires redondants si les consommateurs sont susceptibles de poss\u00e9der d&rsquo;autres appareils compatibles. Cette politique, qui concerne d\u00e9j\u00e0 les iPhones depuis 2021 et les mod\u00e8les d&rsquo;iPad plus r\u00e9cents, s&rsquo;\u00e9tend d\u00e9sormais au MacBook Pro M5 en Europe.  &#13;<\/p>\n<p class=\"bodytext\">Toutefois, cette explication ne dit que la moiti\u00e9 de l&rsquo;histoire.  &#13;<\/p>\n<p class=\"bodytext\">Apr\u00e8s les premiers rapports disculpant Apple, Mark Gurman, journaliste technique fiable, a not\u00e9 que si les r\u00e9glementations europ\u00e9ennes ont cr\u00e9\u00e9 l&rsquo;opportunit\u00e9 de ce changement, la d\u00e9cision finale de faire payer un suppl\u00e9ment aux clients pour l&rsquo;adaptateur revient enti\u00e8rement \u00e0 Apple. &#13;<\/p>\n<p class=\"bodytext\">D&rsquo;autres entreprises confront\u00e9es \u00e0 des exclusions d&rsquo;accessoires similaires ont pris des mesures pour att\u00e9nuer le co\u00fbt pour le consommateur, par exemple en proposant l&rsquo;adaptateur gratuitement, dans un emballage s\u00e9par\u00e9 de l&rsquo;appareil principal. Apple en revanche, l&rsquo;op\u00e9rateur de t\u00e9l\u00e9phonie mobile a choisi une autre voie : il a fait payer l&rsquo;accessoire \u00e0 ses clients. &#13;<\/p>\n<p class=\"bodytext\">Pour les consommateurs europ\u00e9ens, cela se traduit par une augmentation tangible des prix. Apple l&rsquo;adaptateur d&rsquo;alimentation autonome de 70 W du fabricant se vend \u00e0 environ 65 euros dans les pays de l&rsquo;UE et \u00e0 59 livres sterling au Royaume-Uni. Cette d\u00e9cision a rapidement suscit\u00e9 un d\u00e9bat parmi les utilisateurs, opposant l&rsquo;engagement de Apple en faveur des initiatives \u00ab\u00a0vertes\u00a0\u00bb \u00e0 sa d\u00e9cision de mon\u00e9tiser un accessoire autrefois standard pour son ordinateur portable haut de gamme. <\/p>\n","protected":false},"excerpt":{"rendered":"Apple vient de pr\u00e9senter un macBook Pro 14 pouceset la vedette est ind\u00e9niablement la nouvelle puce Apple M5.&hellip;\n","protected":false},"author":2,"featured_media":466445,"comment_status":"","ping_status":"","sticky":false,"template":"","format":"standard","meta":{"footnotes":""},"categories":[1586],"tags":[11,59024,59027,59025,59023,59022,59021,1777,674,1779,1011,27,9412,40388,59020,12,1113,59026,5747,25,9411,374,1778,364],"class_list":{"0":"post-466444","1":"post","2":"type-post","3":"status-publish","4":"format-standard","5":"has-post-thumbnail","7":"category-europe","8":"tag-actualites","9":"tag-apple-sans-chargeur","10":"tag-brique-dalimentation-macbook-pro","11":"tag-chargeur-apple-reglementation-ue","12":"tag-chargeur-macbook-m5-europe","13":"tag-chargeur-macbook-pro","14":"tag-chargeur-macbook-pro-m5","15":"tag-eu","16":"tag-europe","17":"tag-european-union","18":"tag-fr","19":"tag-france","20":"tag-informations-sur-des-ordinateurs-portatifs","21":"tag-macbook-pro","22":"tag-macbook-pro-m5","23":"tag-news","24":"tag-nouvelles","25":"tag-prix-de-ladaptateur-70w","26":"tag-rapport","27":"tag-republique-francaise","28":"tag-revues","29":"tag-test","30":"tag-ue","31":"tag-union-europeenne"},"share_on_mastodon":{"url":"https:\/\/pubeurope.com\/@fr\/115381709781211828","error":""},"_links":{"self":[{"href":"https:\/\/www.europesays.com\/fr\/wp-json\/wp\/v2\/posts\/466444","targetHints":{"allow":["GET"]}}],"collection":[{"href":"https:\/\/www.europesays.com\/fr\/wp-json\/wp\/v2\/posts"}],"about":[{"href":"https:\/\/www.europesays.com\/fr\/wp-json\/wp\/v2\/types\/post"}],"author":[{"embeddable":true,"href":"https:\/\/www.europesays.com\/fr\/wp-json\/wp\/v2\/users\/2"}],"replies":[{"embeddable":true,"href":"https:\/\/www.europesays.com\/fr\/wp-json\/wp\/v2\/comments?post=466444"}],"version-history":[{"count":0,"href":"https:\/\/www.europesays.com\/fr\/wp-json\/wp\/v2\/posts\/466444\/revisions"}],"wp:featuredmedia":[{"embeddable":true,"href":"https:\/\/www.europesays.com\/fr\/wp-json\/wp\/v2\/media\/466445"}],"wp:attachment":[{"href":"https:\/\/www.europesays.com\/fr\/wp-json\/wp\/v2\/media?parent=466444"}],"wp:term":[{"taxonomy":"category","embeddable":true,"href":"https:\/\/www.europesays.com\/fr\/wp-json\/wp\/v2\/categories?post=466444"},{"taxonomy":"post_tag","embeddable":true,"href":"https:\/\/www.europesays.com\/fr\/wp-json\/wp\/v2\/tags?post=466444"}],"curies":[{"name":"wp","href":"https:\/\/api.w.org\/{rel}","templated":true}]}}