{"id":466453,"date":"2025-10-16T03:31:13","date_gmt":"2025-10-16T03:31:13","guid":{"rendered":"https:\/\/www.europesays.com\/fr\/466453\/"},"modified":"2025-10-16T03:31:13","modified_gmt":"2025-10-16T03:31:13","slug":"la-wild-card-du-rolex-paris-masters-en-ligne-de-mire","status":"publish","type":"post","link":"https:\/\/www.europesays.com\/fr\/466453\/","title":{"rendered":"la wild-card du Rolex Paris Masters en ligne de mire"},"content":{"rendered":"<p>                <img decoding=\"async\" src=\"https:\/\/www.europesays.com\/fr\/wp-content\/uploads\/2025\/10\/mcJT.jpg\" fetchpriority=\"high\" alt=\"Apr\u00e8s Shanghai, Rinderknech ajuste son calendrier : la wild-card du Rolex Paris Masters en ligne de mire\"\/><\/p>\n<p>Quelques jours apr\u00e8s avoir brill\u00e9 \u00e0 Shanghai, Arthur Rinderknech semble temporiser. Forfait \u00e0 Bruxelles, incertain \u00e0 B\u00e2le, il compte garder ses forces pour un dernier grand rendez-vous \u00e0 Paris La D\u00e9fense Arena.<\/p>\n<p>Battu il y a quelques jours en finale du Masters 1000 de Shanghai, Arthur Rinderknech se concentre d\u00e9sormais sur son calendrier pour cette fin de saison.<\/p>\n<p>Le Fran\u00e7ais avait d\u00e9j\u00e0 d\u00e9clar\u00e9 forfait pour le tournoi de Bruxelles, qui se tient cette semaine, et il semblerait qu\u2019il puisse aussi manquer \u00e0 l\u2019appel \u00e0 B\u00e2le.<\/p>\n<p>Il a en tout cas retir\u00e9 son inscription aux qualifications de cet ATP 500 et se positionne d\u00e9sormais comme alternate. Quatre forfaits lui permettraient d\u2019int\u00e9grer le tableau principal.<\/p>\n<p>Rinderknech sera dans tous les cas de retour au Rolex Paris Masters (27 octobre-2 novembre), o\u00f9 l\u2019attend tr\u00e8s certainement une wild-card.<\/p>\n","protected":false},"excerpt":{"rendered":"Quelques jours apr\u00e8s avoir brill\u00e9 \u00e0 Shanghai, Arthur Rinderknech semble temporiser. Forfait \u00e0 Bruxelles, incertain \u00e0 B\u00e2le, il&hellip;\n","protected":false},"author":2,"featured_media":466454,"comment_status":"","ping_status":"","sticky":false,"template":"","format":"standard","meta":{"footnotes":""},"categories":[1415],"tags":[1011,27,60,1467],"class_list":{"0":"post-466453","1":"post","2":"type-post","3":"status-publish","4":"format-standard","5":"has-post-thumbnail","7":"category-tennis","8":"tag-fr","9":"tag-france","10":"tag-sports","11":"tag-tennis"},"share_on_mastodon":{"url":"https:\/\/pubeurope.com\/@fr\/115381737215031553","error":""},"_links":{"self":[{"href":"https:\/\/www.europesays.com\/fr\/wp-json\/wp\/v2\/posts\/466453","targetHints":{"allow":["GET"]}}],"collection":[{"href":"https:\/\/www.europesays.com\/fr\/wp-json\/wp\/v2\/posts"}],"about":[{"href":"https:\/\/www.europesays.com\/fr\/wp-json\/wp\/v2\/types\/post"}],"author":[{"embeddable":true,"href":"https:\/\/www.europesays.com\/fr\/wp-json\/wp\/v2\/users\/2"}],"replies":[{"embeddable":true,"href":"https:\/\/www.europesays.com\/fr\/wp-json\/wp\/v2\/comments?post=466453"}],"version-history":[{"count":0,"href":"https:\/\/www.europesays.com\/fr\/wp-json\/wp\/v2\/posts\/466453\/revisions"}],"wp:featuredmedia":[{"embeddable":true,"href":"https:\/\/www.europesays.com\/fr\/wp-json\/wp\/v2\/media\/466454"}],"wp:attachment":[{"href":"https:\/\/www.europesays.com\/fr\/wp-json\/wp\/v2\/media?parent=466453"}],"wp:term":[{"taxonomy":"category","embeddable":true,"href":"https:\/\/www.europesays.com\/fr\/wp-json\/wp\/v2\/categories?post=466453"},{"taxonomy":"post_tag","embeddable":true,"href":"https:\/\/www.europesays.com\/fr\/wp-json\/wp\/v2\/tags?post=466453"}],"curies":[{"name":"wp","href":"https:\/\/api.w.org\/{rel}","templated":true}]}}