{"id":466457,"date":"2025-10-16T03:34:10","date_gmt":"2025-10-16T03:34:10","guid":{"rendered":"https:\/\/www.europesays.com\/fr\/466457\/"},"modified":"2025-10-16T03:34:10","modified_gmt":"2025-10-16T03:34:10","slug":"f1-ferrari-la-fin-est-annoncee-pour-lewis-hamilton","status":"publish","type":"post","link":"https:\/\/www.europesays.com\/fr\/466457\/","title":{"rendered":"F1 &#8211; Ferrari\u00a0: La fin est annonc\u00e9e pour Lewis Hamilton\u00a0?"},"content":{"rendered":"<p class=\"heading\">Pour sa premi\u00e8re saison chez Ferrari, Lewis Hamilton avait sans doute r\u00eav\u00e9 de mieux. Le septuple champion du monde peine \u00e0 s\u2019adapter \u00e0 sa nouvelle monoplace. Les choses pourraient toutefois changer en 2026, avec la nouvelle r\u00e9glementation qui entrera en vigueur. Ce changement pourrait signer la fin des gal\u00e8res pour le pilote de 40 ans au sein de la Scuderia.<\/p>\n<p>Apr\u00e8s avoir v\u00e9cu des derni\u00e8res saisons d\u00e9licates chez <strong>Mercedes<\/strong>, <a href=\"https:\/\/le10sport.com\/formule1\/f1-nouveau-pilote-chez-ferrari-le-remplacant-de-lewis-hamilton-est-connu-761212\" rel=\"nofollow noopener\" target=\"_blank\">Lewis Hamilton<\/a> a d\u00e9cid\u00e9 de rejoindre <strong>Ferrari<\/strong> pour essayer de relancer sa carri\u00e8re. Mais finalement, rien ne se passe vraiment comme pr\u00e9vu pour le septuple champion du monde. Le Britannique peine \u00e0 s\u2019adapter \u00e0 la monoplace de l\u2019\u00e9curie italienne et pointe ainsi \u00e0 la sixi\u00e8me place du classement g\u00e9n\u00e9ral de la <strong>F1<\/strong>.<\/p>\n<p>                                            Les gal\u00e8res bient\u00f4t termin\u00e9es pour Hamilton chez Ferrari ?<\/p>\n<p>La situation pourrait cependant changer en 2026. La nouvelle r\u00e9glementation qui entrera en vigueur l\u2019ann\u00e9e prochaine va pousser les \u00e9quipes \u00e0 revoir enti\u00e8rement leur voiture. <strong>Ferrari<\/strong> pourrait donc se retrouver \u00e0 jouer les premi\u00e8res places si l\u2019\u00e9curie parvient \u00e0 trouver la bonne formule. Cela pourrait ainsi signer la fin des probl\u00e8mes pour <strong>Lewis Hamilton<\/strong>. Et c\u2019est ce que <strong>Mika H\u00e4kkinen<\/strong> a laiss\u00e9 entendre.<\/p>\n<p>                                            \u00abLes designers tr\u00e8s exp\u00e9riment\u00e9s pourront d\u00e9velopper une voiture fantastique\u00bb<\/p>\n<p>\u00ab\u00a0Les voitures vont techniquement beaucoup changer l\u2019ann\u00e9e prochaine. Les designers tr\u00e8s exp\u00e9riment\u00e9s pourront d\u00e9velopper une voiture fantastique. Les pilotes devront probablement adapter un peu leurs comp\u00e9tences. Ils devront \u00eatre tr\u00e8s concentr\u00e9s pour garder la voiture sur la piste, car les voitures pourraient devenir tr\u00e8s difficiles \u00e0 piloter l\u2019ann\u00e9e prochaine. Les \u00e9quipes qui ont de bons designers, capables de construire une excellente voiture, vont bien s\u2019en sortir. Les \u00e9quipes moins exp\u00e9riment\u00e9es auront beaucoup de probl\u00e8mes\u00a0\u00bb a confi\u00e9 le double champion du monde dans des propos rapport\u00e9s par NextGen-Auto. \u00c0 suivre&#8230;<\/p>\n","protected":false},"excerpt":{"rendered":"Pour sa premi\u00e8re saison chez Ferrari, Lewis Hamilton avait sans doute r\u00eav\u00e9 de mieux. Le septuple champion du&hellip;\n","protected":false},"author":2,"featured_media":466458,"comment_status":"","ping_status":"","sticky":false,"template":"","format":"standard","meta":{"footnotes":""},"categories":[1412],"tags":[1451,1452,1453,1454,1455,1011,27,60],"class_list":{"0":"post-466457","1":"post","2":"type-post","3":"status-publish","4":"format-standard","5":"has-post-thumbnail","7":"category-f1","8":"tag-f1","9":"tag-formula-1","10":"tag-formula1","11":"tag-formule-1","12":"tag-formule1","13":"tag-fr","14":"tag-france","15":"tag-sports"},"share_on_mastodon":{"url":"https:\/\/pubeurope.com\/@fr\/115381748638955083","error":""},"_links":{"self":[{"href":"https:\/\/www.europesays.com\/fr\/wp-json\/wp\/v2\/posts\/466457","targetHints":{"allow":["GET"]}}],"collection":[{"href":"https:\/\/www.europesays.com\/fr\/wp-json\/wp\/v2\/posts"}],"about":[{"href":"https:\/\/www.europesays.com\/fr\/wp-json\/wp\/v2\/types\/post"}],"author":[{"embeddable":true,"href":"https:\/\/www.europesays.com\/fr\/wp-json\/wp\/v2\/users\/2"}],"replies":[{"embeddable":true,"href":"https:\/\/www.europesays.com\/fr\/wp-json\/wp\/v2\/comments?post=466457"}],"version-history":[{"count":0,"href":"https:\/\/www.europesays.com\/fr\/wp-json\/wp\/v2\/posts\/466457\/revisions"}],"wp:featuredmedia":[{"embeddable":true,"href":"https:\/\/www.europesays.com\/fr\/wp-json\/wp\/v2\/media\/466458"}],"wp:attachment":[{"href":"https:\/\/www.europesays.com\/fr\/wp-json\/wp\/v2\/media?parent=466457"}],"wp:term":[{"taxonomy":"category","embeddable":true,"href":"https:\/\/www.europesays.com\/fr\/wp-json\/wp\/v2\/categories?post=466457"},{"taxonomy":"post_tag","embeddable":true,"href":"https:\/\/www.europesays.com\/fr\/wp-json\/wp\/v2\/tags?post=466457"}],"curies":[{"name":"wp","href":"https:\/\/api.w.org\/{rel}","templated":true}]}}