{"id":466463,"date":"2025-10-16T03:37:11","date_gmt":"2025-10-16T03:37:11","guid":{"rendered":"https:\/\/www.europesays.com\/fr\/466463\/"},"modified":"2025-10-16T03:37:11","modified_gmt":"2025-10-16T03:37:11","slug":"gaelle-paty-la-soeur-de-samuel-paty-finalement-absente-du-20-heures-de-lea-salame-sur-france-2","status":"publish","type":"post","link":"https:\/\/www.europesays.com\/fr\/466463\/","title":{"rendered":"Ga\u00eblle Paty, la s\u0153ur de Samuel Paty, finalement absente du \u00ab20 Heures\u00bb de L\u00e9a Salam\u00e9 sur France 2"},"content":{"rendered":"<p>\n    <strong>VID\u00c9O<\/strong> &#8211; Alors qu\u2019elle \u00e9tait invit\u00e9e \u00e0 r\u00e9pondre aux questions de la pr\u00e9sentatrice du journal t\u00e9l\u00e9vis\u00e9 de France 2, la s\u0153ur du professeur assassin\u00e9 ne s\u2019est pas pr\u00e9sent\u00e9e.<\/p>\n<p class=\"fig-paragraph\">La communication de France T\u00e9l\u00e9visions l\u2019avait pourtant annonc\u00e9e en grande pompe. \u00c0 l\u2019occasion du triste anniversaire du d\u00e9c\u00e8s de son fr\u00e8re,\u00a0<a href=\"https:\/\/www.lefigaro.fr\/tag\/samuel-paty\" target=\"_blank\" rel=\"noopener\" data-gtm-custom-categorie=\"navigation\" data-gtm-custom-action=\"crossclick\" data-gtm-custom-label=\"Contextuel\" data-gtm-event=\"customEventSPE\">Samuel Paty<\/a>, <strong>Ga\u00eblle Paty<\/strong> devait \u00eatre pr\u00e9sente sur le plateau du <strong>\u00ab20 Heures\u00bb<\/strong> de\u00a0<a href=\"https:\/\/tvmag.lefigaro.fr\/programme-tv\/chaine\/4\/tous-les-programmes-de-france-2\" target=\"_blank\" rel=\"noopener\" data-gtm-custom-categorie=\"navigation\" data-gtm-custom-action=\"crossclick\" data-gtm-custom-label=\"Contextuel\" data-gtm-event=\"customEventSPE\">France 2<\/a>, aux c\u00f4t\u00e9s de\u00a0<a href=\"https:\/\/www.lefigaro.fr\/tag\/lea-salame\" target=\"_blank\" rel=\"noopener\" data-gtm-custom-categorie=\"navigation\" data-gtm-custom-action=\"crossclick\" data-gtm-custom-label=\"Contextuel\" data-gtm-event=\"customEventSPE\"><strong>L\u00e9a Salam\u00e9<\/strong><\/a>, ce mercredi 15 octobre.<\/p>\n<p class=\"fig-paragraph\">Seulement, les t\u00e9l\u00e9spectateurs l\u2019auront remarqu\u00e9, le journal t\u00e9l\u00e9vis\u00e9 s\u2019est d\u00e9roul\u00e9 sans l\u2019habituel entretien men\u00e9 par la pr\u00e9sentatrice de\u00a0<a href=\"https:\/\/tvmag.lefigaro.fr\/programme-tv\/programme\/quelle-epoque-f17079441\" target=\"_blank\" rel=\"noopener\" data-gtm-custom-categorie=\"navigation\" data-gtm-custom-action=\"crossclick\" data-gtm-custom-label=\"Contextuel\" data-gtm-event=\"customEventSPE\">\u00abQuelle \u00e9poque\u00a0!\u00bb<\/a>\u00a0qui doit faire face \u00e0 une nouvelle d\u00e9convenue. Pourtant, cette derni\u00e8re n\u2019a fait aucune mention de l\u2019absence de son invit\u00e9e durant tout le \u00ab20 Heures\u00bb. D\u2019apr\u00e8s le service communication de France 2 que nous avons contact\u00e9, un retard de train a emp\u00each\u00e9 la venue de Ga\u00eblle Paty. Un retard de plus de deux heures, alors que cette derni\u00e8re venait de Toulouse.<\/p>\n<p>                                    <a class=\"fig-a11y-skip a11y-hidden\" href=\"#fig-a11y-skip-main-inarticle\"><br \/>\n        Passer la publicit\u00e9<br \/>\n    <\/a><\/p>\n<p class=\"fig-paragraph\">Cette absence n\u2019aurait donc rien \u00e0 voir avec la pol\u00e9mique qui a touch\u00e9 l\u2019animatrice ces deux derniers jours. La s\u0153ur du professeur, assassin\u00e9 le 16 octobre 2020 par l\u2019un de ses \u00e9l\u00e8ves apr\u00e8s avoir montr\u00e9 des caricatures de Charlie Hebdo en classe, avait \u00e9t\u00e9 invit\u00e9e \u00e0 se rendre aux c\u00f4t\u00e9s de L\u00e9a Salam\u00e9, deux jours avant l\u2019erreur du 13 Heures et du 20 Heures.<\/p>\n<p class=\"fig-paragraph\">Lundi soir, L\u00e9a Salam\u00e9 avait \u00e9voqu\u00e9 la m\u00e9moire de\u00a0<a href=\"https:\/\/www.lefigaro.fr\/tag\/dominique-bernard\" target=\"_blank\" rel=\"noopener\" data-gtm-custom-categorie=\"navigation\" data-gtm-custom-action=\"crossclick\" data-gtm-custom-label=\"Contextuel\" data-gtm-event=\"customEventSPE\">Dominique Bernard<\/a>\u00a0au cours du JT, le confondant avec Samuel Paty. \u00abL\u2019hommage, ce matin \u00e0 Arras dans le Pas-de-Calais, au professeur Dominique Bernard, assassin\u00e9 il y a deux ans jour pour jour dans une attaque terroriste par un \u00e9l\u00e8ve radicalis\u00e9 apr\u00e8s avoir montr\u00e9 des caricatures de\u00a0Charlie Hebdo. Un l\u00e2cher de ballons a \u00e9t\u00e9 organis\u00e9. Dominique Bernard avait 57 ans\u00bb, avait-elle d\u00e9clar\u00e9. Sept heures plus t\u00f4t, dans l\u2019\u00e9dition de la mi-journ\u00e9e pr\u00e9sent\u00e9e par\u00a0<a href=\"https:\/\/www.lefigaro.fr\/tag\/julian-bugier\" target=\"_blank\" rel=\"noopener\" data-gtm-custom-categorie=\"navigation\" data-gtm-custom-action=\"crossclick\" data-gtm-custom-label=\"Contextuel\" data-gtm-event=\"customEventSPE\">Julian Bugier<\/a>, ce dernier s\u2019\u00e9tait \u00e9galement tromp\u00e9.<\/p>\n<p class=\"fig-body-link\">\n            \u00c0 lire aussi<br \/>\n        <a class=\"fig-body-link__link\" href=\"http:\/\/tvmag.lefigaro.fr\/programme-tv\/actu-tele\/une-erreur-a-ete-commise-lea-salame-fait-son-mea-culpa-apres-une-information-erronee-au-jt-20251014\" target=\"_blank\" data-fig-type=\"Article\" rel=\"noopener\" data-gtm-custom-categorie=\"navigation\" data-gtm-custom-action=\"crossclick\" data-gtm-custom-label=\"Contextuel\" data-gtm-event=\"customEventSPE\" data-fig-domain=\"TVMAG\">\u00abUne erreur a \u00e9t\u00e9 commise\u00bb\u00a0: mea-culpa de L\u00e9a Salam\u00e9 apr\u00e8s une information erron\u00e9e sur Dominique Bernard dans le JT<br \/>\n    <\/a>\n<\/p>\n<p class=\"fig-paragraph\">Dans un message d\u2019excuses publi\u00e9 ce mardi 14 octobre sur son compte X, L\u00e9a Salam\u00e9 a d\u00e9clar\u00e9\u00a0: \u00abune erreur a \u00e9t\u00e9 commise hier \u00e0 13 heures et reprise \u00e0 20 heures, lors de notre hommage \u00e0 Dominique Bernard. Il n\u2019a pas \u00e9t\u00e9 assassin\u00e9 apr\u00e8s avoir montr\u00e9 des caricatures. Nous pr\u00e9sentons, au nom de France T\u00e9l\u00e9visions, nos excuses \u00e0 la famille. Un erratum sera fait \u00e0 l\u2019antenne, \u00e0 13 heures et \u00e0 20 heures\u00bb.<\/p>\n<p class=\"fig-paragraph\">Mais les excuses n\u2019ont pas suffi \u00e0 la CGT de France T\u00e9l\u00e9visions, qui s\u2019en est \u00e0 nouveau pris \u00e0 l\u2019animatrice, dans un communiqu\u00e9 publi\u00e9 sur son compte X, ce mercredi. \u00abQuand L\u00e9a Salam\u00e9, apr\u00e8s quinze minutes de journal le 13 octobre 2025, commente un off consacr\u00e9 au terrible anniversaire de l\u2019assassinat de Dominique Bernard, elle refait la m\u00eame erreur que son coll\u00e8gue Julian Bugier quelques heures plus t\u00f4t au \u201c13 Heures\u201d, en confondant son nom avec celui de Samuel Paty, malheureuse victime lui aussi des islamistes extr\u00e9mistes. La m\u00eame erreur, deux fois. Malgr\u00e9 toute la cohorte de chefs et directeurs qui relisent la moindre virgule. C\u2019est grave\u00a0!\u00bb, s\u2019est-elle indign\u00e9e.<\/p>\n","protected":false},"excerpt":{"rendered":"VID\u00c9O &#8211; Alors qu\u2019elle \u00e9tait invit\u00e9e \u00e0 r\u00e9pondre aux questions de la pr\u00e9sentatrice du journal t\u00e9l\u00e9vis\u00e9 de France&hellip;\n","protected":false},"author":2,"featured_media":466464,"comment_status":"","ping_status":"","sticky":false,"template":"","format":"standard","meta":{"footnotes":""},"categories":[1359],"tags":[58,59,1011,27,594,3806,973,35490],"class_list":{"0":"post-466463","1":"post","2":"type-post","3":"status-publish","4":"format-standard","5":"has-post-thumbnail","7":"category-people","8":"tag-divertissement","9":"tag-entertainment","10":"tag-fr","11":"tag-france","12":"tag-france-2","13":"tag-lea-salame","14":"tag-people","15":"tag-samuel-paty"},"share_on_mastodon":{"url":"https:\/\/pubeurope.com\/@fr\/115381760398869830","error":""},"_links":{"self":[{"href":"https:\/\/www.europesays.com\/fr\/wp-json\/wp\/v2\/posts\/466463","targetHints":{"allow":["GET"]}}],"collection":[{"href":"https:\/\/www.europesays.com\/fr\/wp-json\/wp\/v2\/posts"}],"about":[{"href":"https:\/\/www.europesays.com\/fr\/wp-json\/wp\/v2\/types\/post"}],"author":[{"embeddable":true,"href":"https:\/\/www.europesays.com\/fr\/wp-json\/wp\/v2\/users\/2"}],"replies":[{"embeddable":true,"href":"https:\/\/www.europesays.com\/fr\/wp-json\/wp\/v2\/comments?post=466463"}],"version-history":[{"count":0,"href":"https:\/\/www.europesays.com\/fr\/wp-json\/wp\/v2\/posts\/466463\/revisions"}],"wp:featuredmedia":[{"embeddable":true,"href":"https:\/\/www.europesays.com\/fr\/wp-json\/wp\/v2\/media\/466464"}],"wp:attachment":[{"href":"https:\/\/www.europesays.com\/fr\/wp-json\/wp\/v2\/media?parent=466463"}],"wp:term":[{"taxonomy":"category","embeddable":true,"href":"https:\/\/www.europesays.com\/fr\/wp-json\/wp\/v2\/categories?post=466463"},{"taxonomy":"post_tag","embeddable":true,"href":"https:\/\/www.europesays.com\/fr\/wp-json\/wp\/v2\/tags?post=466463"}],"curies":[{"name":"wp","href":"https:\/\/api.w.org\/{rel}","templated":true}]}}