{"id":466488,"date":"2025-10-16T03:51:43","date_gmt":"2025-10-16T03:51:43","guid":{"rendered":"https:\/\/www.europesays.com\/fr\/466488\/"},"modified":"2025-10-16T03:51:43","modified_gmt":"2025-10-16T03:51:43","slug":"quand-le-corso-est-fini-on-pense-au-suivant","status":"publish","type":"post","link":"https:\/\/www.europesays.com\/fr\/466488\/","title":{"rendered":"\u00ab\u00a0Quand le corso est fini, on pense au suivant\u00a0\u00bb"},"content":{"rendered":"<p>Il est toujours tr\u00e8s attendu, le corso de la vogue des Noix. Alors, il doit \u00eatre \u00e0 la hauteur\u00a0! Rythmes, couleurs, nouveaut\u00e9s\u00a0: c\u2019est la promesse d\u2019un corso que le comit\u00e9 des f\u00eates veut toujours plus beau.<\/p>\n<p>Alors chaque \u00e9dition se pr\u00e9pare aux petits oignons. Et \u00e7a demande du temps. \u00ab\u00a0\u00c0 la fin de chaque corso, on pense au suivant\u00a0\u00bb s\u2019exclame No\u00ebl Carrot. Apr\u00e8s avoir \u00e9t\u00e9 vice-pr\u00e9sident et pr\u00e9sident du Comit\u00e9 des f\u00eates, il en est d\u00e9sormais le responsable logistique et technique. Les troupes, c\u2019est sa partie, avec son grand ami Andr\u00e9 Limousin, qui est actuellement en convalescence. \u00ab\u00a0On essaye toujours d\u2019apporter des changements d\u2019une ann\u00e9e sur l\u2019autre. Pour \u00e7a, nous sommes en contact avec des impr\u00e9sarios qui nous font conna\u00eetre leurs nouveaut\u00e9s\u00a0\u00bb.<\/p>\n<p>S\u00e9lectionner les troupes, \u00e9tablir les contrats\u00a0: des mois de travail<\/p>\n<p>D\u00e8s le mois de janvier, une&#8230;<\/p>\n","protected":false},"excerpt":{"rendered":"Il est toujours tr\u00e8s attendu, le corso de la vogue des Noix. Alors, il doit \u00eatre \u00e0 la&hellip;\n","protected":false},"author":2,"featured_media":466489,"comment_status":"","ping_status":"","sticky":false,"template":"","format":"standard","meta":{"footnotes":""},"categories":[9653],"tags":[1111,11,2430,1687,7539,1777,674,3326,10282,10283,1011,27,12,25,4001],"class_list":{"0":"post-466488","1":"post","2":"type-post","3":"status-publish","4":"format-standard","5":"has-post-thumbnail","7":"category-saint-etienne","8":"tag-actu","9":"tag-actualites","10":"tag-auvergne-rhone-alpes","11":"tag-culture-loisirs","12":"tag-edition-loire-sud","13":"tag-eu","14":"tag-europe","15":"tag-fete-locale","16":"tag-firminy","17":"tag-firminy-ville","18":"tag-fr","19":"tag-france","20":"tag-news","21":"tag-republique-francaise","22":"tag-saint-etienne"},"share_on_mastodon":{"url":"https:\/\/pubeurope.com\/@fr\/115381815457909257","error":""},"_links":{"self":[{"href":"https:\/\/www.europesays.com\/fr\/wp-json\/wp\/v2\/posts\/466488","targetHints":{"allow":["GET"]}}],"collection":[{"href":"https:\/\/www.europesays.com\/fr\/wp-json\/wp\/v2\/posts"}],"about":[{"href":"https:\/\/www.europesays.com\/fr\/wp-json\/wp\/v2\/types\/post"}],"author":[{"embeddable":true,"href":"https:\/\/www.europesays.com\/fr\/wp-json\/wp\/v2\/users\/2"}],"replies":[{"embeddable":true,"href":"https:\/\/www.europesays.com\/fr\/wp-json\/wp\/v2\/comments?post=466488"}],"version-history":[{"count":0,"href":"https:\/\/www.europesays.com\/fr\/wp-json\/wp\/v2\/posts\/466488\/revisions"}],"wp:featuredmedia":[{"embeddable":true,"href":"https:\/\/www.europesays.com\/fr\/wp-json\/wp\/v2\/media\/466489"}],"wp:attachment":[{"href":"https:\/\/www.europesays.com\/fr\/wp-json\/wp\/v2\/media?parent=466488"}],"wp:term":[{"taxonomy":"category","embeddable":true,"href":"https:\/\/www.europesays.com\/fr\/wp-json\/wp\/v2\/categories?post=466488"},{"taxonomy":"post_tag","embeddable":true,"href":"https:\/\/www.europesays.com\/fr\/wp-json\/wp\/v2\/tags?post=466488"}],"curies":[{"name":"wp","href":"https:\/\/api.w.org\/{rel}","templated":true}]}}