{"id":466494,"date":"2025-10-16T03:54:25","date_gmt":"2025-10-16T03:54:25","guid":{"rendered":"https:\/\/www.europesays.com\/fr\/466494\/"},"modified":"2025-10-16T03:54:25","modified_gmt":"2025-10-16T03:54:25","slug":"les-fatals-picards-a-nancy-2026","status":"publish","type":"post","link":"https:\/\/www.europesays.com\/fr\/466494\/","title":{"rendered":"Les Fatals Picards \u00e0 Nancy 2026"},"content":{"rendered":"<p class=\"intro\">Les Fatals Picards investissent la sc\u00e8ne de L&rsquo;Autre Canal de Nancy le samedi 21 novembre 2026 \u00e0 20h30 pour c\u00e9l\u00e9brer leurs 25 ans de carri\u00e8re. Ce concert exceptionnel dans la capitale lorraine s&rsquo;inscrit dans leur tourn\u00e9e anniversaire qui parcourt toute la France. Une soir\u00e9e plac\u00e9e sous le signe de l&rsquo;humour, du rock et du second degr\u00e9 attend les spectateurs nanc\u00e9iens dans cette salle mythique des musiques actuelles. R\u00e9servez d\u00e8s maintenant vos billets pour ne pas manquer ce rendez-vous musical unique.<\/p>\n<p>Nancy accueille Les Fatals Picards pour une soir\u00e9e anniversaire m\u00e9morable<\/p>\n<p>Cette date nanc\u00e9ienne s&rsquo;annonce comme un moment fort de la tourn\u00e9e des <strong>25 ans des Fatals Picards<\/strong>. L&rsquo;\u00e9v\u00e9nement promet un spectacle m\u00ealant leurs plus grands succ\u00e8s et leur univers d\u00e9cal\u00e9, caract\u00e9ris\u00e9 par un savant m\u00e9lange de rock, chanson fran\u00e7aise et humour au second degr\u00e9. Les spectateurs d\u00e9couvriront ou red\u00e9couvriront un r\u00e9pertoire forg\u00e9 au fil de deux d\u00e9cennies et demie d&rsquo;existence.<\/p>\n<p><img decoding=\"async\" loading=\"lazy\" src=\"https:\/\/www.europesays.com\/fr\/wp-content\/uploads\/2025\/06\/les-fatals-picards---bengal---le-buffet-sonore-tickets_290361_2508978_222x222.jpg\" alt=\"Les Fatals Picards F\u00eatent Leurs 25 Ans  - Tourn\u00e9e\" class=\"border\"\/><\/p>\n<p>Cette c\u00e9l\u00e9bration musicale en Lorraine offrira l&rsquo;occasion aux fans de vivre une exp\u00e9rience unique dans l&rsquo;une des salles de concert les plus r\u00e9put\u00e9es de la r\u00e9gion. L&rsquo;acoustique exceptionnelle de L&rsquo;Autre Canal permettra d&rsquo;appr\u00e9cier pleinement la richesse musicale du groupe. Les amateurs de <a href=\"https:\/\/www.jds.fr\/nancy\/agenda\/musique-et-concerts-96_B\" rel=\"nofollow noopener\" target=\"_blank\">concerts \u00e0 Nancy<\/a> ne voudront pas manquer ce rendez-vous exceptionnel avec l&rsquo;une des formations les plus originales de la sc\u00e8ne fran\u00e7aise.<\/p>\n<p>Billetterie pour Les Fatals Picards \u00e0 L&rsquo;Autre Canal de Nancy<\/p>\n<p><a class=\"btn btn-lg shadow-lg btn-primary rounded-pill fnac_link\" data-fnac=\"in_article\" href=\"https:\/\/www.awin1.com\/pclick.php?p=42805296848&amp;a=634278&amp;m=12494&amp;clickref=in_article-A-desktop\" target=\"_blank\" rel=\"nofollow noopener\"> Acheter des billets<\/a><\/p>\n<p>Les billets pour ce concert anniversaire sont disponibles \u00e0 partir de <strong>32,70\u00a0\u20ac<\/strong>. Face \u00e0 la popularit\u00e9 grandissante des Fatals Picards et \u00e0 l&rsquo;engouement suscit\u00e9 par leur tourn\u00e9e des 25 ans, il est recommand\u00e9 d&rsquo;acheter rapidement ses places. La grande salle de L&rsquo;Autre Canal offre une capacit\u00e9 de 1300 places, garantissant une ambiance intimiste malgr\u00e9 la taille du lieu. Ne tardez pas \u00e0 r\u00e9server vos billets pour assister \u00e0 cette soir\u00e9e m\u00e9morable.<\/p>\n<p>Pour d\u00e9couvrir les autres dates de cette tourn\u00e9e anniversaire, consultez tous les <a href=\"https:\/\/www.jds.fr\/artistes\/les-fatals-picards-1160_N\" rel=\"nofollow noopener\" target=\"_blank\">concerts des Fatals Picards<\/a> programm\u00e9s dans toute la France.<\/p>\n<p>Le parcours artistique des Fatals Picards\u00a0: 25 ans d&rsquo;humour et de musique<\/p>\n<p>Depuis leur formation en 2000, Les Fatals Picards ont construit leur identit\u00e9 autour d&rsquo;un style \u00e9clectique m\u00ealant rock, punk, reggae et chanson fran\u00e7aise. Leur signature artistique repose sur des textes empreints d&rsquo;humour et de second degr\u00e9, qui ont conquis un public fid\u00e8le. Le groupe a marqu\u00e9 les esprits en 2007 en repr\u00e9sentant la France \u00e0 l&rsquo;<strong>Eurovision<\/strong> avec\u00a0\u00ab\u00a0L&rsquo;Amour \u00e0 la fran\u00e7aise\u00a0\u00bb.<\/p>\n<p>Leur discographie compte d\u00e9sormais <strong>10 albums<\/strong>, le dernier sorti en mai 2022 ayant \u00e9t\u00e9 financ\u00e9 par une campagne de crowdfunding t\u00e9moignant de la fid\u00e9lit\u00e9 de leurs fans. Cette long\u00e9vit\u00e9 artistique trouve aujourd&rsquo;hui son apog\u00e9e avec cette tourn\u00e9e anniversaire qui c\u00e9l\u00e8bre un quart de si\u00e8cle d&rsquo;existence. Les spectateurs pourront \u00e9galement retrouver <a href=\"https:\/\/www.jds.fr\/grenoble\/concerts\/pop-folk\/les-fatals-picards-fetent-leurs-25-ans-tournee-1047892_A\" rel=\"nofollow noopener\" target=\"_blank\">Les Fatals Picards dans d&rsquo;autres villes<\/a> lors de cette tourn\u00e9e exceptionnelle.<\/p>\n<p>Comment aller \u00e0 L&rsquo;Autre Canal de Nancy\u00a0?<\/p>\n<p>Pour rejoindre <a href=\"https:\/\/www.jds.fr\/nancy\/salle-de-concert\/l-autre-canal-de-nancy-13210_L\" rel=\"nofollow noopener\" target=\"_blank\">L&rsquo;Autre Canal de Nancy<\/a> en voiture, suivez les indications vers Nancy-Rives de Meurthe depuis le centre-ville. Le trajet ne prend qu&rsquo;environ <strong>10 minutes<\/strong> depuis Nancy centre. Pour le stationnement, privil\u00e9giez le <strong>P+R des Deux Rives<\/strong> (5, promenade \u00c9milie du Ch\u00e2telet) qui propose un tarif avantageux de 1\u20ac entre 19h et 7h. Attention, le stationnement sauvage autour du lieu est strictement interdit.<\/p>\n<p>Les transports en commun constituent une excellente alternative avec la <strong>ligne A du tramway<\/strong>\u00a0: descendez \u00e0 l&rsquo;arr\u00eat\u00a0\u00ab\u00a02 Rives Olympe de Gouges\u00a0\u00bb. Depuis la place Stanislas, suivez la ligne direction Essey-Mouzimpr\u00e9 jusqu&rsquo;\u00e0 Saint-Georges, puis marchez une centaine de m\u00e8tres. Depuis la gare de Nancy, prenez le bus Ligne A direction Essey-Mouzimpr\u00e9. Le dernier tram passe vers <strong>minuit<\/strong> (plus tard du jeudi au samedi). La salle dispose \u00e9galement d&rsquo;un espace PMR am\u00e9nag\u00e9 sur l&rsquo;avant de la grande salle.<\/p>\n<p class=\"mise_en_avant\">Notre conseil\u00a0: privil\u00e9giez le tramway ligne A qui vous d\u00e9pose directement devant la salle et \u00e9vite les contraintes de stationnement.<\/p>\n<p class=\"font-size-30 fw-bold lh-1 mt-0 mb-4\">Je trouve les meilleures sorties dans ma ville<\/p>\n","protected":false},"excerpt":{"rendered":"Les Fatals Picards investissent la sc\u00e8ne de L&rsquo;Autre Canal de Nancy le samedi 21 novembre 2026 \u00e0 20h30&hellip;\n","protected":false},"author":2,"featured_media":192270,"comment_status":"","ping_status":"","sticky":false,"template":"","format":"standard","meta":{"footnotes":""},"categories":[9635],"tags":[1111,11,1777,674,1011,27,775,1702,12,25],"class_list":{"0":"post-466494","1":"post","2":"type-post","3":"status-publish","4":"format-standard","5":"has-post-thumbnail","7":"category-nancy","8":"tag-actu","9":"tag-actualites","10":"tag-eu","11":"tag-europe","12":"tag-fr","13":"tag-france","14":"tag-grand-est","15":"tag-nancy","16":"tag-news","17":"tag-republique-francaise"},"share_on_mastodon":{"url":"https:\/\/pubeurope.com\/@fr\/115381827517731698","error":""},"_links":{"self":[{"href":"https:\/\/www.europesays.com\/fr\/wp-json\/wp\/v2\/posts\/466494","targetHints":{"allow":["GET"]}}],"collection":[{"href":"https:\/\/www.europesays.com\/fr\/wp-json\/wp\/v2\/posts"}],"about":[{"href":"https:\/\/www.europesays.com\/fr\/wp-json\/wp\/v2\/types\/post"}],"author":[{"embeddable":true,"href":"https:\/\/www.europesays.com\/fr\/wp-json\/wp\/v2\/users\/2"}],"replies":[{"embeddable":true,"href":"https:\/\/www.europesays.com\/fr\/wp-json\/wp\/v2\/comments?post=466494"}],"version-history":[{"count":0,"href":"https:\/\/www.europesays.com\/fr\/wp-json\/wp\/v2\/posts\/466494\/revisions"}],"wp:featuredmedia":[{"embeddable":true,"href":"https:\/\/www.europesays.com\/fr\/wp-json\/wp\/v2\/media\/192270"}],"wp:attachment":[{"href":"https:\/\/www.europesays.com\/fr\/wp-json\/wp\/v2\/media?parent=466494"}],"wp:term":[{"taxonomy":"category","embeddable":true,"href":"https:\/\/www.europesays.com\/fr\/wp-json\/wp\/v2\/categories?post=466494"},{"taxonomy":"post_tag","embeddable":true,"href":"https:\/\/www.europesays.com\/fr\/wp-json\/wp\/v2\/tags?post=466494"}],"curies":[{"name":"wp","href":"https:\/\/api.w.org\/{rel}","templated":true}]}}