{"id":466511,"date":"2025-10-16T04:05:18","date_gmt":"2025-10-16T04:05:18","guid":{"rendered":"https:\/\/www.europesays.com\/fr\/466511\/"},"modified":"2025-10-16T04:05:18","modified_gmt":"2025-10-16T04:05:18","slug":"reichshoffen-nos-coeurs-a-nu-un-spectacle-sensible-et-musical-sur-le-cancer","status":"publish","type":"post","link":"https:\/\/www.europesays.com\/fr\/466511\/","title":{"rendered":"Reichshoffen. \u00ab\u00a0Nos c\u0153urs \u00e0 nu\u00a0\u00bb, un spectacle sensible et musical sur le cancer"},"content":{"rendered":"<p>Comment parler du <a href=\"https:\/\/www.dna.fr\/culture-loisirs\/2025\/10\/02\/apres-un-cancer-du-sein-la-difficile-acceptation-de-son-nouveau-corps\" target=\"_blank\" rel=\"noopener\">cancer du sein<\/a>, cette \u00e9preuve intime et universelle qui touche tant de vies\u00a0? Avec Nos c\u0153urs \u00e0 nu , la cheffe Catherine Bolzinger et l\u2019ensemble vocal Voix de Stras&rsquo; osent poser des mots et des notes sur ce v\u00e9cu bouleversant, en tissant une conversation sensible et musicale.<\/p>\n<p>  Une centaine de t\u00e9moignages<\/p>\n<p>\u00c0 partir d\u2019une centaine de t\u00e9moignages collect\u00e9s lors d\u2019interviews et d\u2019un questionnaire en ligne, Catherine Bolzinger tisse une conversation sensible, port\u00e9e par les Voix de Stras\u2019. Solitude, peur, douleur, mais aussi solidarit\u00e9, espoir et d\u00e9sir de vivre\u00a0: ces \u00e9motions s\u2019entrelacent pour offrir une r\u00e9sonance humaine r\u00e9confortante, \u00e0 partager avec les malades et leurs proches.<\/p>\n<p>\u00c0 l\u2019occasion de cette \u00e9dition 2025 de Nos c\u0153urs \u00e0 nu , Voix de Stras\u2019 cr\u00e9era \u00ab\u00a0Ta douleur\u00a0\u00bb, nouvelle mosa\u00efque de <a href=\"https:\/\/www.dna.fr\/culture-loisirs\/2024\/02\/12\/de-strasbourg-a-mulhouse-catherine-bolzinger-l-atout-choeur-de-l-alsace\" target=\"_blank\" rel=\"noopener\">Catherine Bolzinger<\/a>,\u00a0m\u00ealant la chanteuse Camille, aux compositeurs de la Renaissance avec Tomas Luis de Victoria et Cl\u00e9ment Janequin.<\/p>\n<p>Ce contenu est bloqu\u00e9 car vous n&rsquo;avez pas accept\u00e9 les cookies et autres traceurs.<\/p>\n<p>En cliquant sur \u00ab J\u2019accepte \u00bb, les cookies et autres traceurs seront d\u00e9pos\u00e9s et vous pourrez visualiser les contenus  (<a href=\"\" class=\"consentModule_policy\" target=\"_blank\" title=\"Consulter la politique de protection des donn\u00e9es du fournisseur\">plus d&rsquo;informations<\/a>).<\/p>\n<p>En cliquant sur \u00ab J\u2019accepte tous les cookies \u00bb, vous autorisez des d\u00e9p\u00f4ts de cookies et autres traceurs pour le stockage de vos donn\u00e9es sur nos sites et applications \u00e0 des fins de personnalisation et de ciblage publicitaire.<\/p>\n<p class=\"consentModule_secondaryText\">Vous gardez la possibilit\u00e9 de retirer votre consentement \u00e0 tout moment en consultant notre <a href=\"https:\/\/www.dna.fr\/protection-des-donnees\" target=\"_blank\" title=\"Consulter notre politique de protection des donn\u00e9es\" rel=\"noopener\">politique de protection des donn\u00e9es<\/a>. <br \/>&#13;<br \/>\n            <a href=\"https:\/\/www.dna.fr\/culture-loisirs\/2025\/10\/16\/javascript:Didomi.notice.show()\" class=\"consentModule_cmp\" target=\"_blank\" rel=\"noopener\">G\u00e9rer mes choix<\/a>&#13;\n        <\/p>\n<p>&#13;<br \/>\n                        J&rsquo;accepte&#13;<br \/>\n            J&rsquo;accepte tous les cookies&#13;\n        <\/p>\n<p>\u00c0 l\u2019issue du concert, les M\u00e9decins du P\u00f4le de gyn\u00e9cologie \u2013 obst\u00e9trique des H\u00f4pitaux universitaires de Strasbourg t\u00e9moigneront de la n\u00e9cessit\u00e9 de se d\u00e9pister, sans culpabilit\u00e9, et du travail d\u2019\u00e9quipe que repr\u00e9sente la lutte contre la maladie.<\/p>\n<p>  Une collecte au profit d\u2019associations luttant contre le cancer<\/p>\n<p>La soir\u00e9e se terminera par un moment d\u2019\u00e9changes informels et une collecte au profit d\u2019associations luttant contre le cancer.<\/p>\n<p>Les cinq Voix de Stras\u2019sont Haelim Lee, soprano sud-cor\u00e9enne\u00a0; Rebecca Lohnes, soprano am\u00e9ricaine\u00a0; Varduhi Toroyan, soprano arm\u00e9nienne\u00a0; Gayan\u00e9 Movsisyan, mezzo arm\u00e9nienne\u00a0; Manuela Rovira, alto uruguayenne.<\/p>\n<p class=\"note\">Mercredi 19\u00a0novembre \u00e0 18\u00a0h \u00e0 La Castine, Reichshoffen. Entr\u00e9e libre. Concert organis\u00e9 par La Ligue contre le cancer.<\/p>\n","protected":false},"excerpt":{"rendered":"Comment parler du cancer du sein, cette \u00e9preuve intime et universelle qui touche tant de vies\u00a0? Avec Nos&hellip;\n","protected":false},"author":2,"featured_media":466512,"comment_status":"","ping_status":"","sticky":false,"template":"","format":"standard","meta":{"footnotes":""},"categories":[2820],"tags":[1111,11,1687,4877,1777,674,107,1011,27,775,873,12,59047,25,71,30443,3140,640],"class_list":{"0":"post-466511","1":"post","2":"type-post","3":"status-publish","4":"format-standard","5":"has-post-thumbnail","7":"category-strasbourg","8":"tag-actu","9":"tag-actualites","10":"tag-culture-loisirs","11":"tag-edition-haguenau-wissembourg","12":"tag-eu","13":"tag-europe","14":"tag-fil-info","15":"tag-fr","16":"tag-france","17":"tag-grand-est","18":"tag-musique","19":"tag-news","20":"tag-reichshoffen","21":"tag-republique-francaise","22":"tag-sante","23":"tag-secteur-de-niederbronn","24":"tag-spectacle","25":"tag-strasbourg"},"share_on_mastodon":{"url":"https:\/\/pubeurope.com\/@fr\/115381870527692305","error":""},"_links":{"self":[{"href":"https:\/\/www.europesays.com\/fr\/wp-json\/wp\/v2\/posts\/466511","targetHints":{"allow":["GET"]}}],"collection":[{"href":"https:\/\/www.europesays.com\/fr\/wp-json\/wp\/v2\/posts"}],"about":[{"href":"https:\/\/www.europesays.com\/fr\/wp-json\/wp\/v2\/types\/post"}],"author":[{"embeddable":true,"href":"https:\/\/www.europesays.com\/fr\/wp-json\/wp\/v2\/users\/2"}],"replies":[{"embeddable":true,"href":"https:\/\/www.europesays.com\/fr\/wp-json\/wp\/v2\/comments?post=466511"}],"version-history":[{"count":0,"href":"https:\/\/www.europesays.com\/fr\/wp-json\/wp\/v2\/posts\/466511\/revisions"}],"wp:featuredmedia":[{"embeddable":true,"href":"https:\/\/www.europesays.com\/fr\/wp-json\/wp\/v2\/media\/466512"}],"wp:attachment":[{"href":"https:\/\/www.europesays.com\/fr\/wp-json\/wp\/v2\/media?parent=466511"}],"wp:term":[{"taxonomy":"category","embeddable":true,"href":"https:\/\/www.europesays.com\/fr\/wp-json\/wp\/v2\/categories?post=466511"},{"taxonomy":"post_tag","embeddable":true,"href":"https:\/\/www.europesays.com\/fr\/wp-json\/wp\/v2\/tags?post=466511"}],"curies":[{"name":"wp","href":"https:\/\/api.w.org\/{rel}","templated":true}]}}