{"id":466513,"date":"2025-10-16T04:06:34","date_gmt":"2025-10-16T04:06:34","guid":{"rendered":"https:\/\/www.europesays.com\/fr\/466513\/"},"modified":"2025-10-16T04:06:34","modified_gmt":"2025-10-16T04:06:34","slug":"nadine-luton-walter-en-dedicace-a-la-fnac-strasbourg","status":"publish","type":"post","link":"https:\/\/www.europesays.com\/fr\/466513\/","title":{"rendered":"Nadine Luton-Walter en d\u00e9dicace \u00e0 la Fnac Strasbourg !"},"content":{"rendered":"<p>La Fnac Strasbourg a le plaisir de recevoir l\u2019autrice pour une s\u00e9ance de d\u00e9dicace de sa com\u00e9die romantique : \u00ab\u00a0La particule\u00a0\u00bb, prix Jean Anglade du premier roman 2025, paru aux \u00e9ditions des Presses de la cit\u00e9.<\/p>\n<p><strong>Nadine Luton-Walter<\/strong> est auteure et sc\u00e9nariste.\u00a0Secr\u00e9taire de r\u00e9daction du magazine d\u2019art et culture Technikart de 1998 \u00e0 2013, elle \u00e9crit en parall\u00e8le des livres pour enfants et adolescents.\u00a0Apr\u00e8s de nombreux voyages humanitaires et l\u2019organisation d\u2019ateliers d\u2019\u00e9criture en Afrique, au Liban, elle retourne vivre dans son berceau familial alsacien.\u00a0<\/p>\n<p>Elle intervient en milieu scolaire a travers des ateliers d\u2019\u00e9criture et la cr\u00e9ation d\u2019un journal. Son livre\u00a0La Particule\u00a0est laur\u00e9at du Prix Jean Anglade du premier roman 2025.<\/p>\n<p><strong><strong>\u00a0\u00bb Fanny a besoin d\u2019une particule pour sauver son affaire. Tancr\u00e8de de Chassagne de Montbazon a besoin d\u2019un emploi pour sauver ses fian\u00e7ailles. Un duo savoureux pour une com\u00e9die romantique o\u00f9\u00a0l\u2019h\u00e9ro\u00efne a le charme audacieux d\u2019une\u00a0Bridgerton, et l\u2019ind\u00e9pendance d\u2019une\u00a0Enola Holmes. Des rebondissements dignes de Marivaux ou de Moli\u00e8re ! \u00ab\u00a0\u00a0<br \/><\/strong><\/strong><strong><strong>\u2013 Julien Sandrel<\/strong><\/strong><\/p>\n<p><a href=\"https:\/\/www.fnac.com\/a21554099\/Nadine-Luton-Walter-La-Particule\" target=\"_blank\" rel=\"noopener\"><img decoding=\"async\" class=\"floatl\" style=\"width: 145px; height: 232px; padding-right: 10px;\" src=\"https:\/\/www.europesays.com\/fr\/wp-content\/uploads\/2025\/10\/2514003.jpg\" alt=\"La Particule\"\/><\/a>1895. Fanny tient une agence immobili\u00e8re au c\u0153ur d\u2019un petit bourg dans la campagne alsacienne. Jolie devanture, pr\u00e9sentation tr\u00e8s professionnelle\u2026 il ne manque que les clients.<br \/>Pour sauver cette agence qui pourvoit aux besoins de sa famille, elle doit imp\u00e9rativement d\u00e9crocher la vente du ch\u00e2teau Granville. Or, par orgueil, le propri\u00e9taire ne signera qu\u2019avec un nom \u00e0 particule. Fanny d\u00e9cide alors de se faire passer pour une aristocrate. Elle convainc Tancr\u00e8de de Chassagne de Montbazon, un invit\u00e9 du ch\u00e2teau rencontr\u00e9 par un heureux hasard et quitt\u00e9 par sa fianc\u00e9e \u00e0 cause de sa paresse chronique, de faire \u00e9quipe avec elle. Visage gracieux malgr\u00e9 son fichu caract\u00e8re, \u00e0 vingt-quatre ans, la jeune femme dispose encore d\u2019une ann\u00e9e avant de coiffer sainte Catherine !<br \/>Sur le papier, cela devrait donc fonctionner\u2026<\/p>\n<p>Une com\u00e9die romantique jubilatoire o\u00f9 tout respire la modernit\u00e9.<\/p>\n<p style=\"text-align: center;\">*\u00c9v\u00e9nement gratuit, acc\u00e8s libre dans la limite des places disponibles<\/p>\n<p>        <img decoding=\"async\" src=\"https:\/\/www.europesays.com\/fr\/wp-content\/uploads\/2025\/04\/logo-rse.png\" alt=\"Logo RSE\" loading=\"lazy\" width=\"84\" height=\"116\"\/><\/p>\n<p>\n        La Fnac s\u2019engage activement dans les initiatives de responsabilit\u00e9 soci\u00e9tale des entreprises (RSE).\n    <\/p>\n<p>\n        Aidez-nous en choisissant la mobilit\u00e9 douce en privil\u00e9giant par exemple le v\u00e9lo (pistes cyclables et stationnements \u00e0 disposition), les transports en commun ou le covoiturage pour nous rejoindre. Ainsi, vous contribuez \u00e0 r\u00e9duire les \u00e9missions de gaz \u00e0 effet de serre et \u00e0 am\u00e9liorer notre qualit\u00e9 de l\u2019air. Pour plus d\u2019information, consultez la fiche du magasin.<br \/>Tous nos \u00e9v\u00e8nements sont en acc\u00e8s gratuit, dans la limite des places disponibles.\n    <\/p>\n","protected":false},"excerpt":{"rendered":"La Fnac Strasbourg a le plaisir de recevoir l\u2019autrice pour une s\u00e9ance de d\u00e9dicace de sa com\u00e9die romantique&hellip;\n","protected":false},"author":2,"featured_media":466514,"comment_status":"","ping_status":"","sticky":false,"template":"","format":"standard","meta":{"footnotes":""},"categories":[2820],"tags":[1111,11,1777,674,9391,1011,27,775,12,28951,59048,25,2004,640],"class_list":{"0":"post-466513","1":"post","2":"type-post","3":"status-publish","4":"format-standard","5":"has-post-thumbnail","7":"category-strasbourg","8":"tag-actu","9":"tag-actualites","10":"tag-eu","11":"tag-europe","12":"tag-evenement-fnac-gratuit","13":"tag-fr","14":"tag-france","15":"tag-grand-est","16":"tag-news","17":"tag-premier-roman","18":"tag-prix-jean-anglade","19":"tag-republique-francaise","20":"tag-roman","21":"tag-strasbourg"},"share_on_mastodon":{"url":"https:\/\/pubeurope.com\/@fr\/115381874954341895","error":""},"_links":{"self":[{"href":"https:\/\/www.europesays.com\/fr\/wp-json\/wp\/v2\/posts\/466513","targetHints":{"allow":["GET"]}}],"collection":[{"href":"https:\/\/www.europesays.com\/fr\/wp-json\/wp\/v2\/posts"}],"about":[{"href":"https:\/\/www.europesays.com\/fr\/wp-json\/wp\/v2\/types\/post"}],"author":[{"embeddable":true,"href":"https:\/\/www.europesays.com\/fr\/wp-json\/wp\/v2\/users\/2"}],"replies":[{"embeddable":true,"href":"https:\/\/www.europesays.com\/fr\/wp-json\/wp\/v2\/comments?post=466513"}],"version-history":[{"count":0,"href":"https:\/\/www.europesays.com\/fr\/wp-json\/wp\/v2\/posts\/466513\/revisions"}],"wp:featuredmedia":[{"embeddable":true,"href":"https:\/\/www.europesays.com\/fr\/wp-json\/wp\/v2\/media\/466514"}],"wp:attachment":[{"href":"https:\/\/www.europesays.com\/fr\/wp-json\/wp\/v2\/media?parent=466513"}],"wp:term":[{"taxonomy":"category","embeddable":true,"href":"https:\/\/www.europesays.com\/fr\/wp-json\/wp\/v2\/categories?post=466513"},{"taxonomy":"post_tag","embeddable":true,"href":"https:\/\/www.europesays.com\/fr\/wp-json\/wp\/v2\/tags?post=466513"}],"curies":[{"name":"wp","href":"https:\/\/api.w.org\/{rel}","templated":true}]}}