{"id":466519,"date":"2025-10-16T04:09:29","date_gmt":"2025-10-16T04:09:29","guid":{"rendered":"https:\/\/www.europesays.com\/fr\/466519\/"},"modified":"2025-10-16T04:09:29","modified_gmt":"2025-10-16T04:09:29","slug":"ici-ithaque-un-festival-de-rock-alternatif-a-vivre-de-jeudi-a-samedi-a-nantes-2","status":"publish","type":"post","link":"https:\/\/www.europesays.com\/fr\/466519\/","title":{"rendered":"Ici Ithaque, un festival de rock alternatif \u00e0 vivre de jeudi \u00e0 samedi \u00e0 Nantes"},"content":{"rendered":"<p>Initi\u00e9 en 2022 avec une premi\u00e8re \u00e9dition au Champilambart de Vallet, <a href=\"https:\/\/amarresproduction.fr\/ici-ithaque\" target=\"_blank\" rel=\"noopener\">le festival Ici Ithaque<\/a> propose une programmation de rock ind\u00e9pendant dans plusieurs lieux nantais. Explication avec Simon Burgaud, le programmateur\u00a0: <strong>\u00ab\u00a0On veut proposer une programmation rock ind\u00e9pendante avec beaucoup de groupes \u00e9mergents. On vient aussi programmer des groupes un peu plus connus comme Rendez vous cette ann\u00e9e, ou Ditz l\u2019ann\u00e9e derni\u00e8re.\u00a0\u00bb<\/strong><\/p>\n<p>Le festival commence ce jeudi 16\u00a0octobre au bar de la Lune froide avec les groupes Avee Mana et Eigengrau. Vendredi, l\u2019ambiance croisera le style punk avec du garage rock au Ferrailleur\u00a0: The Pill, La Flemme et MNNQNS.<\/p>\n<p>La grande f\u00eate de Ici Ithaque se d\u00e9roulera \u00e0 Stereolux dans des sonorit\u00e9s post-punk et noise, avec Pales, The Empty Threats, Nastyjoe et Rendez vous. <strong>\u00ab\u00a0Chaque soir\u00e9e, c\u2019est un univers musical diff\u00e9rent\u00a0\u00bb,<\/strong> rappelle Simon.<\/p>\n<p>L\u2019association organise des soir\u00e9es et un festival \u00e0 Ch\u00e2teaubriant<\/p>\n<p>Amarres Production, association bas\u00e9e \u00e0 Nantes, organise ce festival tout comme d\u2019autres \u00e9v\u00e9nements dans la r\u00e9gion. Principalement \u00e0 la Lune froide, entre novembre \u00e0 mai, une fois par mois avec les soir\u00e9es Amarres.<\/p>\n<p>Le second festival, Orange Fest, se d\u00e9roule au mois d\u2019ao\u00fbt dans la r\u00e9gion de Ch\u00e2teaubriant. La ligne de ces \u00e9v\u00e9nements reste une volont\u00e9 de promouvoir des artistes \u00e9mergents. Une des volont\u00e9s mise en avant est l\u2019accessibilit\u00e9\u00a0avec des tarifs pr\u00e9f\u00e9rentiels pour les \u00e9tudiants et les moins de 18\u00a0ans.<\/p>\n<p><strong>Jeudi 16\u00a0octobre, <\/strong>\u00e0 partir de 20\u00a0h, bar la Lune froide, ligne 2, arr\u00eat Saint-Mihiel. <strong>Vendredi 17\u00a0octobre,<\/strong> \u00e0 partir de 20\u00a0h\u00a030, Le Ferrailleur, bus ligne 5, arr\u00eat Hangar \u00e0 bananes. <strong>Samedi 18\u00a0octobre, <\/strong>\u00e0 partir de 20\u00a0h\u00a015, Stereolux, bus ligne 5, arr\u00eat Hangar \u00e0 bananes. Payant (entre 8\u00a0\u20ac et 46\u00a0\u20ac pour le pass 3\u00a0jours), <a href=\"https:\/\/yp.events\/bee64489-9f02-437b-89c1-4c12564ea300\/Ici-Ithaque-2025?from=facebook\" target=\"_blank\" rel=\"noopener\">r\u00e9servation sur le site internet<\/a>\u00a0; https\u00a0:\/\/yp.events\/bee64489-9f02-437b-89c1-4c12564ea300\/Ici-Ithaque-2025\u00a0? from =\u00a0facebook.<\/p>\n<p>\u00a0<\/p>\n","protected":false},"excerpt":{"rendered":"Initi\u00e9 en 2022 avec une premi\u00e8re \u00e9dition au Champilambart de Vallet, le festival Ici Ithaque propose une programmation&hellip;\n","protected":false},"author":2,"featured_media":465938,"comment_status":"","ping_status":"","sticky":false,"template":"","format":"standard","meta":{"footnotes":""},"categories":[2818],"tags":[1111,11,9294,1777,674,849,1011,27,9103,58952,9272,766,12,2636,25,7040,3272,3982,3681],"class_list":{"0":"post-466519","1":"post","2":"type-post","3":"status-publish","4":"format-standard","5":"has-post-thumbnail","7":"category-nantes","8":"tag-actu","9":"tag-actualites","10":"tag-alternatif","11":"tag-eu","12":"tag-europe","13":"tag-festival","14":"tag-fr","15":"tag-france","16":"tag-ici","17":"tag-ithaque","18":"tag-jeudi","19":"tag-nantes","20":"tag-news","21":"tag-pays-de-la-loire","22":"tag-republique-francaise","23":"tag-rock","24":"tag-saint-nazaire","25":"tag-samedi","26":"tag-vivre"},"share_on_mastodon":{"url":"https:\/\/pubeurope.com\/@fr\/115381886276319837","error":""},"_links":{"self":[{"href":"https:\/\/www.europesays.com\/fr\/wp-json\/wp\/v2\/posts\/466519","targetHints":{"allow":["GET"]}}],"collection":[{"href":"https:\/\/www.europesays.com\/fr\/wp-json\/wp\/v2\/posts"}],"about":[{"href":"https:\/\/www.europesays.com\/fr\/wp-json\/wp\/v2\/types\/post"}],"author":[{"embeddable":true,"href":"https:\/\/www.europesays.com\/fr\/wp-json\/wp\/v2\/users\/2"}],"replies":[{"embeddable":true,"href":"https:\/\/www.europesays.com\/fr\/wp-json\/wp\/v2\/comments?post=466519"}],"version-history":[{"count":0,"href":"https:\/\/www.europesays.com\/fr\/wp-json\/wp\/v2\/posts\/466519\/revisions"}],"wp:featuredmedia":[{"embeddable":true,"href":"https:\/\/www.europesays.com\/fr\/wp-json\/wp\/v2\/media\/465938"}],"wp:attachment":[{"href":"https:\/\/www.europesays.com\/fr\/wp-json\/wp\/v2\/media?parent=466519"}],"wp:term":[{"taxonomy":"category","embeddable":true,"href":"https:\/\/www.europesays.com\/fr\/wp-json\/wp\/v2\/categories?post=466519"},{"taxonomy":"post_tag","embeddable":true,"href":"https:\/\/www.europesays.com\/fr\/wp-json\/wp\/v2\/tags?post=466519"}],"curies":[{"name":"wp","href":"https:\/\/api.w.org\/{rel}","templated":true}]}}