{"id":466521,"date":"2025-10-16T04:11:18","date_gmt":"2025-10-16T04:11:18","guid":{"rendered":"https:\/\/www.europesays.com\/fr\/466521\/"},"modified":"2025-10-16T04:11:18","modified_gmt":"2025-10-16T04:11:18","slug":"les-ambassadeurs-du-bearn-a-bordeaux-moteurs-de-synergies","status":"publish","type":"post","link":"https:\/\/www.europesays.com\/fr\/466521\/","title":{"rendered":"Les Ambassadeurs du B\u00e9arn \u00e0 Bordeaux, moteurs de synergies"},"content":{"rendered":"<p class=\"legende\">\n\t\t\t\t\t\t\t\t\tLe r\u00e9seau regroupe, \u00e0 Bordeaux, pr\u00e8s de 80 personnes. Cr\u00e9dits : Les Ambassadeurs du B\u00e9arn \u00e0 Bordeaux\n\t\t\t\t\t\t\t\t<\/p>\n<p class=\"excerpt\">L&rsquo;association des Ambassadeurs du B\u00e9arn \u00e0 Bordeaux \u0153uvre, depuis trois ans, pour cr\u00e9er des liens entre les entreprises des deux territoires. Une volont\u00e9 de synergie pour aller plus loin, et porter la banni\u00e8re du Sud-Ouest \u00e0 l\u2019international.<\/p>\n<p>Cet article premium vous int\u00e9resse ?<\/p>\n<p>Rejoignez nos 1000 adh\u00e9rents<\/p>\n<p>\n\t\t\t\t\t\t\t\t\t\t\t\t\t\tGagnez en visibilit\u00e9 et profitez d\u2019un r\u00e9seau de plusieurs centaines d\u2019adh\u00e9rents.\n\t\t\t\t\t\t\t\t\t\t\t\t\t<\/p>\n","protected":false},"excerpt":{"rendered":"Le r\u00e9seau regroupe, \u00e0 Bordeaux, pr\u00e8s de 80 personnes. Cr\u00e9dits : Les Ambassadeurs du B\u00e9arn \u00e0 Bordeaux L&rsquo;association&hellip;\n","protected":false},"author":2,"featured_media":466522,"comment_status":"","ping_status":"","sticky":false,"template":"","format":"standard","meta":{"footnotes":""},"categories":[2817],"tags":[1111,11,1997,1777,674,1011,27,12,2219,5645,25],"class_list":{"0":"post-466521","1":"post","2":"type-post","3":"status-publish","4":"format-standard","5":"has-post-thumbnail","7":"category-bordeaux","8":"tag-actu","9":"tag-actualites","10":"tag-bordeaux","11":"tag-eu","12":"tag-europe","13":"tag-fr","14":"tag-france","15":"tag-news","16":"tag-nouvelle-aquitaine","17":"tag-placco-placeco","18":"tag-republique-francaise"},"share_on_mastodon":{"url":"https:\/\/pubeurope.com\/@fr\/115381894170671650","error":""},"_links":{"self":[{"href":"https:\/\/www.europesays.com\/fr\/wp-json\/wp\/v2\/posts\/466521","targetHints":{"allow":["GET"]}}],"collection":[{"href":"https:\/\/www.europesays.com\/fr\/wp-json\/wp\/v2\/posts"}],"about":[{"href":"https:\/\/www.europesays.com\/fr\/wp-json\/wp\/v2\/types\/post"}],"author":[{"embeddable":true,"href":"https:\/\/www.europesays.com\/fr\/wp-json\/wp\/v2\/users\/2"}],"replies":[{"embeddable":true,"href":"https:\/\/www.europesays.com\/fr\/wp-json\/wp\/v2\/comments?post=466521"}],"version-history":[{"count":0,"href":"https:\/\/www.europesays.com\/fr\/wp-json\/wp\/v2\/posts\/466521\/revisions"}],"wp:featuredmedia":[{"embeddable":true,"href":"https:\/\/www.europesays.com\/fr\/wp-json\/wp\/v2\/media\/466522"}],"wp:attachment":[{"href":"https:\/\/www.europesays.com\/fr\/wp-json\/wp\/v2\/media?parent=466521"}],"wp:term":[{"taxonomy":"category","embeddable":true,"href":"https:\/\/www.europesays.com\/fr\/wp-json\/wp\/v2\/categories?post=466521"},{"taxonomy":"post_tag","embeddable":true,"href":"https:\/\/www.europesays.com\/fr\/wp-json\/wp\/v2\/tags?post=466521"}],"curies":[{"name":"wp","href":"https:\/\/api.w.org\/{rel}","templated":true}]}}