{"id":466523,"date":"2025-10-16T04:12:26","date_gmt":"2025-10-16T04:12:26","guid":{"rendered":"https:\/\/www.europesays.com\/fr\/466523\/"},"modified":"2025-10-16T04:12:26","modified_gmt":"2025-10-16T04:12:26","slug":"coupe-de-france-le-tirage-complet-du-6e-tour-en-nouvelle-aquitaine-avec-de-belles-affiches","status":"publish","type":"post","link":"https:\/\/www.europesays.com\/fr\/466523\/","title":{"rendered":"Coupe de France : le tirage complet du 6e tour en Nouvelle-Aquitaine avec de belles affiches"},"content":{"rendered":"<p>\n    15\/10 &#8211; 19:41 | Par Nicolas Pietrelli | Il y a<br \/>\n    11 heures\n  <\/p>\n<p><strong>Ce mercredi soir, le tirage au sort du 6e tour r\u00e9gional de la Coupe de France a \u00e9t\u00e9 fait par la Ligue de Football de Nouvelle-Aquitaine. Les Girondins de Bordeaux se d\u00e9placent \u00e0 l&rsquo;ES Boulazac (R1), le FCBA ira \u00e0 Larchois La Feuillade.(D2) D\u00e9couvrez les 15 affiches.<\/strong><\/p>\n<p><img decoding=\"async\" src=\"https:\/\/www.europesays.com\/fr\/wp-content\/uploads\/2025\/10\/671_497c919416a0d0d37af805acd0e176e4.jpg\" alt=\"Coupe de France : le tirage complet du 6e tour en Nouvelle-Aquitaine avec de belles affiches\" class=\"img-responsive mt-3\"\/><\/p>\n<p class=\"text-center mb-3\" style=\"font-size: 14px\">\u00a9 Iconsport<\/p>\n<p>      <strong>Les 15 matchs du 6e tour de la Coupe de France en Nouvelle-Aquitaine avec les Girondins<\/strong><\/p>\n<p style=\"text-align: justify;\">Angoul\u00eame Charente FC (N2) et le Stade Poitevin (N2) qui \u00e9voluent dans le m\u00eame championnat que les Girondins de Bordeaux se d\u00e9placent \u00e9galement chez une \u00e9quipe qui \u00e9volue en R\u00e9gional 1.<\/p>\n<p style=\"text-align: justify;\"><a href=\"https:\/\/www.webgirondins.com\/actualite-girondins-coupe-de-france-les-girondins-de-bordeaux-face-a-es-boulazac-130805\" target=\"_blank\" rel=\"noopener\">Bordeaux joue en Dordogne face au club de R1 de l&rsquo;ES Boulazac<\/a>. Les matchs se jouent le week-end du 26 et 26 octobre.<\/p>\n<p>Le tirage complet :<\/p>\n<p><img decoding=\"async\" src=\"https:\/\/www.europesays.com\/fr\/wp-content\/uploads\/2025\/10\/6etour.png\" alt=\"6etour.png (2.32 MB)\" style=\"width:700px;max-width:100%;\"\/><br \/>Screen \u00e9cran TV7<\/p>\n<p>\u00c0 lire aussi &gt;&gt;\u00a0<strong><a href=\"https:\/\/www.webgirondins.com\/actualite-girondins-girondins-royce-openda-et-abou-ba-ecourtent-l-entrainement-avant-vendee-foot-club-la-roche-sur-yon-130797\" target=\"_blank\" rel=\"noopener\">Royce Openda et Abou Ba \u00e9courtent l\u2019entra\u00eenement avant Vend\u00e9e Foot Club La Roche-sur-Yon<\/a><br \/><\/strong><\/p>\n<p>Notre podcast court sur l&rsquo;actualit\u00e9 des Girondins :<\/p>\n<p>\u00a0<\/p>\n<p>    <a href=\"https:\/\/www.webgirondins.com\/actualites-categorie-coupe-de-france-5\" target=\"_blank\" rel=\"noopener\">#Coupe de France<\/a><\/p>\n<p>  COMMENTAIRES<br \/>\n  ()<\/p>\n","protected":false},"excerpt":{"rendered":"15\/10 &#8211; 19:41 | Par Nicolas Pietrelli | Il y a 11 heures Ce mercredi soir, le tirage&hellip;\n","protected":false},"author":2,"featured_media":466524,"comment_status":"","ping_status":"","sticky":false,"template":"","format":"standard","meta":{"footnotes":""},"categories":[2817],"tags":[1111,11,12340,3177,3396,13543,1997,3949,615,1777,674,21,63,1011,27,3022,6774,12,2043,2219,14190,25,3467,4102,31079,3584],"class_list":{"0":"post-466523","1":"post","2":"type-post","3":"status-publish","4":"format-standard","5":"has-post-thumbnail","7":"category-bordeaux","8":"tag-actu","9":"tag-actualites","10":"tag-affiches","11":"tag-aquitaine","12":"tag-avec","13":"tag-belles","14":"tag-bordeaux","15":"tag-complet","16":"tag-coupe","17":"tag-eu","18":"tag-europe","19":"tag-fait","20":"tag-football","21":"tag-fr","22":"tag-france","23":"tag-ligue","24":"tag-mercredi","25":"tag-news","26":"tag-nouvelle","27":"tag-nouvelle-aquitaine","28":"tag-regional","29":"tag-republique-francaise","30":"tag-soir","31":"tag-sort","32":"tag-tirage","33":"tag-tour"},"share_on_mastodon":{"url":"https:\/\/pubeurope.com\/@fr\/115381898609244810","error":""},"_links":{"self":[{"href":"https:\/\/www.europesays.com\/fr\/wp-json\/wp\/v2\/posts\/466523","targetHints":{"allow":["GET"]}}],"collection":[{"href":"https:\/\/www.europesays.com\/fr\/wp-json\/wp\/v2\/posts"}],"about":[{"href":"https:\/\/www.europesays.com\/fr\/wp-json\/wp\/v2\/types\/post"}],"author":[{"embeddable":true,"href":"https:\/\/www.europesays.com\/fr\/wp-json\/wp\/v2\/users\/2"}],"replies":[{"embeddable":true,"href":"https:\/\/www.europesays.com\/fr\/wp-json\/wp\/v2\/comments?post=466523"}],"version-history":[{"count":0,"href":"https:\/\/www.europesays.com\/fr\/wp-json\/wp\/v2\/posts\/466523\/revisions"}],"wp:featuredmedia":[{"embeddable":true,"href":"https:\/\/www.europesays.com\/fr\/wp-json\/wp\/v2\/media\/466524"}],"wp:attachment":[{"href":"https:\/\/www.europesays.com\/fr\/wp-json\/wp\/v2\/media?parent=466523"}],"wp:term":[{"taxonomy":"category","embeddable":true,"href":"https:\/\/www.europesays.com\/fr\/wp-json\/wp\/v2\/categories?post=466523"},{"taxonomy":"post_tag","embeddable":true,"href":"https:\/\/www.europesays.com\/fr\/wp-json\/wp\/v2\/tags?post=466523"}],"curies":[{"name":"wp","href":"https:\/\/api.w.org\/{rel}","templated":true}]}}