{"id":466527,"date":"2025-10-16T04:14:13","date_gmt":"2025-10-16T04:14:13","guid":{"rendered":"https:\/\/www.europesays.com\/fr\/466527\/"},"modified":"2025-10-16T04:14:13","modified_gmt":"2025-10-16T04:14:13","slug":"ce-maire-reclame-larrivee-du-rer-en-urgence","status":"publish","type":"post","link":"https:\/\/www.europesays.com\/fr\/466527\/","title":{"rendered":"ce maire r\u00e9clame l&rsquo;arriv\u00e9e du RER en urgence"},"content":{"rendered":"<p>            Par<br \/>\n        <strong><br \/>\n            <a href=\"https:\/\/actu.fr\/auteur\/mareva-laville-actu-fr\" title=\"Consulter tous les articles de Mar\u00e9va Laville\" target=\"_blank\" rel=\"noopener\">Mar\u00e9va Laville<\/a><br \/>\n        <\/strong><\/p>\n<p>        Publi\u00e9 le<\/p>\n<p>            16 oct. 2025 \u00e0 6h08        <\/p>\n<p>L\u2019\u00e9tude n\u2019est pas tomb\u00e9e dans l\u2019oreille de sourds. Et celle de <strong>Marc P\u00e9r\u00e9, maire de L\u2019Union,<\/strong> pr\u00e8s de <a href=\"http:\/\/www.actu.fr\/toulouse\" target=\"_blank\" rel=\"noopener\">Toulouse<\/a>, et \u00e9lu de l\u2019opposition \u00e0 la M\u00e9tropole, est loin de l\u2019\u00eatre. \u00ab\u2009Lors du dernier d\u00eener des Maires \u2013 le 6\u00a0octobre -, j\u2019ai mentionn\u00e9 l\u2019existence d\u2019une \u00e9tude de <strong>l\u2019Agence d\u2019urbanisme et d\u2019am\u00e9nagement de Toulouse (AUAT)<\/strong> qui dresse un tableau noir des d\u00e9placements en 2030\u2009\u00bb, expose-t-il \u00e0 Actu Toulouse.<\/p>\n<p>Le p\u00e9riph\u00e9rique de Toulouse satur\u00e9 dans cinq ans<\/p>\n<p class=\" wall-content\">L\u2019\u00e9tude en question r\u00e9v\u00e8le notamment que le<a href=\"https:\/\/actu.fr\/tag\/peripherique-de-toulouse\" target=\"_blank\" rel=\"noopener\"><strong> p\u00e9riph\u00e9rique de Toulouse<\/strong><\/a> sera \u00ab<strong>\u2009satur\u00e9 dans son ensemble<\/strong> en heure de pointe\u2009\u00bb en 2030. Ce, malgr\u00e9 la construction de la troisi\u00e8me ligne de m\u00e9tro, les Lin\u00e9os et l\u2019offre de transport dite \u00ab\u2009ceinture sud\u2009\u00bb. Si ces projets permettront \u00ab\u2009d\u2019absorber l\u2019essentiel des d\u00e9placements suppl\u00e9mentaires sur le c\u0153ur de l\u2019agglom\u00e9ration \u2013 gr\u00e2ce \u00e0 la <a href=\"https:\/\/actu.fr\/tag\/ligne-c-du-metro-de-toulouse\" target=\"_blank\" rel=\"noopener\">ligne C du m\u00e9tro<\/a> -\u2009\u00bb, reprend Marc P\u00e9r\u00e9, \u00ab\u2009en p\u00e9riph\u00e9rie, les d\u00e9placements continueront de s\u2019accro\u00eetre fortement\u2009\u00bb.\u00a0Et les modes alternatifs \u00e0 la voiture resteront \u00ab\u2009insuffisamment efficaces\u2009\u00bb.<\/p>\n<p class=\" wall-content\">La machine est lanc\u00e9e et reprend un sc\u00e9nario d\u00e9j\u00e0 connu. <a href=\"https:\/\/actu.fr\/occitanie\/toulouse_31555\/bouchons-le-trafic-du-peripherique-de-toulouse-a-explose-et-cela-va-empirer-un-scenario-noir-se-profile_62485923.html\" target=\"_blank\" rel=\"noopener\">Actu Toulouse l\u2019expliquait il y a quelques mois d\u00e9j\u00e0<\/a>\u2009: la circulation a explos\u00e9 en moins de 10\u00a0ans sur le p\u00e9riph\u00e9rique, avec sur certains tron\u00e7ons, environ<strong> 110\u2009000 v\u00e9hicules chaque jour<\/strong>. Cette densit\u00e9 atteindra son apog\u00e9e dans cinq sur l\u2019ensemble du p\u00e9riph\u00e9rique et particuli\u00e8rement vers Empalot, Balma-Gramont et Sesqui\u00e8res.<\/p>\n<p>    <img   decoding=\"async\" loading=\"lazy\" src=\"https:\/\/www.europesays.com\/fr\/wp-content\/uploads\/2025\/10\/capture-decran-2025-04-09-174811-960x640-1-960x640.png\" alt=\"Voici comment l'AUAT imagine le p\u00e9riph\u00e9rique de Toulouse durant les heures de pointe.\" width=\"960\" height=\"640\"\/><br \/>\n    Voici comment l\u2019AUAT imagine le p\u00e9riph\u00e9rique de Toulouse durant les heures de pointe. (\u00a9Capture d\u2019\u00e9cran \u00e9tude AUAT)Le projet de RER remis sur la table<\/p>\n<p class=\" wall-content\">Pour le maire de L\u2019Union, \u00ab\u2009ce diagnostic ne peut rester lettre morte\u2009\u00bb. Il insiste\u2009: \u00ab\u2009Face \u00e0 l\u2019ampleur des enjeux,<strong> il est temps de changer d\u2019\u00e9chelle et de cap<\/strong>. Nous ne pouvons pas nous contenter de strat\u00e9gies qui visent uniquement \u00e0 absorber l\u2019essentiel des d\u00e9placements suppl\u00e9mentaires sur le c\u0153ur de l\u2019agglom\u00e9ration, en laissant la p\u00e9riph\u00e9rie en tension.\u2009\u00bb<\/p>\n<p class=\" wall-content\">L\u2019occasion alors de remettre sur le devant de la sc\u00e8ne, un vieux sujet\u2009: <strong>le RER toulousain.<\/strong> Le projet <a href=\"https:\/\/actu.fr\/occitanie\/toulouse_31555\/toulouse-est-elle-le-maillon-faible-ou-un-moteur-du-projet-de-serm-incluant-le-rer-toulousain_61992549.html\" target=\"_blank\" rel=\"noopener\">Service express r\u00e9gional m\u00e9tropolitain (SERM),<\/a> incluant ce fameux RER, remonte \u00e0 plusieurs ann\u00e9es. Mais avec le temps, il a l\u00e9g\u00e8rement perdu en actualit\u00e9, repouss\u00e9 aussi par le rythme du chantier des am\u00e9nagements ferroviaires au nord de Toulouse, <a href=\"https:\/\/actu.fr\/occitanie\/lespinasse_31293\/lgv-bordeaux-toulouse-voici-les-premiers-amenagements-de-la-sncf-qui-ouvrent-la-voie-a-l-arrivee-du-tgv_61994943.html\" target=\"_blank\" rel=\"noopener\">cens\u00e9s ouvrir la voie \u00e0 la LGV Bordeaux-Toulouse,<\/a> pr\u00e9vue pour 2032, et <a href=\"https:\/\/actu.fr\/occitanie\/toulouse_31555\/toulouse-en-projet-depuis-des-annees-le-rer-toulousain-va-t-il-enfin-entrer-dans-le-concret_54603735.html\" target=\"_blank\" rel=\"noopener\">par la suite, au RER.<\/a><\/p>\n<p>Le RER toulousain \u00ab\u2009bien trop tardif\u2009\u00bb<\/p>\n<blockquote class=\"ac-article-quote wall-content\">\n<p>Le calendrier du RER m\u00e9tropolitain, nous semble bien trop tardif : reporter aux ann\u00e9es 2040 et suivantes les investissements majeurs pour le SERM n\u2019est pas acceptable au regard de l\u2019urgence.<\/p>\n<p>    <strong>Marc P\u00e9r\u00e9<\/strong><br \/>\n        Maire de L&rsquo;Union et \u00e9lu \u00e0 l&rsquo;opposition de la M\u00e9tropole    <\/p><\/blockquote>\n<p class=\" wall-content\">Pour le maire de L\u2019Union, commune th\u00e9oriquement desservie par le futur RER, <strong>le dossier doit s\u2019acc\u00e9l\u00e9rer<\/strong> pour \u00ab\u2009r\u00e9pondre aux enjeux de mobilit\u00e9 pour les premi\u00e8re, deuxi\u00e8me et troisi\u00e8me couronnes\u2009\u00bb. Auquel cas, \u00ab\u2009les d\u00e9placements dans notre m\u00e9tropole [seront] invivables\u2009\u00bb. Pour Marc P\u00e9r\u00e9, plus question d\u2019attendre. Il faut mettre les moyens et \u00ab\u2009investir massivement dans le rail\u2009\u00bb.<\/p>\n<p>Votre r\u00e9gion, votre actu !<\/p>\n<p>Recevez chaque jour les infos qui comptent pour vous.<\/p>\n<p>\t<a href=\"https:\/\/actu.fr\/newsletter\" class=\"ac-btn ac-btn--corner ac-btn--medium ac-btn--blue800\" target=\"_blank\" rel=\"noopener\">S&rsquo;incrire<\/a><br \/>\nLa piste pens\u00e9e par ce maire pour financer le RER<\/p>\n<p class=\" wall-content\">Car pour b\u00e2tir et mettre en route le fameux RER toulousain, <a href=\"https:\/\/actu.fr\/occitanie\/toulouse_31555\/toulouse-ou-en-est-le-projet-du-futur-rer-toulousain-la-region-repond_59679302.html\" target=\"_blank\" rel=\"noopener\">les am\u00e9nagements doivent \u00eatre doubl\u00e9s<\/a>, la <a href=\"https:\/\/actu.fr\/occitanie\/toulouse_31555\/video-ligne-c-du-metro-a-toulouse-un-chantier-pharaonique-dans-le-futur-epicentre-du-reseau_63272483.html\" target=\"_blank\" rel=\"noopener\">gare Toulouse-Matabiau<\/a> doit pouvoir accueillir tous les trains, des interconnexions doivent \u00eatre pens\u00e9es, les lignes r\u00e9gionales structurantes d\u00e9velopp\u00e9es\u2026 \u00ab\u2009Sans un maillage ferroviaire solide, nous resterons prisonniers de r\u00e9ponses partielles qui ne suffisent pas face au d\u00e9fi\u2009\u00bb, confirme l\u2019\u00e9lu Unionais.<\/p>\n<p class=\" wall-content\">Mais toutes ces conditions n\u00e9cessitent un gros budget. La facture du RER permettant de relier des <strong>communes situ\u00e9es jusqu\u2019\u00e0 30\u00a0km entre 5h et minuit,<\/strong> s\u2019\u00e9l\u00e8verait \u00e0 <a href=\"https:\/\/actu.fr\/occitanie\/toulouse_31555\/toulouse-est-elle-le-maillon-faible-ou-un-moteur-du-projet-de-serm-incluant-le-rer-toulousain_61992549.html\" target=\"_blank\" rel=\"noopener\">plus de <strong>4,5\u00a0milliards d\u2019euros<\/strong>.<\/a> Et acc\u00e9l\u00e9rer le rythme du projet rime aussi avec acc\u00e9l\u00e9ration de financements. \u00ab\u2009Il nous faut des leviers robustes et \u00e9quitables\u2009\u00bb, reconna\u00eet Marc P\u00e9r\u00e9. Pour lui, la piste \u00e0 privil\u00e9gier est le <strong>Versement Mobilit\u00e9 (VM)<\/strong>. \u00ab\u2009Nous devons \u00e0 nouveau collectivement demander que son taux soit relev\u00e9.\u2009\u00bb Permettrait-elle vraiment de donner le l\u00e0\u2009?<\/p>\n<p>    <img   decoding=\"async\" loading=\"lazy\" src=\"https:\/\/www.europesays.com\/fr\/wp-content\/uploads\/2025\/10\/rer-toulousain-780x640.png\" alt=\"La proposition de Rallumons l\u2019\u00e9toile \u00e0 l'initiative du projet du RER toulousain.\" width=\"780\" height=\"640\"\/><br \/>\n    La proposition de Rallumons l\u2019\u00e9toile \u00e0 l\u2019initiative du projet du RER toulousain. (\u00a9Rallumons l\u2019\u00e9toile)<\/p>\n<p class=\" wall-content\">Personnalisez votre actualit\u00e9 en ajoutant vos villes et m\u00e9dias en favori avec <a href=\"https:\/\/moncompte.actu.fr\" title=\"D\u00e9couvez Mon Actu\" rel=\"nofollow noopener\" data-trk=\"{&quot;cta&quot;:{&quot;action&quot;:&quot;https:\\\/\\\/moncompte.actu.fr&quot;,&quot;category&quot;:&quot;mon compte&quot;,&quot;from&quot;:&quot;article footer&quot;,&quot;name&quot;:&quot;Mon actu&quot;,&quot;type&quot;:&quot;cta&quot;}}\" target=\"_blank\">Mon Actu<\/a>.<\/p>\n","protected":false},"excerpt":{"rendered":"Par Mar\u00e9va Laville Publi\u00e9 le 16 oct. 2025 \u00e0 6h08 L\u2019\u00e9tude n\u2019est pas tomb\u00e9e dans l\u2019oreille de sourds.&hellip;\n","protected":false},"author":2,"featured_media":466528,"comment_status":"","ping_status":"","sticky":false,"template":"","format":"standard","meta":{"footnotes":""},"categories":[2816],"tags":[1111,11,1777,674,1011,27,12,2680,25,104,2312,1090],"class_list":{"0":"post-466527","1":"post","2":"type-post","3":"status-publish","4":"format-standard","5":"has-post-thumbnail","7":"category-toulouse","8":"tag-actu","9":"tag-actualites","10":"tag-eu","11":"tag-europe","12":"tag-fr","13":"tag-france","14":"tag-news","15":"tag-occitanie","16":"tag-republique-francaise","17":"tag-societe","18":"tag-toulouse","19":"tag-toulouse-metropole"},"share_on_mastodon":{"url":"https:\/\/pubeurope.com\/@fr\/115381906513383790","error":""},"_links":{"self":[{"href":"https:\/\/www.europesays.com\/fr\/wp-json\/wp\/v2\/posts\/466527","targetHints":{"allow":["GET"]}}],"collection":[{"href":"https:\/\/www.europesays.com\/fr\/wp-json\/wp\/v2\/posts"}],"about":[{"href":"https:\/\/www.europesays.com\/fr\/wp-json\/wp\/v2\/types\/post"}],"author":[{"embeddable":true,"href":"https:\/\/www.europesays.com\/fr\/wp-json\/wp\/v2\/users\/2"}],"replies":[{"embeddable":true,"href":"https:\/\/www.europesays.com\/fr\/wp-json\/wp\/v2\/comments?post=466527"}],"version-history":[{"count":0,"href":"https:\/\/www.europesays.com\/fr\/wp-json\/wp\/v2\/posts\/466527\/revisions"}],"wp:featuredmedia":[{"embeddable":true,"href":"https:\/\/www.europesays.com\/fr\/wp-json\/wp\/v2\/media\/466528"}],"wp:attachment":[{"href":"https:\/\/www.europesays.com\/fr\/wp-json\/wp\/v2\/media?parent=466527"}],"wp:term":[{"taxonomy":"category","embeddable":true,"href":"https:\/\/www.europesays.com\/fr\/wp-json\/wp\/v2\/categories?post=466527"},{"taxonomy":"post_tag","embeddable":true,"href":"https:\/\/www.europesays.com\/fr\/wp-json\/wp\/v2\/tags?post=466527"}],"curies":[{"name":"wp","href":"https:\/\/api.w.org\/{rel}","templated":true}]}}