{"id":466550,"date":"2025-10-16T04:29:17","date_gmt":"2025-10-16T04:29:17","guid":{"rendered":"https:\/\/www.europesays.com\/fr\/466550\/"},"modified":"2025-10-16T04:29:17","modified_gmt":"2025-10-16T04:29:17","slug":"leurope-prepare-son-mur-antidrones-trump-ne-comprend-plus-poutine-2","status":"publish","type":"post","link":"https:\/\/www.europesays.com\/fr\/466550\/","title":{"rendered":"L&rsquo;Europe pr\u00e9pare son mur antidrones, Trump ne comprend plus Poutine"},"content":{"rendered":"<p class=\"mb-4 text-lg md:leading-8 break-words\"><strong>R\u00e9cap &#8211; \u00ab 20 Minutes \u00bb fait le point pour vous tous les soirs sur le conflit en Ukraine. Ce mercredi, la journ\u00e9e a \u00e9t\u00e9 marqu\u00e9e par les avanc\u00e9es concernant le mur antidrones des Europ\u00e9ens<\/strong><\/p>\n<p class=\"mb-4 text-lg md:leading-8 break-words\">Vous avez rat\u00e9 les derniers \u00e9v\u00e9nements sur la <a href=\"https:\/\/www.20minutes.fr\/monde\/ukraine\/?at_medium=RSS%20feed&amp;at_campaign=ynews&amp;utm_source=yahoo&amp;utm_medium=rss&amp;utm_campaign=news_feed&amp;utm_content=in_article_link\" rel=\"nofollow noopener\" target=\"_blank\" data-ylk=\"slk:guerre en Ukraine;elm:context_link;itc:0;sec:content-canvas\" class=\"link \">guerre en Ukraine<\/a> ? 20 Minutes fait le point pour vous tous les soirs. Voici l\u2019essentiel de ce mercredi 15 octobre, 1.330e jour du conflit.<\/p>\n<p>Le fait du jour<\/p>\n<p class=\"mb-4 text-lg md:leading-8 break-words\">La d\u00e9fense s\u2019organise. La <a href=\"https:\/\/www.20minutes.fr\/dossier\/commission_europeenne?at_medium=RSS%20feed&amp;at_campaign=ynews&amp;utm_source=yahoo&amp;utm_medium=rss&amp;utm_campaign=news_feed&amp;utm_content=in_article_link\" rel=\"nofollow noopener\" target=\"_blank\" data-ylk=\"slk:Commission europ\u00e9enne;elm:context_link;itc:0;sec:content-canvas\" class=\"link \">Commission europ\u00e9enne<\/a> propose que le \u00ab mur \u00bb antidrones soit pleinement op\u00e9rationnel d\u2019ici \u00e0 2027, selon un projet consult\u00e9 par l\u2019AFP et confirm\u00e9 par des responsables europ\u00e9ens. Bruxelles doit d\u00e9voiler ce jeudi les grandes lignes de ce projet de \u00ab mur \u00bb antidrones, rebaptis\u00e9 Initiative europ\u00e9enne pour les drones (Eddi), dont le principe a \u00e9t\u00e9 <a href=\"https:\/\/www.20minutes.fr\/monde\/ukraine\/4175842-20250930-guerre-ukraine-mur-antidrones-voulu-union-europeenne-necessite-illusion?at_medium=RSS%20feed&amp;at_campaign=ynews&amp;utm_source=yahoo&amp;utm_medium=rss&amp;utm_campaign=news_feed&amp;utm_content=in_article_link\" rel=\"nofollow noopener\" target=\"_blank\" data-ylk=\"slk:d\u00e9cid\u00e9 le mois dernier afin de mieux se d\u00e9fendre;elm:context_link;itc:0;sec:content-canvas\" class=\"link \">d\u00e9cid\u00e9 le mois dernier afin de mieux se d\u00e9fendre<\/a> face \u00e0 de <a href=\"https:\/\/www.20minutes.fr\/monde\/ukraine\/4175649-20250927-guerre-ukraine-survol-drones-dessus-plus-grande-base-militaire-danemark?at_medium=RSS%20feed&amp;at_campaign=ynews&amp;utm_source=yahoo&amp;utm_medium=rss&amp;utm_campaign=news_feed&amp;utm_content=in_article_link\" rel=\"nofollow noopener\" target=\"_blank\" data-ylk=\"slk:multiples incursions de drones;elm:context_link;itc:0;sec:content-canvas\" class=\"link \">multiples incursions de drones<\/a> russes en Europe.<\/p>\n<p class=\"mb-4 text-lg md:leading-8 break-words\">La r\u00e9ponse de l\u2019Otan \u00e0 l\u2019entr\u00e9e d\u2019une vingtaine de ces appareils dans l\u2019espace a\u00e9rien de la Pologne avait mis en \u00e9vidence les lacunes dans l\u2019arsenal de l\u2019Alliance face \u00e0 cette menace. Pour abattre trois de ces drones, l\u2019Otan avait d\u00fb recourir \u00e0 de co\u00fbteux missiles.<\/p>\n<p class=\"mb-4 text-lg md:leading-8 break-words\">Bruxelles souhaite la constitution d\u00e8s l\u2019an prochain d\u2019un syst\u00e8me de d\u00e9tection, \u00e0 l\u2019aide de capteurs terrestres ou par satellite, avant de se doter de capacit\u00e9s de tra\u00e7age et d\u2019interception de drones d\u2019ici \u00e0 2027. Cette initiative sera d\u2019abord mise en \u0153uvre dans les pays les plus proches de la fronti\u00e8re russe, sur le flanc oriental de l\u2019UE, avant d\u2019\u00eatre \u00e9tendue \u00e0 d\u2019autres Etats de l\u2019Union, selon cette proposition de la Commission.<\/p>\n<p>La d\u00e9claration du jour<\/p>\n<blockquote class=\"mb-4 border-l-2 pl-5 italic text-tertiary\">\n<p class=\"mb-4 text-lg md:leading-8 break-words\">Je ne comprends pas pourquoi il poursuit cette guerre<\/p>\n<\/blockquote>\n<p class=\"mb-4 text-lg md:leading-8 break-words\">Les paroles sont sign\u00e9es Donald trump. A (&#8230;)<\/p>\n<p class=\"mb-4 text-lg md:leading-8 break-words\"><a href=\"https:\/\/www.20minutes.fr\/monde\/ukraine\/4179558-20251015-guerre-ukraine-europe-prepare-mur-antidrones-trump-comprend-plus-poutine?at_medium=RSS%20feed&amp;at_campaign=ynews&amp;utm_source=yahoo&amp;utm_medium=rss&amp;utm_campaign=news_feed&amp;utm_content=read_more_link&quot;\" rel=\"nofollow noopener\" target=\"_blank\" data-ylk=\"slk:Lire la suite sur 20minutes;elm:context_link;itc:0;sec:content-canvas\" class=\"link \">Lire la suite sur 20minutes<\/a><\/p>\n<p>\u00c0 lire aussi :<br \/><a href=\"https:\/\/www.20minutes.fr\/monde\/ukraine\/4179221-20251014-guerre-ukraine-convoi-onu-attaque-production-petrole-russe-plus-bas?at_medium=RSS%20feed&amp;at_campaign=ynews&amp;utm_source=yahoo&amp;utm_medium=rss&amp;utm_campaign=news_feed&amp;utm_content=related_content_link\" rel=\"nofollow noopener\" target=\"_blank\" data-ylk=\"slk:Guerre en Ukraine : Un convoi de l\u2019ONU attaqu\u00e9, la production de p\u00e9trole russe au plus bas;elm:context_link;itc:0;sec:content-canvas\" class=\"link \">Guerre en Ukraine : Un convoi de l\u2019ONU attaqu\u00e9, la production de p\u00e9trole russe au plus bas<\/a><br \/><a href=\"https:\/\/www.20minutes.fr\/monde\/ukraine\/4178968-20251013-guerre-ukraine-allemagne-inquiete-possible-attaque-russe-trump-incite-impliquer-comme-gaza?at_medium=RSS%20feed&amp;at_campaign=ynews&amp;utm_source=yahoo&amp;utm_medium=rss&amp;utm_campaign=news_feed&amp;utm_content=related_content_link\" rel=\"nofollow noopener\" target=\"_blank\" data-ylk=\"slk:Guerre en Ukraine : L\u2019Allemagne s\u2019inqui\u00e8te d\u2019une attaque militaire russe, Trump incit\u00e9 \u00e0 s\u2019impliquer comme \u00e0 Gaza;elm:context_link;itc:0;sec:content-canvas\" class=\"link \">Guerre en Ukraine : L\u2019Allemagne s\u2019inqui\u00e8te d\u2019une attaque militaire russe, Trump incit\u00e9 \u00e0 s\u2019impliquer comme \u00e0 Gaza<\/a><\/p>\n","protected":false},"excerpt":{"rendered":"R\u00e9cap &#8211; \u00ab 20 Minutes \u00bb fait le point pour vous tous les soirs sur le conflit en&hellip;\n","protected":false},"author":2,"featured_media":466551,"comment_status":"","ping_status":"","sticky":false,"template":"","format":"standard","meta":{"footnotes":""},"categories":[1590],"tags":[642,11,2196,1777,674,12,59049,220],"class_list":{"0":"post-466550","1":"post","2":"type-post","3":"status-publish","4":"format-standard","5":"has-post-thumbnail","7":"category-ukraine","8":"tag-20-minutes","9":"tag-actualites","10":"tag-commission-europeenne","11":"tag-eu","12":"tag-europe","13":"tag-news","14":"tag-systeme-de-detection","15":"tag-ukraine"},"share_on_mastodon":{"url":"https:\/\/pubeurope.com\/@fr\/115381964922897133","error":""},"_links":{"self":[{"href":"https:\/\/www.europesays.com\/fr\/wp-json\/wp\/v2\/posts\/466550","targetHints":{"allow":["GET"]}}],"collection":[{"href":"https:\/\/www.europesays.com\/fr\/wp-json\/wp\/v2\/posts"}],"about":[{"href":"https:\/\/www.europesays.com\/fr\/wp-json\/wp\/v2\/types\/post"}],"author":[{"embeddable":true,"href":"https:\/\/www.europesays.com\/fr\/wp-json\/wp\/v2\/users\/2"}],"replies":[{"embeddable":true,"href":"https:\/\/www.europesays.com\/fr\/wp-json\/wp\/v2\/comments?post=466550"}],"version-history":[{"count":0,"href":"https:\/\/www.europesays.com\/fr\/wp-json\/wp\/v2\/posts\/466550\/revisions"}],"wp:featuredmedia":[{"embeddable":true,"href":"https:\/\/www.europesays.com\/fr\/wp-json\/wp\/v2\/media\/466551"}],"wp:attachment":[{"href":"https:\/\/www.europesays.com\/fr\/wp-json\/wp\/v2\/media?parent=466550"}],"wp:term":[{"taxonomy":"category","embeddable":true,"href":"https:\/\/www.europesays.com\/fr\/wp-json\/wp\/v2\/categories?post=466550"},{"taxonomy":"post_tag","embeddable":true,"href":"https:\/\/www.europesays.com\/fr\/wp-json\/wp\/v2\/tags?post=466550"}],"curies":[{"name":"wp","href":"https:\/\/api.w.org\/{rel}","templated":true}]}}