{"id":466557,"date":"2025-10-16T04:33:16","date_gmt":"2025-10-16T04:33:16","guid":{"rendered":"https:\/\/www.europesays.com\/fr\/466557\/"},"modified":"2025-10-16T04:33:16","modified_gmt":"2025-10-16T04:33:16","slug":"il-faut-combattre-la-trumpisation-du-debat-ecologique-en-europe","status":"publish","type":"post","link":"https:\/\/www.europesays.com\/fr\/466557\/","title":{"rendered":"\u00ab Il faut combattre la trumpisation du d\u00e9bat \u00e9cologique en Europe \u00bb"},"content":{"rendered":"<p>En tant que d\u00e9put\u00e9 europ\u00e9en (groupe Renew) et pr\u00e9sident durant cinq ans de la Commission environnement au Parlement europ\u00e9en, il a v\u00e9cu en premi\u00e8re ligne la naissance du Pacte vert et en a \u00e9t\u00e9 un \u00e9lu moteur. Dans un nouveau livre intitul\u00e9 \u00ab\u00a0Gagner le combat du pacte vert, une r\u00e9volution en danger\u00a0\u00bb, Pascal Canfin raconte pour la premi\u00e8re fois les coulisses de ce paquet l\u00e9gislatif, in\u00e9dit sur le globe, \u00ab \u00e9quivalent \u00e0 la d\u00e9cision prise par les \u00c9tats-Unis d\u2019envoyer un homme sur la Lune \u00bb, selon les mots de la pr\u00e9sidente de la commission europ\u00e9enne Ursula Von Der Leyen.<\/p>\n<p>Dans cet entretien exclusif accord\u00e9 \u00e0 La Tribune, le d\u00e9put\u00e9 europ\u00e9en raconte aussi pourquoi le \u00ab Green deal \u00bb est menac\u00e9 par certaines forces politiques, notamment l\u2019extr\u00eame droite. Il partage aussi ses solutions pour faire face, sans oublier ses espoirs pour la COP30, qui va f\u00eater les dix ans de l\u2019Accord de Paris, et son constat sur la transition \u00e9cologique en France.<\/p>\n","protected":false},"excerpt":{"rendered":"En tant que d\u00e9put\u00e9 europ\u00e9en (groupe Renew) et pr\u00e9sident durant cinq ans de la Commission environnement au Parlement&hellip;\n","protected":false},"author":2,"featured_media":466558,"comment_status":"","ping_status":"","sticky":false,"template":"","format":"standard","meta":{"footnotes":""},"categories":[1586],"tags":[17,11,59050,1129,59051,1292,15332,1777,674,8290,1011,27,12,12815,25,59052],"class_list":{"0":"post-466557","1":"post","2":"type-post","3":"status-publish","4":"format-standard","5":"has-post-thumbnail","7":"category-europe","8":"tag-17","9":"tag-actualites","10":"tag-canfin","11":"tag-climat","12":"tag-combattre","13":"tag-debat","14":"tag-ecologique","15":"tag-eu","16":"tag-europe","17":"tag-faut","18":"tag-fr","19":"tag-france","20":"tag-news","21":"tag-pascal","22":"tag-republique-francaise","23":"tag-trumpisation"},"share_on_mastodon":{"url":"https:\/\/pubeurope.com\/@fr\/115381980604849520","error":""},"_links":{"self":[{"href":"https:\/\/www.europesays.com\/fr\/wp-json\/wp\/v2\/posts\/466557","targetHints":{"allow":["GET"]}}],"collection":[{"href":"https:\/\/www.europesays.com\/fr\/wp-json\/wp\/v2\/posts"}],"about":[{"href":"https:\/\/www.europesays.com\/fr\/wp-json\/wp\/v2\/types\/post"}],"author":[{"embeddable":true,"href":"https:\/\/www.europesays.com\/fr\/wp-json\/wp\/v2\/users\/2"}],"replies":[{"embeddable":true,"href":"https:\/\/www.europesays.com\/fr\/wp-json\/wp\/v2\/comments?post=466557"}],"version-history":[{"count":0,"href":"https:\/\/www.europesays.com\/fr\/wp-json\/wp\/v2\/posts\/466557\/revisions"}],"wp:featuredmedia":[{"embeddable":true,"href":"https:\/\/www.europesays.com\/fr\/wp-json\/wp\/v2\/media\/466558"}],"wp:attachment":[{"href":"https:\/\/www.europesays.com\/fr\/wp-json\/wp\/v2\/media?parent=466557"}],"wp:term":[{"taxonomy":"category","embeddable":true,"href":"https:\/\/www.europesays.com\/fr\/wp-json\/wp\/v2\/categories?post=466557"},{"taxonomy":"post_tag","embeddable":true,"href":"https:\/\/www.europesays.com\/fr\/wp-json\/wp\/v2\/tags?post=466557"}],"curies":[{"name":"wp","href":"https:\/\/api.w.org\/{rel}","templated":true}]}}