{"id":466570,"date":"2025-10-16T04:43:12","date_gmt":"2025-10-16T04:43:12","guid":{"rendered":"https:\/\/www.europesays.com\/fr\/466570\/"},"modified":"2025-10-16T04:43:12","modified_gmt":"2025-10-16T04:43:12","slug":"ai-ogura-va-mieux-et-va-faire-son-retour-au-gp-daustralie","status":"publish","type":"post","link":"https:\/\/www.europesays.com\/fr\/466570\/","title":{"rendered":"Ai Ogura va mieux et va faire son retour au GP d&rsquo;Australie"},"content":{"rendered":"<p>Un mois apr\u00e8s s&rsquo;\u00eatre fait mal au poignet droit, <a href=\"https:\/\/fr.motorsport.com\/driver\/ai-ogura\/471489\/\" target=\"_blank\" rel=\"noopener\">Ai Ogura<\/a> va pouvoir renouer avec la comp\u00e9tition \u00e0 Phillip Island. Le pilote Trackhouse a chut\u00e9 \u00e0 haute vitesse au GP de Saint-Marin et il a tent\u00e9 de disputer sa course \u00e0 domicile, au Japon, mais a finalement d\u00e9clar\u00e9 forfait peu de temps avant la course principale. Les douleurs s&rsquo;\u00e9tant aggrav\u00e9es au cours du week-end de Motegi, il a aussi fait l&rsquo;impasse sur Mandalika.<\/p>\n<p>Ce jeudi, Ogura a \u00e9t\u00e9 examin\u00e9 par l&rsquo;\u00e9quipe m\u00e9dicale du MotoGP, qui l&rsquo;a d\u00e9clar\u00e9 apte \u00e0 reprendre la piste. \u00ab\u00a0J&rsquo;ai pass\u00e9 le contr\u00f4le m\u00e9dical, tout va bien\u00a0\u00bb, a rassur\u00e9 Ogura, confiant pour ne pas \u00eatre g\u00ean\u00e9 ce week-end\u00a0: \u00ab\u00a0Je verrai comment je me sens vendredi matin, mais je sens que ma main est proche d&rsquo;\u00eatre \u00e0 100% maintenant, donc \u00e7a devrait aller pour toutes les s\u00e9ances.\u00a0\u00bb<\/p>\n<p>En arrivant au Japon, Ai Ogura assurait \u00eatre \u00e0 90% de ses capacit\u00e9s mais il a vite constat\u00e9 que ce n&rsquo;\u00e9tait pas tout \u00e0 fait le cas, et le pilotage a accentu\u00e9 la douleur\u00a0: \u00ab\u00a0Je sens qu&rsquo;\u00e0 Motegi, j&rsquo;\u00e9tais \u00e0 environ 70%. Apr\u00e8s, ma main s&rsquo;est d\u00e9grad\u00e9e et je me sentais de la m\u00eame fa\u00e7on \u00e0 Mandalika qu&rsquo;\u00e0 Motegi, donc je ne voulais pas refaire la m\u00eame chose. J&rsquo;ai pr\u00e9f\u00e9r\u00e9 en manquer une et \u00eatre pr\u00eat pour les courses suivantes.\u00a0\u00bb<\/p>\n<p>\u00ab\u00a0Je pense que j&rsquo;aurais pu juste finir la course [de Motegi], mais je ne voulais pas \u00eatre dernier\u00a0\u00bb, a-t-il ajout\u00e9. \u00ab\u00a0Pour moi, \u00e7a n&rsquo;avait pas de sens de rouler le dimanche. C&rsquo;\u00e9tait une d\u00e9cision difficile, oui.\u00a0\u00bb<\/p>\n<p>Depuis, Ogura a donc opt\u00e9 pour la prudence en renon\u00e7ant \u00e0 rouler \u00e0 Mandalika et en se limitant dans son entra\u00eenement physique. Il a ainsi fait \u00ab\u00a0un peu de cyclisme, pas plus\u00a0\u00bb, ces derniers jours&#8230; en \u00e9vitant soigneusement de remonter sur une moto : \u00ab\u00a0Je ne pouvais pas. J&rsquo;ai pr\u00e9f\u00e9r\u00e9 rouler ici. Avant Motegi, j&rsquo;avais essay\u00e9 une moto et je pense que ce n&rsquo;\u00e9tait pas une bonne id\u00e9e donc pas cette fois !\u00a0\u00bb<\/p>\n<p>Lire aussi :<\/p>\n<p>            Votre avis nous int\u00e9resse !<\/p>\n<p class=\"mt-auto\">Qu&rsquo;aimeriez-vous voir sur Motorsport.com ?<\/p>\n<p>            <a href=\"#\" class=\"ms-link text-link font-bold\">R\u00e9pondez \u00e0 notre enqu\u00eate de 5 minutes.<\/a><\/p>\n<p class=\"mt-1 font-info text-body\">&#8211; L&rsquo;\u00e9quipe Motorsport.com<\/p>\n","protected":false},"excerpt":{"rendered":"Un mois apr\u00e8s s&rsquo;\u00eatre fait mal au poignet droit, Ai Ogura va pouvoir renouer avec la comp\u00e9tition \u00e0&hellip;\n","protected":false},"author":2,"featured_media":466571,"comment_status":"","ping_status":"","sticky":false,"template":"","format":"standard","meta":{"footnotes":""},"categories":[1413],"tags":[3378,59053,1011,27,56962,1457,1456,1458,56963,60,4084],"class_list":{"0":"post-466570","1":"post","2":"type-post","3":"status-publish","4":"format-standard","5":"has-post-thumbnail","7":"category-moto","8":"tag-ai-ogura","9":"tag-ai-ogura-va-mieux-et-va-faire-son-retour-au-gp-daustralie","10":"tag-fr","11":"tag-france","12":"tag-gp-daustralie","13":"tag-moto","14":"tag-motocycle","15":"tag-motogp","16":"tag-phillip-island-grand-prix-circuit","17":"tag-sports","18":"tag-trackhouse-racing-team"},"share_on_mastodon":{"url":"https:\/\/pubeurope.com\/@fr\/115382019928455706","error":""},"_links":{"self":[{"href":"https:\/\/www.europesays.com\/fr\/wp-json\/wp\/v2\/posts\/466570","targetHints":{"allow":["GET"]}}],"collection":[{"href":"https:\/\/www.europesays.com\/fr\/wp-json\/wp\/v2\/posts"}],"about":[{"href":"https:\/\/www.europesays.com\/fr\/wp-json\/wp\/v2\/types\/post"}],"author":[{"embeddable":true,"href":"https:\/\/www.europesays.com\/fr\/wp-json\/wp\/v2\/users\/2"}],"replies":[{"embeddable":true,"href":"https:\/\/www.europesays.com\/fr\/wp-json\/wp\/v2\/comments?post=466570"}],"version-history":[{"count":0,"href":"https:\/\/www.europesays.com\/fr\/wp-json\/wp\/v2\/posts\/466570\/revisions"}],"wp:featuredmedia":[{"embeddable":true,"href":"https:\/\/www.europesays.com\/fr\/wp-json\/wp\/v2\/media\/466571"}],"wp:attachment":[{"href":"https:\/\/www.europesays.com\/fr\/wp-json\/wp\/v2\/media?parent=466570"}],"wp:term":[{"taxonomy":"category","embeddable":true,"href":"https:\/\/www.europesays.com\/fr\/wp-json\/wp\/v2\/categories?post=466570"},{"taxonomy":"post_tag","embeddable":true,"href":"https:\/\/www.europesays.com\/fr\/wp-json\/wp\/v2\/tags?post=466570"}],"curies":[{"name":"wp","href":"https:\/\/api.w.org\/{rel}","templated":true}]}}