{"id":466572,"date":"2025-10-16T04:44:11","date_gmt":"2025-10-16T04:44:11","guid":{"rendered":"https:\/\/www.europesays.com\/fr\/466572\/"},"modified":"2025-10-16T04:44:11","modified_gmt":"2025-10-16T04:44:11","slug":"vasseur-balance-sur-lequipe-avant-le-gp-des-etats-unis-qui-pourrait-tout-changer","status":"publish","type":"post","link":"https:\/\/www.europesays.com\/fr\/466572\/","title":{"rendered":"Vasseur balance sur l\u2019\u00e9quipe avant le GP des Etats-Unis, qui pourrait tout changer\u00a0"},"content":{"rendered":"<p>En proie \u00e0 plusieurs rumeurs qui ne favorisent pas la Scuderia, le week-end prochain pourrait s&rsquo;av\u00e9rer encore plus compliqu\u00e9 pour l&rsquo;\u00e9curie. Depuis quelques courses, Ferrari a des r\u00e9sultats en de\u00e7\u00e0 des attentes. Au classement des constructeurs, la marque italienne a m\u00eame perdu sa deuxi\u00e8me position et se retrouve \u00e0 une fragile troisi\u00e8me place. \u00c0 tout moment, Red Bull pourrait lui ravir cette troisi\u00e8me place si les performances ne sont pas au rendez-vous. Ce week-end, lors du Grand Prix d&rsquo;Austin (Texas, USA), les difficult\u00e9s pourraient s&rsquo;aggraver.<\/p>\n<p>\u00ab\u00a0Le week-end sera plus difficile\u00a0\u00bb<\/p>\n<p>\u00c0 quelques jours de ce Grand Prix, Fr\u00e9d\u00e9ric Vasseur a mentionn\u00e9 les d\u00e9fis du Circuit des Am\u00e9riques. Il s&rsquo;attend \u00e0 une course ardue. \u00ab Apr\u00e8s deux circuits urbains, nous revenons sur le circuit permanent de COTA, qui propose une succession de virages tr\u00e8s captivants. Ce trac\u00e9 exige une grande pr\u00e9cision de la part de tous : l&rsquo;\u00e9quipe pour les r\u00e9glages et les pilotes pour une parfaite synergie avec la voiture. \u00bb, a d\u00e9clar\u00e9 le directeur de Ferrari.<\/p>\n<p>\u00ab Le week-end sera d&rsquo;autant plus difficile avec le format Sprint, qui ne nous laissera qu&rsquo;une seule s\u00e9ance d&rsquo;essais libres avant de passer directement aux sessions de comp\u00e9tition. Nous savons que nous n&rsquo;avons pas pleinement exploit\u00e9 le potentiel de notre package lors des derni\u00e8res courses, mais l&rsquo;\u00e9quipe est soud\u00e9e et enti\u00e8rement d\u00e9termin\u00e9e \u00e0 inverser la tendance. \u00bb, a-t-il ajout\u00e9.<\/p>\n<p>    Partagez cette info avec vos amis et vos proches en cliquant ici  <\/p>\n<p> Podcasts \u00e0 la une MEN LIFE <\/p>\n<p>    Pour r\u00e9sumer<\/p>\n<p>Ferrari est peut-\u00eatre sur le point de vivre un autre Grand Prix difficile. Selon Fr\u00e9d\u00e9ric Vasseur, le prochain circuit est connu pour \u00eatre exigeant pour les pilotes. Cependant, les pilotes sont d\u00e9termin\u00e9s \u00e0 faire face \u00e0 ce nouveau d\u00e9fi.<\/p>\n<p>R\u00e9dacteur<\/p>\n<p><img decoding=\"async\" width=\"76\" height=\"76\" loading=\"lazy\" src=\"https:\/\/www.europesays.com\/fr\/wp-content\/uploads\/2025\/04\/avatar-sport-am.png\" alt=\"La r\u00e9daction\"\/><\/p>\n","protected":false},"excerpt":{"rendered":"En proie \u00e0 plusieurs rumeurs qui ne favorisent pas la Scuderia, le week-end prochain pourrait s&rsquo;av\u00e9rer encore plus&hellip;\n","protected":false},"author":2,"featured_media":466573,"comment_status":"","ping_status":"","sticky":false,"template":"","format":"standard","meta":{"footnotes":""},"categories":[1412],"tags":[1451,1452,1453,1454,1455,1011,27,60],"class_list":{"0":"post-466572","1":"post","2":"type-post","3":"status-publish","4":"format-standard","5":"has-post-thumbnail","7":"category-f1","8":"tag-f1","9":"tag-formula-1","10":"tag-formula1","11":"tag-formule-1","12":"tag-formule1","13":"tag-fr","14":"tag-france","15":"tag-sports"},"share_on_mastodon":{"url":"https:\/\/pubeurope.com\/@fr\/115382024598220657","error":""},"_links":{"self":[{"href":"https:\/\/www.europesays.com\/fr\/wp-json\/wp\/v2\/posts\/466572","targetHints":{"allow":["GET"]}}],"collection":[{"href":"https:\/\/www.europesays.com\/fr\/wp-json\/wp\/v2\/posts"}],"about":[{"href":"https:\/\/www.europesays.com\/fr\/wp-json\/wp\/v2\/types\/post"}],"author":[{"embeddable":true,"href":"https:\/\/www.europesays.com\/fr\/wp-json\/wp\/v2\/users\/2"}],"replies":[{"embeddable":true,"href":"https:\/\/www.europesays.com\/fr\/wp-json\/wp\/v2\/comments?post=466572"}],"version-history":[{"count":0,"href":"https:\/\/www.europesays.com\/fr\/wp-json\/wp\/v2\/posts\/466572\/revisions"}],"wp:featuredmedia":[{"embeddable":true,"href":"https:\/\/www.europesays.com\/fr\/wp-json\/wp\/v2\/media\/466573"}],"wp:attachment":[{"href":"https:\/\/www.europesays.com\/fr\/wp-json\/wp\/v2\/media?parent=466572"}],"wp:term":[{"taxonomy":"category","embeddable":true,"href":"https:\/\/www.europesays.com\/fr\/wp-json\/wp\/v2\/categories?post=466572"},{"taxonomy":"post_tag","embeddable":true,"href":"https:\/\/www.europesays.com\/fr\/wp-json\/wp\/v2\/tags?post=466572"}],"curies":[{"name":"wp","href":"https:\/\/api.w.org\/{rel}","templated":true}]}}