{"id":466574,"date":"2025-10-16T04:45:17","date_gmt":"2025-10-16T04:45:17","guid":{"rendered":"https:\/\/www.europesays.com\/fr\/466574\/"},"modified":"2025-10-16T04:45:17","modified_gmt":"2025-10-16T04:45:17","slug":"retrouvailles-entre-christian-casanova-et-laurent-jalabert-sur-le-gr-20","status":"publish","type":"post","link":"https:\/\/www.europesays.com\/fr\/466574\/","title":{"rendered":"retrouvailles entre Christian Casanova et Laurent Jalabert sur le GR 20"},"content":{"rendered":"<p>La derni\u00e8re fois qu&rsquo;ils s&rsquo;\u00e9taient vus, c&rsquo;\u00e9tait dans le sud de la France, pour ferrailler sur une course cycliste de 1re cat\u00e9gorie amateur. Nous sommes \u00e0 la fin des ann\u00e9es quatre-vingt, ce rang-l\u00e0 correspond \u00e0 l&rsquo;antichambre du professionnalisme.<a href=\"https:\/\/www.laurent-jalabert.com\/\" target=\"_blank\" rel=\"noopener\"> Laurent Jalabert<\/a> y pr\u00e9pare son entr\u00e9e pour accomplir la brillante carri\u00e8re que l&rsquo;on sait. Apr\u00e8s avoir \u00e9t\u00e9 champion de France cadet, Christian Casanova fut longtemps pressenti pour y acc\u00e9der aussi. Son destin le ramena finalement en Corse o\u00f9 son autre grande passion, la montagne, fit de lui un agent du Parc naturel r\u00e9gional et un sapeur-pompier volontaire pilier du groupe de secours en montagne. Plus de trois d\u00e9cennies apr\u00e8s ce v\u00e9cu cycliste commun, les deux anciens coureurs ont fini par se retrouver.<\/p>\n<p>Autrefois familier de Richard Virenque chez \u00ab\u00a0les Bleuets\u00a0\u00bb<\/p>\n<p>En montagne, justement, o\u00f9 Laurent Jalabert \u00e9tait pr\u00e9sent \u00e0 la fin de l&rsquo;\u00e9t\u00e9 pour se lancer sur le GR 20 du nord au sud.\u00a0\u00ab\u00a0On s&rsquo;est retrouv\u00e9 au refuge de Carozzu, o\u00f9 j&rsquo;\u00e9tais pr\u00e9sent pour le Parc\u00a0\u00bb, raconte Christian Casanova. Le temps que Laurent Jalabert remettre un peu d&rsquo;ordre dans sa m\u00e9moire, les deux anciens coureurs ont \u00e9voqu\u00e9 les souvenirs du temps o\u00f9 ils faisaient les m\u00eames r\u00eaves.<\/p>\n<p>\u00ab\u00a0Je ne courais pas tous les dimanches dans le m\u00eame peloton que lui. Il \u00e9tait dans le Tarn, et moi dans le Var o\u00f9 j&rsquo;ai beaucoup plus souvent c\u00f4toy\u00e9 Richard Virenque qui est varois\u00a0\u00bb, se souvient celui qui int\u00e9gra les \u00ab\u00a0Bleuets\u00a0\u00bb, l&rsquo;\u00e9quipe de France juniors de l&rsquo;\u00e9poque, aux c\u00f4t\u00e9s du multiple vainqueur du maillot \u00e0 pois sur le Tour.<\/p>\n<p>\u00ab\u00a0On a pass\u00e9 tout un apr\u00e8s-midi ensemble, nous a confi\u00e9 l&rsquo;agent du service randonn\u00e9e du PNRC, heureux de retrouver l&rsquo;ancien champion qui connaissait d\u00e9j\u00e0 la montagne corse. Il s&rsquo;\u00e9tait notamment aventur\u00e9 sur le Mare \u00e0 Mare sud \u00e0 l&rsquo;\u00e9poque o\u00f9 il commentait le <a href=\"https:\/\/www.ouest-france.fr\/sport\/cyclisme\/cyclisme-le-criterium-international-c-est-fini-4619611\" target=\"_blank\" rel=\"noopener\">Crit\u00e9rium international depuis Porto-Vecchio<\/a>, en sa qualit\u00e9 de consultant sur France T\u00e9l\u00e9visions.<\/p>\n<p>Le GR 20, Laurent Jalabert l&rsquo;a finalement couvert en sept jours, soit la moiti\u00e9 du temps de parcours d&rsquo;un randonneur moyen. Rien de bien \u00e9tonnant de la part de celui qui n&rsquo;a cess\u00e9 de s&rsquo;entra\u00eener depuis son retrait des pelotons. Au point de devenir traileur et triathl\u00e8te.<\/p>\n<p>* Laurent Jalabert a \u00e9galement remport\u00e9 le Tour d&rsquo;Espagne, Milan-San Remo, le Tour de Lombardie et La Fl\u00e8che Wallonne, pour ne citer que les plus grandes lignes de son palmar\u00e8s.<\/p>\n","protected":false},"excerpt":{"rendered":"La derni\u00e8re fois qu&rsquo;ils s&rsquo;\u00e9taient vus, c&rsquo;\u00e9tait dans le sud de la France, pour ferrailler sur une course&hellip;\n","protected":false},"author":2,"featured_media":466575,"comment_status":"","ping_status":"","sticky":false,"template":"","format":"standard","meta":{"footnotes":""},"categories":[1411],"tags":[17,59054,1991,1154,207,2834,1011,27,59055,3955,32289,60,3356],"class_list":{"0":"post-466574","1":"post","2":"type-post","3":"status-publish","4":"format-standard","5":"has-post-thumbnail","7":"category-cyclisme","8":"tag-17","9":"tag-casanova","10":"tag-christian","11":"tag-cycling","12":"tag-cyclisme","13":"tag-entre","14":"tag-fr","15":"tag-france","16":"tag-jalabert","17":"tag-laurent","18":"tag-retrouvailles","19":"tag-sports","20":"tag-sur"},"share_on_mastodon":{"url":"https:\/\/pubeurope.com\/@fr\/115382027754449014","error":""},"_links":{"self":[{"href":"https:\/\/www.europesays.com\/fr\/wp-json\/wp\/v2\/posts\/466574","targetHints":{"allow":["GET"]}}],"collection":[{"href":"https:\/\/www.europesays.com\/fr\/wp-json\/wp\/v2\/posts"}],"about":[{"href":"https:\/\/www.europesays.com\/fr\/wp-json\/wp\/v2\/types\/post"}],"author":[{"embeddable":true,"href":"https:\/\/www.europesays.com\/fr\/wp-json\/wp\/v2\/users\/2"}],"replies":[{"embeddable":true,"href":"https:\/\/www.europesays.com\/fr\/wp-json\/wp\/v2\/comments?post=466574"}],"version-history":[{"count":0,"href":"https:\/\/www.europesays.com\/fr\/wp-json\/wp\/v2\/posts\/466574\/revisions"}],"wp:featuredmedia":[{"embeddable":true,"href":"https:\/\/www.europesays.com\/fr\/wp-json\/wp\/v2\/media\/466575"}],"wp:attachment":[{"href":"https:\/\/www.europesays.com\/fr\/wp-json\/wp\/v2\/media?parent=466574"}],"wp:term":[{"taxonomy":"category","embeddable":true,"href":"https:\/\/www.europesays.com\/fr\/wp-json\/wp\/v2\/categories?post=466574"},{"taxonomy":"post_tag","embeddable":true,"href":"https:\/\/www.europesays.com\/fr\/wp-json\/wp\/v2\/tags?post=466574"}],"curies":[{"name":"wp","href":"https:\/\/api.w.org\/{rel}","templated":true}]}}