{"id":466578,"date":"2025-10-16T04:47:10","date_gmt":"2025-10-16T04:47:10","guid":{"rendered":"https:\/\/www.europesays.com\/fr\/466578\/"},"modified":"2025-10-16T04:47:10","modified_gmt":"2025-10-16T04:47:10","slug":"carole-bouquet-seffondre-sur-scene-en-pleine-representation","status":"publish","type":"post","link":"https:\/\/www.europesays.com\/fr\/466578\/","title":{"rendered":"Carole Bouquet s\u2019effondre sur sc\u00e8ne en pleine repr\u00e9sentation"},"content":{"rendered":"<p data-start=\"222\" data-end=\"492\">Mercredi 15 octobre, <a href=\"https:\/\/www.closermag.fr\/people\/pour-vous-dire-la-verite-carole-bouquet-emue-elle-lache-une-triste-confidence-sur-ses-relations-amoureuses-en-direct-3586227\" target=\"_blank\" rel=\"noopener\"><br \/>\nl\u2019actrice Carole Bouquet<\/a>, qui \u00e9t\u00e9 <a href=\"https:\/\/www.closermag.fr\/people\/carole-bouquet-longue-queue-de-cheval-et-dreadlocks-ce-nouveau-look-capillaire-rajeunissant-affiche-chez-chanel-photos-3585069\" target=\"_blank\" rel=\"noopener\"><br \/>\nau d\u00e9fil\u00e9 Chanel d\u00e9but octobre<\/a>, a \u00e9t\u00e9 victime d\u2019un malaise sur<br \/>\nsc\u00e8ne, suscitant l\u2019inqui\u00e9tude du public pr\u00e9sent dans la salle. Il<br \/>\n\u00e9tait environ 19h45 lorsqu<strong>\u2019elle s\u2019est effondr\u00e9e sur la<br \/>\nsc\u00e8ne du th\u00e9\u00e2tre de la Scala<\/strong> \u00e0 Paris, situ\u00e9 dans le Xe<br \/>\narrondissement.<\/p>\n<p data-start=\"494\" data-end=\"673\">Un lieu embl\u00e9matique, dans<br \/>\nlequel <a href=\"https:\/\/www.closermag.fr\/people\/qui-est-louis-giacobetti-le-fils-de-carole-bouquet-3477934\" target=\"_blank\" rel=\"noopener\"><br \/>\nla m\u00e8re de Dimitri et Louis<\/a> jouait une pi\u00e8ce \u00e9mouvante, un seul<br \/>\nen sc\u00e8ne qui retrace les derniers jours de la vie de l\u2019enseignant<br \/>\nSamuel Paty.<\/p>\n<p>Carole Bouquet fait un malaise<br \/>\n\u00e0 la Scala<\/p>\n<p data-start=\"726\" data-end=\"1221\">Carole Bouquet est une actrice<br \/>\ndont le talent n\u2019est plus \u00e0 prouver. Celle qui est <a href=\"https:\/\/www.closermag.fr\/people\/carole-bouquet-son-nouveau-look-capillaire-qui-a-tant-fait-parler-etait-calcule-elle-sexplique-3585320\" target=\"_blank\" rel=\"noopener\"><br \/>\nr\u00e9cemment apparue avec des dreadlocks<\/a> est aussi \u00e0 l\u2019aise sur le<br \/>\npetit que sur le grand \u00e9cran, mais aussi sur les planches, elle<br \/>\njoue actuellement sur sc\u00e8ne <strong>la pi\u00e8ce Le Professeur<\/strong>, l\u2019adaptation du livre<br \/>\nd\u2019\u00c9milie Fr\u00e8che qui rend hommage au professeur disparu, depuis le 9<br \/>\noctobre. Ce sixi\u00e8me jour de repr\u00e9sentation restera longtemps grav\u00e9<br \/>\ndans sa m\u00e9moire. Comme le r\u00e9v\u00e8le <a href=\"https:\/\/www.leparisien.fr\/culture-loisirs\/carole-bouquet-victime-dun-malaise-a-la-scala-la-metteuse-en-scene-finit-la-piece-15-10-2025-Y6AE737NJVBP7DBQLPFFYP27AQ.php\" target=\"_blank\" rel=\"nofollow noopener\">Le Parisien<\/a>, elle \u00e9tait sur sc\u00e8ne depuis<br \/>\nenviron 45 minutes lorsque l\u2019incident s\u2019est produit.<\/p>\n<p data-start=\"1223\" data-end=\"1649\">Aupr\u00e8s de nos confr\u00e8res, un<br \/>\nspectateur t\u00e9moigne du malaise de Carole Bouquet : \u201cOn avait eu du mal \u00e0 comprendre ses deux<br \/>\nphrases pr\u00e9c\u00e9dentes et <strong>elle s\u2019est \u00e9croul\u00e9e<\/strong>.\u201d<br \/>\nAu d\u00e9but, il pensait que cela faisait partie int\u00e9grante de la<br \/>\npi\u00e8ce, avant de comprendre qu\u2019il n\u2019en \u00e9tait rien : \u201cOn a cru \u00e0 une mise en sc\u00e8ne, mais le<br \/>\nrideau s\u2019est ferm\u00e9. <strong>Et le m\u00e9decin de permanence dans la<br \/>\nsalle s\u2019est tout de suite rendu sur la sc\u00e8ne.<\/strong>\u201d<\/p>\n<p>Carole Bouquet va-t-elle pouvoir remonter sur sc\u00e8ne ?<\/p>\n<p data-start=\"1714\" data-end=\"2365\">Le public est rest\u00e9 plusieurs<br \/>\nminutes dans le flou le plus total. Finalement, c\u2019est la metteuse<br \/>\nen sc\u00e8ne de la pi\u00e8ce, Muriel Mayette-Holtz, qui leur a donn\u00e9 des<br \/>\nnouvelles de Carole Bouquet. Venue devant le rideau, elle a<br \/>\nexpliqu\u00e9 que l\u2019actrice de 68 ans, qui a re\u00e7u le C\u00e9sar de la<br \/>\nmeilleure actrice pour son r\u00f4le dans Trop belle pour toi de Bertrand Blier, n\u2019\u00e9tait<br \/>\npas en \u00e9tat de terminer sa prestation. Cependant, elle a propos\u00e9 au<br \/>\npublic de terminer la pi\u00e8ce de th\u00e9\u00e2tre, en leur laissant le choix<br \/>\nde rester ou non : \u201cElle a<br \/>\ndit que l\u2019on pouvait quitter la salle si on le souhaitait, mais<br \/>\ntout le monde est rest\u00e9,\u201d d\u00e9taille un autre spectateur.<\/p>\n<p data-start=\"2367\" data-end=\"2808\">Au grand soulagement de tout<br \/>\nle monde, <a href=\"https:\/\/www.closermag.fr\/people\/carole-bouquet-est-elle-en-couple-3477944\" target=\"_blank\" rel=\"noopener\"><br \/>\nl\u00a0\u00bbex compagne de Philippe Sereys de Rothschild<\/a> est<br \/>\n<strong>revenue sur sc\u00e8ne<\/strong> \u00e0 la toute fin de la pi\u00e8ce :<br \/>\n\u201c<strong>Elle est revenue<br \/>\nsaluer avec la metteuse en sc\u00e8ne, elles se sont embrass\u00e9es, mais<br \/>\nelle n\u2019a pas parl\u00e9,<\/strong>\u201d t\u00e9moigne un spectateur.<br \/>\n\u201cOn leur a fait une belle<br \/>\nstanding ovation, pour les remercier.\u201d Carole Bouquet va<br \/>\nvisiblement mieux et devrait rejouer la pi\u00e8ce d\u00e8s le 16 octobre, et<br \/>\njusqu\u2019au 14 d\u00e9cembre.<\/p>\n","protected":false},"excerpt":{"rendered":"Mercredi 15 octobre, l\u2019actrice Carole Bouquet, qui \u00e9t\u00e9 au d\u00e9fil\u00e9 Chanel d\u00e9but octobre, a \u00e9t\u00e9 victime d\u2019un malaise&hellip;\n","protected":false},"author":2,"featured_media":466579,"comment_status":"","ping_status":"","sticky":false,"template":"","format":"standard","meta":{"footnotes":""},"categories":[1359],"tags":[42573,58,59,1011,27,973],"class_list":{"0":"post-466578","1":"post","2":"type-post","3":"status-publish","4":"format-standard","5":"has-post-thumbnail","7":"category-people","8":"tag-carole-bouquet","9":"tag-divertissement","10":"tag-entertainment","11":"tag-fr","12":"tag-france","13":"tag-people"},"share_on_mastodon":{"url":"https:\/\/pubeurope.com\/@fr\/115382035635904548","error":""},"_links":{"self":[{"href":"https:\/\/www.europesays.com\/fr\/wp-json\/wp\/v2\/posts\/466578","targetHints":{"allow":["GET"]}}],"collection":[{"href":"https:\/\/www.europesays.com\/fr\/wp-json\/wp\/v2\/posts"}],"about":[{"href":"https:\/\/www.europesays.com\/fr\/wp-json\/wp\/v2\/types\/post"}],"author":[{"embeddable":true,"href":"https:\/\/www.europesays.com\/fr\/wp-json\/wp\/v2\/users\/2"}],"replies":[{"embeddable":true,"href":"https:\/\/www.europesays.com\/fr\/wp-json\/wp\/v2\/comments?post=466578"}],"version-history":[{"count":0,"href":"https:\/\/www.europesays.com\/fr\/wp-json\/wp\/v2\/posts\/466578\/revisions"}],"wp:featuredmedia":[{"embeddable":true,"href":"https:\/\/www.europesays.com\/fr\/wp-json\/wp\/v2\/media\/466579"}],"wp:attachment":[{"href":"https:\/\/www.europesays.com\/fr\/wp-json\/wp\/v2\/media?parent=466578"}],"wp:term":[{"taxonomy":"category","embeddable":true,"href":"https:\/\/www.europesays.com\/fr\/wp-json\/wp\/v2\/categories?post=466578"},{"taxonomy":"post_tag","embeddable":true,"href":"https:\/\/www.europesays.com\/fr\/wp-json\/wp\/v2\/tags?post=466578"}],"curies":[{"name":"wp","href":"https:\/\/api.w.org\/{rel}","templated":true}]}}