{"id":466598,"date":"2025-10-16T04:58:10","date_gmt":"2025-10-16T04:58:10","guid":{"rendered":"https:\/\/www.europesays.com\/fr\/466598\/"},"modified":"2025-10-16T04:58:10","modified_gmt":"2025-10-16T04:58:10","slug":"contre-la-politique-migratoire-repressive-de-trump-los-angeles-declare-letat-durgence","status":"publish","type":"post","link":"https:\/\/www.europesays.com\/fr\/466598\/","title":{"rendered":"Contre la politique migratoire r\u00e9pressive de Trump, Los Angeles d\u00e9clare l\u2019\u00e9tat d\u2019urgence"},"content":{"rendered":"<p>Aux Etats-Unis, le bras de fer se poursuit entre Donald Trump et la Californie. Le comt\u00e9 de <a href=\"https:\/\/www.20minutes.fr\/monde\/etats-unis\/4171917-20250909-etats-unis-malgre-accusations-controles-facies-cour-supreme-autorise-ice-reprendre-descentes\" target=\"_blank\" class=\"c-link c-link--is-underlined\" rel=\"noopener\">Los Angeles<\/a> vient une nouvelle fois de faire savoir au pr\u00e9sident tout le mal qu\u2019il pense de <a href=\"https:\/\/www.20minutes.fr\/monde\/etats-unis\/4164477-20250720-etats-unis-apres-six-mois-pouvoir-soutien-politique-migratoire-trump-etiole\" target=\"_blank\" class=\"c-link c-link--is-underlined\" rel=\"noopener\">sa politique migratoire particuli\u00e8rement r\u00e9pressive<\/a>. Il a pour cela d\u00e9clar\u00e9 l\u2019\u00e9tat d\u2019urgence afin d\u2019aider financi\u00e8rement les victimes des raids de la police f\u00e9d\u00e9rale de l\u2019immigration (ICE).<\/p>\n<p>Prise mardi, cette d\u00e9cision peu commune \u2013 l\u2019\u00e9tat d\u2019urgence est normalement d\u00e9cr\u00e9t\u00e9 lors de catastrophes climatiques \u2013 permet notamment au comt\u00e9 d\u2019octroyer une aide financi\u00e8re aux locataires en difficult\u00e9 \u00e9conomique \u00e0 cause des raids. Elle permet aussi la mise en place d\u2019un moratoire sur les expulsions et une aide sociale, juridique et financi\u00e8re plus rapide pour les migrants touch\u00e9s par la politique du locataire de la Maison-Blanche.<\/p>\n<p>Les villes d\u00e9mocrates particuli\u00e8rement cibl\u00e9es<\/p>\n<p>\u00ab\u00a0Nous avons des familles enti\u00e8res sans le sou parce que leurs p\u00e8res et m\u00e8res ont \u00e9t\u00e9 enlev\u00e9s sur leur lieu de travail\u00a0\u00bb, a d\u00e9clar\u00e9 Janice Hahn, l\u2019une des responsables du comt\u00e9. Pour cette d\u00e9mocrate, il s\u2019agit d\u2019une r\u00e9ponse \u00ab\u00a0\u00e0 la peur, la souffrance et au d\u00e9sordre caus\u00e9s par ces raids\u00a0\u00bb. \u00ab\u00a0Je souhaite que nos communaut\u00e9s immigr\u00e9es sachent que nous sommes \u00e0 leurs c\u00f4t\u00e9s dans cette situation d\u2019urgence [\u2026] et que nous comprenons ce qu\u2019elles traversent\u00a0\u00bb.<\/p>\n<\/p>\n<p>Les partisans de cette mesure critiquent les raids contre les immigr\u00e9s sans papiers qui se sont multipli\u00e9s \u00e0 travers les Etats-Unis ces derniers mois, sp\u00e9cialement dans des grandes villes dirig\u00e9es par des d\u00e9mocrates, de <a href=\"https:\/\/www.20minutes.fr\/monde\/etats-unis\/4178334-20251009-etats-unis-trump-envoie-500-soldats-garde-nationale-chicago-fond-tension-politique-migratoire\" target=\"_blank\" class=\"c-link c-link--is-underlined\" rel=\"noopener\">Chicago<\/a> \u00e0 Washington en passant par Los Angeles. Ils sont men\u00e9s, la plupart du temps, par des agents masqu\u00e9s et visent, selon eux, les personnes qui parlent espagnol et plus g\u00e9n\u00e9ralement les Latino-Am\u00e9ricains. L\u2019administration Trump rejette cat\u00e9goriquement les accusations de contr\u00f4le au faci\u00e8s.<\/p>\n<p><a href=\"https:\/\/www.20minutes.fr\/monde\/etats-unis\/\" target=\"_blank\" class=\"c-link c-btn c-btn--primary\" rel=\"noopener\">Notre dossier sur les Etats-Unis<\/a><\/p>\n<p>Los Angeles a \u00e9t\u00e9 secou\u00e9e d\u00e9but juin par des heurts entre la police et des manifestants qui d\u00e9non\u00e7aient les descentes ordonn\u00e9es par le gouvernement. Donald Trump avait r\u00e9pondu en envoyant sur place des militaires.<\/p>\n","protected":false},"excerpt":{"rendered":"Aux Etats-Unis, le bras de fer se poursuit entre Donald Trump et la Californie. Le comt\u00e9 de Los&hellip;\n","protected":false},"author":2,"featured_media":466599,"comment_status":"","ping_status":"","sticky":false,"template":"","format":"standard","meta":{"footnotes":""},"categories":[5],"tags":[47,11,75,20409,73,1011,27,1061,6734,14,6116,74,12,133,28],"class_list":{"0":"post-466598","1":"post","2":"type-post","3":"status-publish","4":"format-standard","5":"has-post-thumbnail","7":"category-international","8":"tag-actualite","9":"tag-actualites","10":"tag-donald-trump","11":"tag-etat-durgence","12":"tag-etats-unis","13":"tag-fr","14":"tag-france","15":"tag-immigration","16":"tag-immigration-clandestine","17":"tag-international","18":"tag-los-angeles","19":"tag-monde","20":"tag-news","21":"tag-video","22":"tag-world"},"share_on_mastodon":{"url":"https:\/\/pubeurope.com\/@fr\/115382078896474523","error":""},"_links":{"self":[{"href":"https:\/\/www.europesays.com\/fr\/wp-json\/wp\/v2\/posts\/466598","targetHints":{"allow":["GET"]}}],"collection":[{"href":"https:\/\/www.europesays.com\/fr\/wp-json\/wp\/v2\/posts"}],"about":[{"href":"https:\/\/www.europesays.com\/fr\/wp-json\/wp\/v2\/types\/post"}],"author":[{"embeddable":true,"href":"https:\/\/www.europesays.com\/fr\/wp-json\/wp\/v2\/users\/2"}],"replies":[{"embeddable":true,"href":"https:\/\/www.europesays.com\/fr\/wp-json\/wp\/v2\/comments?post=466598"}],"version-history":[{"count":0,"href":"https:\/\/www.europesays.com\/fr\/wp-json\/wp\/v2\/posts\/466598\/revisions"}],"wp:featuredmedia":[{"embeddable":true,"href":"https:\/\/www.europesays.com\/fr\/wp-json\/wp\/v2\/media\/466599"}],"wp:attachment":[{"href":"https:\/\/www.europesays.com\/fr\/wp-json\/wp\/v2\/media?parent=466598"}],"wp:term":[{"taxonomy":"category","embeddable":true,"href":"https:\/\/www.europesays.com\/fr\/wp-json\/wp\/v2\/categories?post=466598"},{"taxonomy":"post_tag","embeddable":true,"href":"https:\/\/www.europesays.com\/fr\/wp-json\/wp\/v2\/tags?post=466598"}],"curies":[{"name":"wp","href":"https:\/\/api.w.org\/{rel}","templated":true}]}}