{"id":466604,"date":"2025-10-16T05:01:18","date_gmt":"2025-10-16T05:01:18","guid":{"rendered":"https:\/\/www.europesays.com\/fr\/466604\/"},"modified":"2025-10-16T05:01:18","modified_gmt":"2025-10-16T05:01:18","slug":"loire-pris-dans-la-tourmente-du-groupe-aci-roche-meca-tech-va-deposer-le-bilan-a-son-tour","status":"publish","type":"post","link":"https:\/\/www.europesays.com\/fr\/466604\/","title":{"rendered":"Loire. Pris dans la tourmente du groupe ACI, Roche Meca Tech va d\u00e9poser le bilan \u00e0 son tour"},"content":{"rendered":"<p>C\u2019est une des premi\u00e8res cons\u00e9quences concr\u00e8tes du placement en redressement judiciaire, fin septembre, du groupe de sous-traitance industrielle lyonnais ACI fond\u00e9 en 2019 par Philippe Rivi\u00e8re et Patrice Rives (1\u00a0500 collaborateurs, 40 entreprises reprises en cinq ans, CA 2025 pr\u00e9visionnel\u00a0: 150\u00a0millions d\u2019euros)\u00a0: les 40 salari\u00e9s de l\u2019entreprise de m\u00e9canique rouchonne Roche Meca Tech ont appris mardi, lors d\u2019un CSE extraordinaire, l\u2019\u00e9tat de cessation des paiements de leur soci\u00e9t\u00e9. Celle-ci avait r\u00e9alis\u00e9 l\u2019ann\u00e9e derni\u00e8re un chiffre d\u2019affaires de 4,9\u00a0millions d\u2019euros, avec des pertes de 238\u00a0000\u00a0euros.<\/p>\n<p>  Des situations difficiles pour certains salari\u00e9s<\/p>\n<p>Ils n\u2019ont toujours pas re\u00e7u leur salaire correspondant au mois de septembre alors qu\u2019ils sont habituellement pay\u00e9s le 10 du mois. \u00ab La situation est difficile pour certains des salari\u00e9s\u00a0: des pr\u00eats, des loyers sont pr\u00e9lev\u00e9s \u00e0 cette date\u00a0\u00bb, souffle Samy Tabti, d\u00e9l\u00e9gu\u00e9 syndical CGT. Les salari\u00e9s sont d\u2019autant plus inquiets que cela pourrait se prolonger.<\/p>\n<p>\u00c0 l\u2019image de Vissal Manufacturing, dans le Doubs, autre soci\u00e9t\u00e9 du groupe industriel ACI, dont les salari\u00e9s attendent leur paie, eux, depuis 15 jours. Ils avaient \u00e9t\u00e9 inform\u00e9s fin septembre par leur direction de l\u2019\u00e9tat de cessation des paiements de leur entreprise. Dans cette situation, m\u00eame si le d\u00e9lai r\u00e9glementaire maximal est de 45 jours, une d\u00e9claration est g\u00e9n\u00e9ralement d\u00e9pos\u00e9e rapidement au tribunal de commerce qui, ensuite, statue sur la suite \u00e0 donner.<\/p>\n<p>Cette \u00e9tape est indispensable pour que le r\u00e9gime de garantie des salaires prenne le relais. Sauf que pour Vissal Manufacturing, \u00e0 l\u2019heure o\u00f9 nous \u00e9crivons ces lignes cette d\u00e9marche n\u2019a pas encore \u00e9t\u00e9 accomplie.<\/p>\n<p>Chez Roche Meca Tech, le CSE a \u00e9t\u00e9 inform\u00e9 de la cessation des paiements mardi matin et la d\u00e9claration aupr\u00e8s du tribunal n\u2019a pas encore \u00e9t\u00e9 r\u00e9alis\u00e9e, les salari\u00e9s craignent que le groupe tra\u00eene les pieds. \u00ab C\u2019est en cours, cela va arriver\u00a0\u00bb, rassure Philippe Rivi\u00e8re, le pr\u00e9sident d\u2019ACI.<\/p>\n<p>Une fois la d\u00e9claration de cessation des paiements r\u00e9alis\u00e9e, le sort de la PME de Roche-la-Moli\u00e8re sera entre les mains du tribunal des activit\u00e9s \u00e9conomiques de Lyon. Trois alternatives se pr\u00e9senteront\u00a0: la sauvegarde (peu probable), l\u2019ouverture d\u2019une proc\u00e9dure de redressement judiciaire avec une p\u00e9riode d\u2019observation de 6 mois maximum ou la liquidation imm\u00e9diate. Une perspective qui inqui\u00e8te \u00e9videmment les salari\u00e9s de Roche Meca Tech mais qui, surtout, les rend furieux.<\/p>\n<p>  \u00ab Gestion d\u00e9sastreuse \u00bb<\/p>\n<p>\u00ab\u00a0Nous sommes victimes de la gestion d\u00e9sastreuse de notre entreprise par le groupe ACI. Comefor \u00e9tait une entreprise reconnue dans la D\u00e9fense notamment, avec des grands noms parmi nos clients. Avec l\u2019explosion du march\u00e9 de la D\u00e9fense, nous ne devrions certainement pas nous en retrouver l\u00e0. La tr\u00e9sorerie de notre entreprise a \u00e9t\u00e9 pill\u00e9e par ce groupe dont la gestion est vraiment opaque. Nous ne nous en arr\u00eaterons pas l\u00e0, nous allons mener toutes les actions n\u00e9cessaires aupr\u00e8s des instances qualifi\u00e9es\u00a0\u00bb, assure Samy Tabti.<\/p>\n<p>Des d\u00e9marches ont d\u2019ores et d\u00e9j\u00e0 \u00e9t\u00e9 initi\u00e9es par les repr\u00e9sentants du personnel pour permettre aux salari\u00e9s de d\u00e9poser rapidement des saisines aupr\u00e8s du Conseil de Prud\u2019hommes afin de faire valoir leurs droits.<\/p>\n<p>La CGT d\u00e9nonce aussi \u00ab\u00a0un manque d\u2019investissements\u00a0\u00bb depuis le rachat par ACI, \u00ab\u00a0une absence de formation\u00a0\u00bb, et le recours \u00e0 des aides publiques pour un b\u00e2timent \u00ab\u00a0qui n\u2019est pas fini\u00a0\u00bb. Un point sur lequel <a href=\"https:\/\/www.leprogres.fr\/p\/pierrick-courbon\" target=\"_blank\" rel=\"noopener\">Pierrick Courbon<\/a>, d\u00e9put\u00e9 de la Loire, avait d\u2019ailleurs alert\u00e9 d\u00e8s mars dernier les ministres alors concern\u00e9s.<\/p>\n<p>De son c\u00f4t\u00e9, Philippe Rivi\u00e8re, promet qu\u2019il a toujours soutenu Comefor, \u00ab\u00a0une entreprise (qu\u2019il) a achet\u00e9 deux fois\u00a0\u00bb\u00a0: une fois avec le groupe We Are dont il \u00e9tait associ\u00e9 minoritaire puis avec son groupe ACI. \u00ab\u00a0J\u2019ai toujours soutenu Comefor, alors qu\u2019ils perdent de l\u2019argent depuis quatre ans et que je rencontre une opposition syndicale depuis le d\u00e9part. Aujourd\u2019hui, avec le redressement judiciaire de la holding, ce n\u2019est plus possible de renflouer leur tr\u00e9sorerie\u00a0\u00bb.<\/p>\n<p>Visiblement agac\u00e9 par nos questions, m\u00eame s\u2019il a accept\u00e9 d\u2019y r\u00e9pondre, le dirigeant d\u2019ACI &#8211; actuellement pris dans une soudaine et intense temp\u00eate \u00e9conomique et m\u00e9diatique &#8211; explique que l\u2019hostilit\u00e9 qu\u2019il rencontre chez Roche Meca Tech ou \u00e0 l\u2019UIMM Loire n\u2019est pas sa pr\u00e9occupation premi\u00e8re du moment. \u00ab\u00a0J\u2019essaie avant tout de sauver le maximum d\u2019emplois dans le groupe\u00a0\u00bb.<\/p>\n<p>S\u2019ils disent ne plus avoir aucune confiance depuis bien longtemps dans le groupe ACI, sauver leurs emplois en revanche, c\u2019est bien aussi ce qu\u2019entendent faire les salari\u00e9s de Roche Meca Tech. Ce jeudi, un appel \u00e0 la gr\u00e8ve a \u00e9t\u00e9 lanc\u00e9 par les deux syndicats pr\u00e9sents dans l\u2019entreprise, la CGT et la CFE-CGC. \u00ab\u00a0Nous allons manifester notre d\u00e9saccord avec cette gestion d\u00e9sastreuse. Mais nous voulons aussi montrer \u00e0 de potentiels repreneurs que notre entreprise a de l\u2019avenir. Nous avons un carnet de commandes de deux millions d\u2019euros\u00a0\u00bb, indique Samy Tabti.<\/p>\n","protected":false},"excerpt":{"rendered":"C\u2019est une des premi\u00e8res cons\u00e9quences concr\u00e8tes du placement en redressement judiciaire, fin septembre, du groupe de sous-traitance industrielle&hellip;\n","protected":false},"author":2,"featured_media":466605,"comment_status":"","ping_status":"","sticky":false,"template":"","format":"standard","meta":{"footnotes":""},"categories":[9653],"tags":[1111,11,2430,33,7539,1777,674,107,1011,27,693,3367,12,25,12490,12491,4001],"class_list":{"0":"post-466604","1":"post","2":"type-post","3":"status-publish","4":"format-standard","5":"has-post-thumbnail","7":"category-saint-etienne","8":"tag-actu","9":"tag-actualites","10":"tag-auvergne-rhone-alpes","11":"tag-economie","12":"tag-edition-loire-sud","13":"tag-eu","14":"tag-europe","15":"tag-fil-info","16":"tag-fr","17":"tag-france","18":"tag-industrie","19":"tag-loire","20":"tag-news","21":"tag-republique-francaise","22":"tag-roche-la-moliere","23":"tag-roche-la-moliere-bassin","24":"tag-saint-etienne"},"share_on_mastodon":{"url":"https:\/\/pubeurope.com\/@fr\/115382090691391875","error":""},"_links":{"self":[{"href":"https:\/\/www.europesays.com\/fr\/wp-json\/wp\/v2\/posts\/466604","targetHints":{"allow":["GET"]}}],"collection":[{"href":"https:\/\/www.europesays.com\/fr\/wp-json\/wp\/v2\/posts"}],"about":[{"href":"https:\/\/www.europesays.com\/fr\/wp-json\/wp\/v2\/types\/post"}],"author":[{"embeddable":true,"href":"https:\/\/www.europesays.com\/fr\/wp-json\/wp\/v2\/users\/2"}],"replies":[{"embeddable":true,"href":"https:\/\/www.europesays.com\/fr\/wp-json\/wp\/v2\/comments?post=466604"}],"version-history":[{"count":0,"href":"https:\/\/www.europesays.com\/fr\/wp-json\/wp\/v2\/posts\/466604\/revisions"}],"wp:featuredmedia":[{"embeddable":true,"href":"https:\/\/www.europesays.com\/fr\/wp-json\/wp\/v2\/media\/466605"}],"wp:attachment":[{"href":"https:\/\/www.europesays.com\/fr\/wp-json\/wp\/v2\/media?parent=466604"}],"wp:term":[{"taxonomy":"category","embeddable":true,"href":"https:\/\/www.europesays.com\/fr\/wp-json\/wp\/v2\/categories?post=466604"},{"taxonomy":"post_tag","embeddable":true,"href":"https:\/\/www.europesays.com\/fr\/wp-json\/wp\/v2\/tags?post=466604"}],"curies":[{"name":"wp","href":"https:\/\/api.w.org\/{rel}","templated":true}]}}