{"id":466608,"date":"2025-10-16T05:03:56","date_gmt":"2025-10-16T05:03:56","guid":{"rendered":"https:\/\/www.europesays.com\/fr\/466608\/"},"modified":"2025-10-16T05:03:56","modified_gmt":"2025-10-16T05:03:56","slug":"les-palmiers-de-nos-jardins-factuel","status":"publish","type":"post","link":"https:\/\/www.europesays.com\/fr\/466608\/","title":{"rendered":"Les palmiers de nos jardins &#8211; Factuel"},"content":{"rendered":"<p>d\u2019hier \u00e0 aujourd\u2019hui<br \/>\u00a0<\/p>\n<p>Symboles m\u00eame de l\u2019exotisme et b\u00e9n\u00e9ficiant aujourd\u2019hui d\u2019un contexte climatique favorable, les palmiers ornent de nombreux jardins de l\u2019hexagone, bien au-del\u00e0 de la r\u00e9gion m\u00e9diterran\u00e9enne ou des rivages abrit\u00e9s bordant l\u2019oc\u00e9an. Ressource alimentaire et pourvoyeurs de fibres v\u00e9g\u00e9tales, l\u2019Homme les cultive depuis des mill\u00e9naires. L\u2019engouement pour ces plantes pour embellir les jardins s\u2019est toutefois nettement acc\u00e9l\u00e9r\u00e9 au milieu du XIX\u00e8me si\u00e8cle lorsque de nombreuses esp\u00e8ces de palmiers ont \u00e9t\u00e9 introduites dans notre pays pour tenter de les cultiver.<\/p>\n<p>Partons \u00e0 la d\u00e9couverte de l\u2019histoire singuli\u00e8re de ces v\u00e9g\u00e9taux et des hommes qui tent\u00e8rent de les acclimater.<\/p>\n<p>Conf\u00e9rence de\u00a0Fr\u00e9d\u00e9ric TOURNAY, responsable des collections du Jardin botanique de l\u2019Universit\u00e9 de Strasbourg<\/p>\n","protected":false},"excerpt":{"rendered":"d\u2019hier \u00e0 aujourd\u2019hui\u00a0 Symboles m\u00eame de l\u2019exotisme et b\u00e9n\u00e9ficiant aujourd\u2019hui d\u2019un contexte climatique favorable, les palmiers ornent de&hellip;\n","protected":false},"author":2,"featured_media":466609,"comment_status":"","ping_status":"","sticky":false,"template":"","format":"standard","meta":{"footnotes":""},"categories":[9635],"tags":[1111,11,1777,674,1011,27,775,1702,12,25],"class_list":{"0":"post-466608","1":"post","2":"type-post","3":"status-publish","4":"format-standard","5":"has-post-thumbnail","7":"category-nancy","8":"tag-actu","9":"tag-actualites","10":"tag-eu","11":"tag-europe","12":"tag-fr","13":"tag-france","14":"tag-grand-est","15":"tag-nancy","16":"tag-news","17":"tag-republique-francaise"},"share_on_mastodon":{"url":"https:\/\/pubeurope.com\/@fr\/115382102463652833","error":""},"_links":{"self":[{"href":"https:\/\/www.europesays.com\/fr\/wp-json\/wp\/v2\/posts\/466608","targetHints":{"allow":["GET"]}}],"collection":[{"href":"https:\/\/www.europesays.com\/fr\/wp-json\/wp\/v2\/posts"}],"about":[{"href":"https:\/\/www.europesays.com\/fr\/wp-json\/wp\/v2\/types\/post"}],"author":[{"embeddable":true,"href":"https:\/\/www.europesays.com\/fr\/wp-json\/wp\/v2\/users\/2"}],"replies":[{"embeddable":true,"href":"https:\/\/www.europesays.com\/fr\/wp-json\/wp\/v2\/comments?post=466608"}],"version-history":[{"count":0,"href":"https:\/\/www.europesays.com\/fr\/wp-json\/wp\/v2\/posts\/466608\/revisions"}],"wp:featuredmedia":[{"embeddable":true,"href":"https:\/\/www.europesays.com\/fr\/wp-json\/wp\/v2\/media\/466609"}],"wp:attachment":[{"href":"https:\/\/www.europesays.com\/fr\/wp-json\/wp\/v2\/media?parent=466608"}],"wp:term":[{"taxonomy":"category","embeddable":true,"href":"https:\/\/www.europesays.com\/fr\/wp-json\/wp\/v2\/categories?post=466608"},{"taxonomy":"post_tag","embeddable":true,"href":"https:\/\/www.europesays.com\/fr\/wp-json\/wp\/v2\/tags?post=466608"}],"curies":[{"name":"wp","href":"https:\/\/api.w.org\/{rel}","templated":true}]}}