{"id":466619,"date":"2025-10-16T05:13:10","date_gmt":"2025-10-16T05:13:10","guid":{"rendered":"https:\/\/www.europesays.com\/fr\/466619\/"},"modified":"2025-10-16T05:13:10","modified_gmt":"2025-10-16T05:13:10","slug":"en-plein-coeur-de-rouen-un-bar-a-vin-a-la-bonne-franquette-va-remplacer-un-restaurant-emblematique","status":"publish","type":"post","link":"https:\/\/www.europesays.com\/fr\/466619\/","title":{"rendered":"En plein c\u0153ur de Rouen, un bar \u00e0 vin \u00ab\u00a0\u00e0 la bonne franquette \u00bb va remplacer un restaurant embl\u00e9matique"},"content":{"rendered":"<p>            Par<br \/>\n        <strong><br \/>\n            <a href=\"https:\/\/actu.fr\/auteur\/julien-bouteiller\" title=\"Consulter tous les articles de Julien Bouteiller\" target=\"_blank\" rel=\"noopener\">Julien Bouteiller<\/a><br \/>\n        <\/strong><\/p>\n<p>        Publi\u00e9 le<\/p>\n<p>            16 oct. 2025 \u00e0 6h54        <\/p>\n<p><strong>Rue Martainville \u00e0 Rouen<\/strong>, le restaurant Chez C\u00e9dric a connu son heure de gloire avant de <a href=\"https:\/\/actu.fr\/normandie\/rouen_76540\/ces-deux-restaurants-bien-connus-a-rouen-doivent-fermer-pour-des-problemes-d-hygiene_61885624.html\" target=\"_blank\" rel=\"noopener\">vivre une p\u00e9riode plus difficile<\/a>. Mais plus de 20\u00a0ans apr\u00e8s son ouverture, la page est tourn\u00e9e et d\u00e9sormais,<strong> c\u2019est un bar \u00e0 vin qui va le remplacer<\/strong>, \u00e0 compter de ce jeudi 16\u00a0octobre 2025. On vous le pr\u00e9sente.<\/p>\n<p>Un bar \u00e0 vin \u00ab\u2009\u00e0 la bonne franquette\u2009\u00bb<\/p>\n<p class=\" wall-content\">Pour trouver les nouveaux g\u00e9rants, il ne faut pas chercher bien loin, il s\u2019agit de Julien Ouvry et Alain Blain, <strong>qui ont repris l\u2019Auberge Saint-Maclou il y a quatre ans<\/strong>. Alain est loin d\u2019\u00eatre un inconnu dans le milieu \u00e0 Rouen\u2009: 31\u00a0ans d\u2019exp\u00e9rience derri\u00e8re lui, \u00e0 <a href=\"https:\/\/actu.fr\/normandie\/rouen_76540\/facture-qui-s-alourdit-litige-les-difficultes-s-accumulent-pour-la-walsheim-a-rouen_63267530.html\" target=\"_blank\" rel=\"noopener\">la Walsheim<\/a>, au P\u2019tit Verdot, en cr\u00e9ant le Trio et la Barbue, au P\u2019tit Zinc\u2026 Bref, les bonnes tables \u00e0 l\u2019ambiance conviviale, \u00e7a le conna\u00eet\u2009!<\/p>\n<p class=\" wall-content\">\u00ab\u2009J\u2019ai toujours voulu ne pas m\u2019arr\u00eater. Je voulais rouvrir un Trio mais en plus grand\u2009\u00bb, confie-t-il \u00e0\u00a076actu. L\u2019opportunit\u00e9 de reprendre le local voisin de l\u2019Auberge \u00e9tait donc trop belle.<\/p>\n<p class=\" wall-content\">Mais ce nouvel \u00e9tablissement portera le nom <strong>Au 2e<\/strong>, parce que \u00ab\u2009c\u2019est au deuxi\u00e8me verre que tout commence dans un rendez-vous, c\u2019est celui qui d\u00e9termine un peu la suite\u2009\u00bb. Le tout dans une ambiance que le quadrag\u00e9naire d\u00e9crit <strong>comme \u00ab\u2009\u00e0 la bonne franquette\u2009\u00bb<\/strong>, o\u00f9 l\u2019on pourra d\u00e9guster parmi une s\u00e9lection de <strong>95 vins.<\/strong><\/p>\n<p>\u00c0 boire et \u00e0 manger<\/p>\n<p class=\" wall-content\">Mais outre les boissons, on pourra se r\u00e9galer. \u00ab\u2009On retrouvera <strong>les classiques planches et tapas<\/strong>, charcuteries, fromages, terrines, foie gras, tartares de l\u00e9gumes ou de poisson, le tout avec des produits les plus locaux possibles\u2009\u00bb, annonce Alain. Et pour les grosses faims, pas de panique, on pourra savourer une bonne c\u00f4te de b\u0153uf, des croquettes fish and chips ou bien un os \u00e0 moelle. Avec en plus la chance d\u2019avoir <strong>une cuisine ouverte jusqu\u2019\u00e0 tard<\/strong>, \u00ab\u200923h en semaine et minuit les weekends\u2009\u00bb.<\/p>\n<p class=\" wall-content\">L\u2019\u00e9tablissement compte <strong>trois salles<\/strong> dont une \u00e0 l\u2019\u00e9tage, \u00ab\u2009avec trois ambiances diff\u00e9rentes\u2009\u00bb, sur fond de musiques des ann\u00e9es 1980 \u00e0 2000. Chaque mois <strong>un nouveau th\u00e8me viendra animer Au 2e<\/strong>. Par exemple, en janvier, le dry january \u00ab\u2009o\u00f9 l\u2019on proposera des produits sans alcool\u2009\u00bb, ou bien la mise \u00e0 l\u2019honneur de r\u00e9gions m\u00e9connues, gr\u00e2ce \u00e0 des vignerons qui pr\u00e9senteront leur production.<\/p>\n<p>Votre r\u00e9gion, votre actu !<\/p>\n<p>Recevez chaque jour les infos qui comptent pour vous.<\/p>\n<p>\t<a href=\"https:\/\/actu.fr\/newsletter\" class=\"ac-btn ac-btn--corner ac-btn--medium ac-btn--blue800\" target=\"_blank\" rel=\"noopener\">S&rsquo;incrire<\/a><\/p>\n<p class=\" wall-content\">Et Alain ne craint pas la concurrence des autres bars \u00e0 vin, comme <a href=\"https:\/\/actu.fr\/normandie\/rouen_76540\/apres-17-ans-marie-tourne-la-page-du-p-tit-verdot-a-rouen-une-belle-aventure-humaine_63159517.html\" target=\"_blank\" rel=\"noopener\">le futur rempla\u00e7ant du P\u2019tit Verdot<\/a> (dont nous vous parlerons prochainement). Entre voisins, \u00ab\u2009on s\u2019entend bien et on ne propose pas la m\u00eame chose\u2009\u00bb.<\/p>\n<p class=\" wall-content\">Rendez-vous est donc donn\u00e9 d\u00e8s ce jeudi soir pour d\u00e9couvrir les lieux, et plus officiellement <strong>le 20\u00a0novembre, soir\u00e9e du beaujolais nouveau,<\/strong> qui marquera l\u2019inauguration de ce nouveau venu.<\/p>\n<p>Au 2e, 220 rue Martainville \u00e0 Rouen, du mardi au samedi de 18h \u00e0 2h.<\/p>\n<p>Suivez l\u2019actualit\u00e9 de Rouen <a href=\"https:\/\/www.whatsapp.com\/channel\/0029VaKfnf99hXF2ddApFB1D\" target=\"_blank\" rel=\"noopener\">sur notre cha\u00eene WhatsApp<\/a> et <a href=\"https:\/\/www.tiktok.com\/@76actu.fr?lang=fr\" target=\"_blank\" rel=\"noopener\">sur notre compte TikTok<\/a><\/p>\n<p class=\" wall-content\">Personnalisez votre actualit\u00e9 en ajoutant vos villes et m\u00e9dias en favori avec <a href=\"https:\/\/moncompte.actu.fr\" title=\"D\u00e9couvez Mon Actu\" rel=\"nofollow noopener\" data-trk=\"{&quot;cta&quot;:{&quot;action&quot;:&quot;https:\\\/\\\/moncompte.actu.fr&quot;,&quot;category&quot;:&quot;mon compte&quot;,&quot;from&quot;:&quot;article footer&quot;,&quot;name&quot;:&quot;Mon actu&quot;,&quot;type&quot;:&quot;cta&quot;}}\" target=\"_blank\">Mon Actu<\/a>.<\/p>\n<p>                    <script async src=\"\/\/www.tiktok.com\/embed.js\"><\/script><\/p>\n","protected":false},"excerpt":{"rendered":"Par Julien Bouteiller Publi\u00e9 le 16 oct. 2025 \u00e0 6h54 Rue Martainville \u00e0 Rouen, le restaurant Chez C\u00e9dric&hellip;\n","protected":false},"author":2,"featured_media":466620,"comment_status":"","ping_status":"","sticky":false,"template":"","format":"standard","meta":{"footnotes":""},"categories":[9587],"tags":[1111,11,9086,215,1777,674,1011,27,1652,12,5161,25,9590,1662],"class_list":{"0":"post-466619","1":"post","2":"type-post","3":"status-publish","4":"format-standard","5":"has-post-thumbnail","7":"category-rouen","8":"tag-actu","9":"tag-actualites","10":"tag-bon-plan-a-rouen","11":"tag-commerce","12":"tag-eu","13":"tag-europe","14":"tag-fr","15":"tag-france","16":"tag-loisirs-culture","17":"tag-news","18":"tag-normandie","19":"tag-republique-francaise","20":"tag-rouen","21":"tag-vin"},"share_on_mastodon":{"url":"https:\/\/pubeurope.com\/@fr\/115382137850551825","error":""},"_links":{"self":[{"href":"https:\/\/www.europesays.com\/fr\/wp-json\/wp\/v2\/posts\/466619","targetHints":{"allow":["GET"]}}],"collection":[{"href":"https:\/\/www.europesays.com\/fr\/wp-json\/wp\/v2\/posts"}],"about":[{"href":"https:\/\/www.europesays.com\/fr\/wp-json\/wp\/v2\/types\/post"}],"author":[{"embeddable":true,"href":"https:\/\/www.europesays.com\/fr\/wp-json\/wp\/v2\/users\/2"}],"replies":[{"embeddable":true,"href":"https:\/\/www.europesays.com\/fr\/wp-json\/wp\/v2\/comments?post=466619"}],"version-history":[{"count":0,"href":"https:\/\/www.europesays.com\/fr\/wp-json\/wp\/v2\/posts\/466619\/revisions"}],"wp:featuredmedia":[{"embeddable":true,"href":"https:\/\/www.europesays.com\/fr\/wp-json\/wp\/v2\/media\/466620"}],"wp:attachment":[{"href":"https:\/\/www.europesays.com\/fr\/wp-json\/wp\/v2\/media?parent=466619"}],"wp:term":[{"taxonomy":"category","embeddable":true,"href":"https:\/\/www.europesays.com\/fr\/wp-json\/wp\/v2\/categories?post=466619"},{"taxonomy":"post_tag","embeddable":true,"href":"https:\/\/www.europesays.com\/fr\/wp-json\/wp\/v2\/tags?post=466619"}],"curies":[{"name":"wp","href":"https:\/\/api.w.org\/{rel}","templated":true}]}}