{"id":466621,"date":"2025-10-16T05:14:10","date_gmt":"2025-10-16T05:14:10","guid":{"rendered":"https:\/\/www.europesays.com\/fr\/466621\/"},"modified":"2025-10-16T05:14:10","modified_gmt":"2025-10-16T05:14:10","slug":"dates-horaires-exposants-ce-quil-faut-savoir","status":"publish","type":"post","link":"https:\/\/www.europesays.com\/fr\/466621\/","title":{"rendered":"dates, horaires, exposants&#8230; ce qu&rsquo;il faut savoir"},"content":{"rendered":"<p>            Par<br \/>\n        <strong><br \/>\n            <a href=\"https:\/\/actu.fr\/auteur\/redaction-grenoble\" title=\"Consulter tous les articles de R\u00e9daction Grenoble\" rel=\"nofollow noopener\" target=\"_blank\">R\u00e9daction Grenoble<\/a><br \/>\n        <\/strong><\/p>\n<p>        Publi\u00e9 le<\/p>\n<p>            16 oct. 2025 \u00e0 6h52        <\/p>\n<p>C\u2019est l\u2019un des grands rendez-vous annuels <a href=\"https:\/\/actu.fr\/auvergne-rhone-alpes\/grenoble_38185\/grenoble-le-rachat-d-alpexpo-fait-debat-la-metropole-a-rate-la-gestion-de-cet-outil_62911069.html\" rel=\"nofollow noopener\" target=\"_blank\">d\u2019Alpexpo<\/a> : la <strong>Foire de Grenoble<\/strong> est de retour cet automne pour 10 jours de vente et d\u2019animations. Les \u00e9quipes du centre des expositions et des congr\u00e8s au sud de la capitale des Alpes ont pr\u00e9sent\u00e9 les grandes lignes de l\u2019\u00e9dition 2025.<\/p>\n<p class=\" wall-content\">Voici ce qu\u2019il faut en retenir.<\/p>\n<p>Plong\u00e9e dans les sixties<\/p>\n<p class=\" wall-content\">Les dates tout d\u2019abord : la Foire de <a href=\"https:\/\/actu.fr\/auvergne-rhone-alpes\/grenoble_38185\" rel=\"nofollow noopener\" target=\"_blank\">Grenoble<\/a> va se tenir <strong>du samedi 1er novembre au mardi 11 novembre<\/strong>.<\/p>\n<p class=\" wall-content\">Cette ann\u00e9e, le <strong>th\u00e8me choisi est \u00ab\u00a0Vintage\u00a0\u00bb<\/strong>, pour une \u00e9dition \u00ab\u00a0plac\u00e9e sous le signe de la nostalgie, de la d\u00e9couverte et du partage interg\u00e9n\u00e9rationnel\u00a0\u00bb, d\u00e9veloppe Nathalie B\u00e9ranger, pr\u00e9sidente <a href=\"https:\/\/actu.fr\/tag\/alpexpo\" rel=\"nofollow noopener\" target=\"_blank\">d\u2019Alpexpo<\/a> par voie de communiqu\u00e9.\u00a0<\/p>\n<p class=\" wall-content\">Pour parfaire le tableau, une exposition baptis\u00e9e \u00ab Sixties, Pop et Retro ! \u00bb va faire basculer les visiteurs dans les ann\u00e9es 1960. Des meubles et v\u00eatements aux couleurs pop \u00e0 la musique y\u00e9-y\u00e9, en passant par des sc\u00e8nes de la vie quotidienne de l\u2019\u00e9poque, un parcours immersif \u00e9tendu sur 1 000 m\u00b2 va transporter le public 60 ans en arri\u00e8re.<\/p>\n<p>Le programme des animations<\/p>\n<p class=\" wall-content\">C\u00f4t\u00e9 commercial, <strong>350 exposants<\/strong> r\u00e9partis sur 42 000 m\u00b2 vont proposer leurs produits, autour de quatre univers : habitat et d\u00e9co, shopping, gastronomie et auto-moto.<\/p>\n<p class=\" wall-content\">En plus de ces stands permanents, la Foire va proposer plusieurs \u00e9v\u00e9nements shopping temporaires :<\/p>\n<p>Votre r\u00e9gion, votre actu !<\/p>\n<p>Recevez chaque jour les infos qui comptent pour vous.<\/p>\n<p>\t<a href=\"https:\/\/actu.fr\/newsletter\" class=\"ac-btn ac-btn--corner ac-btn--medium ac-btn--blue800\" rel=\"nofollow noopener\" target=\"_blank\">S&rsquo;incrire<\/a><\/p>\n<ul class=\" wall-content\">\n<li>Du 1er au 2 novembre inclus : un <strong>vide-dressing g\u00e9ant<\/strong> pour trouver des <a href=\"https:\/\/actu.fr\/auvergne-rhone-alpes\/grenoble_38185\/a-grenoble-les-boutiques-de-seconde-main-ont-le-vent-en-poupe_47280367.html\" rel=\"nofollow noopener\" target=\"_blank\">p\u00e9pites de seconde main<\/a>,<\/li>\n<li>Du 7 au 11 novembre : un <strong>march\u00e9 vintage et r\u00e9trogaming<\/strong> (jeux vid\u00e9os, d\u00e9co, mobilier\u2026),<\/li>\n<li>Du 8 au 11 novembre : une <strong>vente de plantes<\/strong> en partenariat avec le magasin Botanic.\u00a0<\/li>\n<\/ul>\n<p class=\" wall-content\">Enfin, diverses animations sont organis\u00e9es tout au long des 10 jours de foire : d\u00e9ambulations musicales, mascottes, exposition de voitures anciennes, d\u00e9monstrations avec les associations sportives locales, initiations \u00e0 des jeux de r\u00f4le\u2026<\/p>\n<p>Des journ\u00e9es gratuites<\/p>\n<p class=\" wall-content\">Comptez <strong>7 euros<\/strong> par personne pour acc\u00e9der \u00e0 l\u2019\u00e9v\u00e9nement. Des pr\u00e9ventes \u00e0 5 euros l\u2019entr\u00e9e sont ouvertes sur le site internet de la Foire de Grenoble jusqu\u2019au 31 octobre. L\u2019acc\u00e8s est <strong>gratuit les 5 et 10 novembre<\/strong> pour tout le monde.<\/p>\n<p class=\" wall-content\">\u00c0 noter que la Foire va aussi \u00eatre gratuite les 3 et 6 novembre pour les plus de 60 ans, et le 4 novembre pour les femmes.<\/p>\n<p>Foire de Grenoble \u00e0 Alpexpo, de 10 heures \u00e0 19 heures du samedi 1er au mardi 11 novembre. Nocturnes jusqu\u2019\u00e0 22 heures les 1er et 8 novembre, et le 7 novembre pour la hall gastronomie.<\/p>\n<p class=\" wall-content\">Personnalisez votre actualit\u00e9 en ajoutant vos villes et m\u00e9dias en favori avec <a href=\"https:\/\/moncompte.actu.fr\" title=\"D\u00e9couvez Mon Actu\" rel=\"nofollow noopener\" data-trk=\"{&quot;cta&quot;:{&quot;action&quot;:&quot;https:\\\/\\\/moncompte.actu.fr&quot;,&quot;category&quot;:&quot;mon compte&quot;,&quot;from&quot;:&quot;article footer&quot;,&quot;name&quot;:&quot;Mon actu&quot;,&quot;type&quot;:&quot;cta&quot;}}\" target=\"_blank\">Mon Actu<\/a>.<\/p>\n","protected":false},"excerpt":{"rendered":"Par R\u00e9daction Grenoble Publi\u00e9 le 16 oct. 2025 \u00e0 6h52 C\u2019est l\u2019un des grands rendez-vous annuels d\u2019Alpexpo :&hellip;\n","protected":false},"author":2,"featured_media":466622,"comment_status":"","ping_status":"","sticky":false,"template":"","format":"standard","meta":{"footnotes":""},"categories":[9566],"tags":[1111,11,11075,2430,1777,674,1011,27,2731,1652,12,25],"class_list":{"0":"post-466621","1":"post","2":"type-post","3":"status-publish","4":"format-standard","5":"has-post-thumbnail","7":"category-grenoble","8":"tag-actu","9":"tag-actualites","10":"tag-alpexpo","11":"tag-auvergne-rhone-alpes","12":"tag-eu","13":"tag-europe","14":"tag-fr","15":"tag-france","16":"tag-grenoble","17":"tag-loisirs-culture","18":"tag-news","19":"tag-republique-francaise"},"share_on_mastodon":{"url":"","error":""},"_links":{"self":[{"href":"https:\/\/www.europesays.com\/fr\/wp-json\/wp\/v2\/posts\/466621","targetHints":{"allow":["GET"]}}],"collection":[{"href":"https:\/\/www.europesays.com\/fr\/wp-json\/wp\/v2\/posts"}],"about":[{"href":"https:\/\/www.europesays.com\/fr\/wp-json\/wp\/v2\/types\/post"}],"author":[{"embeddable":true,"href":"https:\/\/www.europesays.com\/fr\/wp-json\/wp\/v2\/users\/2"}],"replies":[{"embeddable":true,"href":"https:\/\/www.europesays.com\/fr\/wp-json\/wp\/v2\/comments?post=466621"}],"version-history":[{"count":0,"href":"https:\/\/www.europesays.com\/fr\/wp-json\/wp\/v2\/posts\/466621\/revisions"}],"wp:featuredmedia":[{"embeddable":true,"href":"https:\/\/www.europesays.com\/fr\/wp-json\/wp\/v2\/media\/466622"}],"wp:attachment":[{"href":"https:\/\/www.europesays.com\/fr\/wp-json\/wp\/v2\/media?parent=466621"}],"wp:term":[{"taxonomy":"category","embeddable":true,"href":"https:\/\/www.europesays.com\/fr\/wp-json\/wp\/v2\/categories?post=466621"},{"taxonomy":"post_tag","embeddable":true,"href":"https:\/\/www.europesays.com\/fr\/wp-json\/wp\/v2\/tags?post=466621"}],"curies":[{"name":"wp","href":"https:\/\/api.w.org\/{rel}","templated":true}]}}