{"id":466623,"date":"2025-10-16T05:15:42","date_gmt":"2025-10-16T05:15:42","guid":{"rendered":"https:\/\/www.europesays.com\/fr\/466623\/"},"modified":"2025-10-16T05:15:42","modified_gmt":"2025-10-16T05:15:42","slug":"a-grenoble-une-vaste-operation-organisee-dans-un-immeuble-contre-des-trafics-de-drogue","status":"publish","type":"post","link":"https:\/\/www.europesays.com\/fr\/466623\/","title":{"rendered":"\u00c0 Grenoble, une vaste op\u00e9ration organis\u00e9e dans un immeuble contre des trafics de drogue"},"content":{"rendered":"<p>Environ 400\u00a0policiers ont particip\u00e9 \u00e0 une op\u00e9ration destin\u00e9e \u00e0 reprendre le contr\u00f4le d\u2019un immeuble de Grenoble (Is\u00e8re) tomb\u00e9 sous la coupe de trafiquants de drogues, ont annonc\u00e9 le procureur et la pr\u00e9f\u00e8te du d\u00e9partement, rapporte l\u2019Agence France-Presse (AFP).<\/p>\n<p>Une op\u00e9ration \u00ab\u00a0atypique\u00a0\u00bb<\/p>\n<p>Des enqu\u00eateurs, des agents de voie publique, des douanes et de la police aux fronti\u00e8res, ainsi que des CRS, ont particip\u00e9 \u00e0 cette op\u00e9ration <strong>\u00ab\u00a0atypique\u00a0\u00bb<\/strong> parce qu\u2019elle visait une seule tour du quartier Mistral, a d\u00e9taill\u00e9 la pr\u00e9f\u00e8te Catherine Seguin lors d\u2019un point presse.<\/p>\n<p>Quatre personnes ont \u00e9t\u00e9 interpell\u00e9es et onze kilos de stup\u00e9fiants, 10\u00a0000\u00a0\u20ac, une arme ainsi que des munitions ont \u00e9t\u00e9 saisis lors de cette op\u00e9ration, selon le procureur \u00c9tienne Manteaux. Au-del\u00e0 de ces saisies, <strong>\u00ab\u00a0nous avons repris possession de cet immeuble avec des constats [\u2026] qui laissent pantois sur la capacit\u00e9 des narcotrafiquants, si on ne les stoppe pas, \u00e0 \u00eatre dans une toute-puissance\u00a0\u00bb,<\/strong>  a-t-il ajout\u00e9.<\/p>\n<p><strong>Lire aussi\u00a0:<\/strong> <a href=\"https:\/\/nimes.maville.com\/actu\/actudet_-trafic-de-drogue-guerre-des-gangs-...-pourquoi-grenoble-est-en-proie-a-la-violence-depuis-des-mois-_54135-6456808_actu.Htm\" target=\"_blank\" rel=\"nofollow noopener\">Trafic de drogue, \u00ab\u00a0guerre des gangs\u00a0\u00bb\u2026 Pourquoi Grenoble est en proie \u00e0 la violence depuis des mois<\/a><\/p>\n<p>Des habitants contraints de quitter l\u2019immeuble \u00ab\u00a0pour \u00e9chapper aux menaces\u00a0\u00bb<\/p>\n<p>Sur les 64\u00a0appartements de l\u2019immeuble, 24\u00a0\u00e9taient vacants. Ils <strong>\u00ab\u00a0avaient \u00e9t\u00e9 litt\u00e9ralement soud\u00e9s par les trafiquants\u00a0\u00bb,<\/strong> a expliqu\u00e9 la pr\u00e9f\u00e8te. <strong>\u00ab\u00a0Il a fallu intervenir \u00e0 la disqueuse pour pouvoir r\u00e9tablir l\u2019acc\u00e8s et restituer ces appartements aux bailleurs.\u00a0\u00bb<\/strong><\/p>\n<p>Dans les derniers mois, des locataires avaient \u00e9t\u00e9 <strong>\u00ab\u00a0contraints de quitter leur logement pour \u00e9chapper aux menaces, aux intimidations et \u00e0 cette occupation n\u00e9gative de l\u2019espace des communs, des cages d\u2019escalier [\u2026] par tous ces trafiquants\u00a0\u00bb,<\/strong> a-t-elle ajout\u00e9.<\/p>\n<p>Pour elle, l\u2019op\u00e9ration, qui se poursuivra dans les prochains jours, visait \u00e0 adresser un <strong>\u00ab\u00a0signal aux habitants\u00a0: on est avec eux\u00a0\u00bb<\/strong> et <strong>\u00ab\u00a0un message aux trafiquants\u00a0: l\u2019espace public ne leur appartient pas.\u00a0\u00bb<\/strong><\/p>\n<p>Grenoble et sa banlieue <a href=\"https:\/\/nimes.maville.com\/actu\/actudet_-a-grenoble-et-dans-son-agglomeration-un-quotidien-perturbe-par-le-trafic-de-stupefiants-_54135-6706961_actu.Htm\" target=\"_blank\" rel=\"nofollow noopener\">sont particuli\u00e8rement affect\u00e9es par le trafic de drogues<\/a>, qui occasionne fr\u00e9quemment des violences par armes \u00e0 feu. La ville voisine d\u2019\u00c9chirolles a d\u00fb fermer en septembre\u00a02024 un immeuble entier, Le Carrare, qui abritait un point de deal tr\u00e8s lucratif, et \u00e9vacuer tous ses habitants.<\/p>\n<p>\u00a0<\/p>\n","protected":false},"excerpt":{"rendered":"Environ 400\u00a0policiers ont particip\u00e9 \u00e0 une op\u00e9ration destin\u00e9e \u00e0 reprendre le contr\u00f4le d\u2019un immeuble de Grenoble (Is\u00e8re) tomb\u00e9&hellip;\n","protected":false},"author":2,"featured_media":466624,"comment_status":"","ping_status":"","sticky":false,"template":"","format":"standard","meta":{"footnotes":""},"categories":[9566],"tags":[1111,11,2430,1052,1777,674,1011,27,2731,5480,12,1476,11367,25,6689,59059,15512,9693],"class_list":{"0":"post-466623","1":"post","2":"type-post","3":"status-publish","4":"format-standard","5":"has-post-thumbnail","7":"category-grenoble","8":"tag-actu","9":"tag-actualites","10":"tag-auvergne-rhone-alpes","11":"tag-drogue","12":"tag-eu","13":"tag-europe","14":"tag-fr","15":"tag-france","16":"tag-grenoble","17":"tag-immeuble","18":"tag-news","19":"tag-operation","20":"tag-organisee","21":"tag-republique-francaise","22":"tag-roche","23":"tag-trafics","24":"tag-vaste","25":"tag-yon"},"share_on_mastodon":{"url":"https:\/\/pubeurope.com\/@fr\/115382145768519677","error":""},"_links":{"self":[{"href":"https:\/\/www.europesays.com\/fr\/wp-json\/wp\/v2\/posts\/466623","targetHints":{"allow":["GET"]}}],"collection":[{"href":"https:\/\/www.europesays.com\/fr\/wp-json\/wp\/v2\/posts"}],"about":[{"href":"https:\/\/www.europesays.com\/fr\/wp-json\/wp\/v2\/types\/post"}],"author":[{"embeddable":true,"href":"https:\/\/www.europesays.com\/fr\/wp-json\/wp\/v2\/users\/2"}],"replies":[{"embeddable":true,"href":"https:\/\/www.europesays.com\/fr\/wp-json\/wp\/v2\/comments?post=466623"}],"version-history":[{"count":0,"href":"https:\/\/www.europesays.com\/fr\/wp-json\/wp\/v2\/posts\/466623\/revisions"}],"wp:featuredmedia":[{"embeddable":true,"href":"https:\/\/www.europesays.com\/fr\/wp-json\/wp\/v2\/media\/466624"}],"wp:attachment":[{"href":"https:\/\/www.europesays.com\/fr\/wp-json\/wp\/v2\/media?parent=466623"}],"wp:term":[{"taxonomy":"category","embeddable":true,"href":"https:\/\/www.europesays.com\/fr\/wp-json\/wp\/v2\/categories?post=466623"},{"taxonomy":"post_tag","embeddable":true,"href":"https:\/\/www.europesays.com\/fr\/wp-json\/wp\/v2\/tags?post=466623"}],"curies":[{"name":"wp","href":"https:\/\/api.w.org\/{rel}","templated":true}]}}