{"id":466629,"date":"2025-10-16T05:18:38","date_gmt":"2025-10-16T05:18:38","guid":{"rendered":"https:\/\/www.europesays.com\/fr\/466629\/"},"modified":"2025-10-16T05:18:38","modified_gmt":"2025-10-16T05:18:38","slug":"anniversaire-pimpante-et-fan-de-jeux-de-societe-lina-mehl-a-100-ans","status":"publish","type":"post","link":"https:\/\/www.europesays.com\/fr\/466629\/","title":{"rendered":"Anniversaire. Pimpante et fan de jeux de soci\u00e9t\u00e9, Lina Mehl a 100 ans"},"content":{"rendered":"<p>Le club des seniors de Koenigshoffen a organis\u00e9 une f\u00eate surprise d\u2019anniversaire en l\u2019honneur des 100 ans de Lina Mehl au foyer Saint-Paul, mercredi 8\u00a0octobre. Un moment particuli\u00e8rement \u00e9mouvant pour cette pimpante centenaire tr\u00e8s attach\u00e9e \u00e0 ce club. N\u00e9e le 1er\u00a0 \u00a0octobre 1925 \u00e0 Strasbourg, elle a enseign\u00e9 les arts m\u00e9nagers avant de se d\u00e9vouer \u00e0 ses deux fils, puis \u00e0 son mari devenu h\u00e9mipl\u00e9gique suite \u00e0 un AVC. Depuis son d\u00e9c\u00e8s il y a vingt-trois ans, elle r\u00e9side au foyer logement Emma\u00fcs et s\u2019adonne \u00e0 sa passion\u00a0: le dessin, au point d\u2019en d\u00e9corer les murs de l\u2019Ehpad. \u00ab\u00a0Je dessine toujours, mais avec plus de difficult\u00e9 \u00e0 cause de l\u2019arthrose. Je r\u00e9alise surtout des cartes de v\u0153ux personnalis\u00e9es, je fais \u00e9galement la cuisine tous les jours. Je fais mes courses et sors tous les jours\u00a0\u00bb, affirme-t-elle.<\/p>\n<p class=\"txt\">\u00ab Elle pourrait \u00eatre ma maman. \u00bb<\/p>\n<p class=\"nom\">Andr\u00e9e Hahn, 82 ans<\/p>\n<p>Lina Mehl est \u00e9tonnante par sa mobilit\u00e9 et doit cela au fait de \u00ab\u00a0vivre normalement, faire et manger ce qu\u2019[elle] aime\u00a0depuis toujours\u00a0\u00bb. Elle est fid\u00e8le au club des seniors de Koenigshoffen\u00a0: \u00ab\u00a0J\u2019ai activement particip\u00e9 \u00e0 la chorale pendant plus de vingt ans et ne rate aucune r\u00e9p\u00e9tition\u00a0!\u00a0\u00bb Elle participe tous les mercredis aux jeux de soci\u00e9t\u00e9, c\u2019est l\u00e0 qu\u2019elle a rencontr\u00e9 Andr\u00e9e Hahn, 82 ans, qui raconte\u00a0: \u00ab\u00a0Nous nous sommes rencontr\u00e9es ici en 2009 et ce fut un coup de c\u0153ur amical. Elle pourrait \u00eatre ma maman.\u00a0\u00bb<\/p>\n","protected":false},"excerpt":{"rendered":"Le club des seniors de Koenigshoffen a organis\u00e9 une f\u00eate surprise d\u2019anniversaire en l\u2019honneur des 100 ans de&hellip;\n","protected":false},"author":2,"featured_media":466630,"comment_status":"","ping_status":"","sticky":false,"template":"","format":"standard","meta":{"footnotes":""},"categories":[2820],"tags":[1111,11,7476,2880,1777,674,1011,27,775,12,25,640,2879],"class_list":{"0":"post-466629","1":"post","2":"type-post","3":"status-publish","4":"format-standard","5":"has-post-thumbnail","7":"category-strasbourg","8":"tag-actu","9":"tag-actualites","10":"tag-anniversaires","11":"tag-edition-strasbourg","12":"tag-eu","13":"tag-europe","14":"tag-fr","15":"tag-france","16":"tag-grand-est","17":"tag-news","18":"tag-republique-francaise","19":"tag-strasbourg","20":"tag-strasbourg-ville"},"share_on_mastodon":{"url":"https:\/\/pubeurope.com\/@fr\/115382157554455610","error":""},"_links":{"self":[{"href":"https:\/\/www.europesays.com\/fr\/wp-json\/wp\/v2\/posts\/466629","targetHints":{"allow":["GET"]}}],"collection":[{"href":"https:\/\/www.europesays.com\/fr\/wp-json\/wp\/v2\/posts"}],"about":[{"href":"https:\/\/www.europesays.com\/fr\/wp-json\/wp\/v2\/types\/post"}],"author":[{"embeddable":true,"href":"https:\/\/www.europesays.com\/fr\/wp-json\/wp\/v2\/users\/2"}],"replies":[{"embeddable":true,"href":"https:\/\/www.europesays.com\/fr\/wp-json\/wp\/v2\/comments?post=466629"}],"version-history":[{"count":0,"href":"https:\/\/www.europesays.com\/fr\/wp-json\/wp\/v2\/posts\/466629\/revisions"}],"wp:featuredmedia":[{"embeddable":true,"href":"https:\/\/www.europesays.com\/fr\/wp-json\/wp\/v2\/media\/466630"}],"wp:attachment":[{"href":"https:\/\/www.europesays.com\/fr\/wp-json\/wp\/v2\/media?parent=466629"}],"wp:term":[{"taxonomy":"category","embeddable":true,"href":"https:\/\/www.europesays.com\/fr\/wp-json\/wp\/v2\/categories?post=466629"},{"taxonomy":"post_tag","embeddable":true,"href":"https:\/\/www.europesays.com\/fr\/wp-json\/wp\/v2\/tags?post=466629"}],"curies":[{"name":"wp","href":"https:\/\/api.w.org\/{rel}","templated":true}]}}