{"id":466631,"date":"2025-10-16T05:19:15","date_gmt":"2025-10-16T05:19:15","guid":{"rendered":"https:\/\/www.europesays.com\/fr\/466631\/"},"modified":"2025-10-16T05:19:15","modified_gmt":"2025-10-16T05:19:15","slug":"strasbourg-luepal-sengage-pour-une-democratie-vivante","status":"publish","type":"post","link":"https:\/\/www.europesays.com\/fr\/466631\/","title":{"rendered":"Strasbourg. L\u2019U\u00e9pal s\u2019engage pour une d\u00e9mocratie vivante"},"content":{"rendered":"<p>\u00ab\u00a0Nous vivons une p\u00e9riode compliqu\u00e9e o\u00f9 la d\u00e9mocratie est menac\u00e9e. Malgr\u00e9 une certaine d\u00e9fiance, l\u2019\u00c9glise, institution de la soci\u00e9t\u00e9 civile, rev\u00eat un grand r\u00f4le dans l\u2019entretien de cette alt\u00e9rit\u00e9, de cette difficult\u00e9 actuelle \u00e0 faire communaut\u00e9\u00a0\u00bb, assure Isabelle Gerber, pr\u00e9sidente de l\u2019Union des \u00e9glises protestantes d\u2019Alsace et de Lorraine (U\u00e9pal). Dans le but de pr\u00f4ner le vivre ensemble, de nombreux temps forts vont \u00eatre organis\u00e9s, \u00e0 commencer par une conf\u00e9rence inaugurale en partenariat avec des \u00e9tudiants de Sciences Po, \u00ab car les jeunes repr\u00e9sentent les votes d\u2019aujourd\u2019hui et de demain\u00a0\u00bb. Intitul\u00e9e \u201cR\u00e9enchanter la d\u00e9mocratie\u201d, elle se d\u00e9roulera avec un politologue et un th\u00e9ologien, suivie d\u2019un d\u00e9bat mercredi 22\u00a0octobre.<\/p>\n<p>  R\u00e9enchanter la d\u00e9mocratie<\/p>\n<p>Courant 2026, aura lieu un pique-nique du vivre ensemble au Climont le lundi de Pentec\u00f4te avec des ateliers collectifs pour \u00e9changer sur la d\u00e9mocratie, un week-end destin\u00e9 aux jeunes visant \u00e0 apprendre \u00e0 se parler, mais aussi \u00e0 s\u2019\u00e9couter.<\/p>\n<p>Une journ\u00e9e \u0153cum\u00e9nique de l\u2019engagement viendra clore ces deux ann\u00e9es de r\u00e9flexion en octobre\u00a02027, rassemblant membres de l\u2019U\u00e9pal, catholiques, \u00e9vang\u00e9listes et orthodoxes. \u00ab\u00a0Il s\u2019agit de d\u00e9montrer qu\u2019il n\u2019y a pas de d\u00e9mocratie sans engagement citoyen. La d\u00e9mocratie, c\u2019est tout le temps et pas uniquement en p\u00e9riode de vote\u00a0\u00bb, insiste Isabelle Gerber. \u00c9missions sur RCF, festival de cin\u00e9ma sur le th\u00e8me de la d\u00e9mocratie, jeux de cartes pour enclencher un dialogue sur l\u2019\u00c9glise et la d\u00e9mocratie\u2026 \u00ab\u00a0toujours pour contribuer \u00e0 faire monde commun et \u00e0 se savoir accept\u00e9 et aim\u00e9 malgr\u00e9 ses faiblesses\u00a0\u00bb.<\/p>\n<p class=\"note\">Sciences Po, 7, rue de l\u2019\u00c9carlate \u00e0 Strasbourg, conf\u00e9rence-d\u00e9bat de lancement \u201cR\u00e9enchanter la d\u00e9mocratie\u201d, mercredi 22\u00a0octobre \u00e0 18\u00a0h\u00a015.<\/p>\n","protected":false},"excerpt":{"rendered":"\u00ab\u00a0Nous vivons une p\u00e9riode compliqu\u00e9e o\u00f9 la d\u00e9mocratie est menac\u00e9e. Malgr\u00e9 une certaine d\u00e9fiance, l\u2019\u00c9glise, institution de la&hellip;\n","protected":false},"author":2,"featured_media":466632,"comment_status":"","ping_status":"","sticky":false,"template":"","format":"standard","meta":{"footnotes":""},"categories":[2820],"tags":[1111,11,2389,2649,2880,1777,674,107,1011,27,775,12,5889,25,104,640,2879],"class_list":{"0":"post-466631","1":"post","2":"type-post","3":"status-publish","4":"format-standard","5":"has-post-thumbnail","7":"category-strasbourg","8":"tag-actu","9":"tag-actualites","10":"tag-alsace","11":"tag-bas-rhin","12":"tag-edition-strasbourg","13":"tag-eu","14":"tag-europe","15":"tag-fil-info","16":"tag-fr","17":"tag-france","18":"tag-grand-est","19":"tag-news","20":"tag-religion-croyance","21":"tag-republique-francaise","22":"tag-societe","23":"tag-strasbourg","24":"tag-strasbourg-ville"},"share_on_mastodon":{"url":"https:\/\/pubeurope.com\/@fr\/115382161526355867","error":""},"_links":{"self":[{"href":"https:\/\/www.europesays.com\/fr\/wp-json\/wp\/v2\/posts\/466631","targetHints":{"allow":["GET"]}}],"collection":[{"href":"https:\/\/www.europesays.com\/fr\/wp-json\/wp\/v2\/posts"}],"about":[{"href":"https:\/\/www.europesays.com\/fr\/wp-json\/wp\/v2\/types\/post"}],"author":[{"embeddable":true,"href":"https:\/\/www.europesays.com\/fr\/wp-json\/wp\/v2\/users\/2"}],"replies":[{"embeddable":true,"href":"https:\/\/www.europesays.com\/fr\/wp-json\/wp\/v2\/comments?post=466631"}],"version-history":[{"count":0,"href":"https:\/\/www.europesays.com\/fr\/wp-json\/wp\/v2\/posts\/466631\/revisions"}],"wp:featuredmedia":[{"embeddable":true,"href":"https:\/\/www.europesays.com\/fr\/wp-json\/wp\/v2\/media\/466632"}],"wp:attachment":[{"href":"https:\/\/www.europesays.com\/fr\/wp-json\/wp\/v2\/media?parent=466631"}],"wp:term":[{"taxonomy":"category","embeddable":true,"href":"https:\/\/www.europesays.com\/fr\/wp-json\/wp\/v2\/categories?post=466631"},{"taxonomy":"post_tag","embeddable":true,"href":"https:\/\/www.europesays.com\/fr\/wp-json\/wp\/v2\/tags?post=466631"}],"curies":[{"name":"wp","href":"https:\/\/api.w.org\/{rel}","templated":true}]}}