{"id":466637,"date":"2025-10-16T05:22:17","date_gmt":"2025-10-16T05:22:17","guid":{"rendered":"https:\/\/www.europesays.com\/fr\/466637\/"},"modified":"2025-10-16T05:22:17","modified_gmt":"2025-10-16T05:22:17","slug":"philippe-de-portzamparc-figure-de-la-finance-de-nantes-a-paris-est-decede","status":"publish","type":"post","link":"https:\/\/www.europesays.com\/fr\/466637\/","title":{"rendered":"Philippe de Portzamparc, figure de la finance de Nantes \u00e0 Paris, est d\u00e9c\u00e9d\u00e9"},"content":{"rendered":"<p>Philippe de Portzamparc, une figure embl\u00e9matique de la finance, connu des milieux \u00e9conomiques nantais, est d\u00e9c\u00e9d\u00e9 lundi 13\u00a0octobre, des suites d\u2019une longue maladie. Toute la direction de la soci\u00e9t\u00e9 qui porte toujours son nom et dont il \u00e9tait pr\u00e9sident d\u2019honneur et administrateur depuis son retrait en 2019, a appris<strong> \u00ab\u00a0avec une immense tristesse\u00a0\u00bb<\/strong> sa disparition.<\/p>\n<p>Philippe de Portzamparc a consacr\u00e9 toute sa carri\u00e8re professionnelle \u00e0 la bourse et \u00e0 l\u2019investissement dans les valeurs moyennes. En 1983, il devient le plus jeune agent de change, en fondant \u00e0 Nantes, avec Marc de Chaill\u00e9, la charge Chaill\u00e9\/Portzamparc.<\/p>\n<p>Philippe de Portzamparc avait repris l\u2019ensemble en transformant cette charge pour cr\u00e9er, en 1987, la Soci\u00e9t\u00e9 de bourse Portzamparc. Les Nantais se rappellent encore de la \u00ab corbeille \u00bb qui existait place du Commerce. Une des derni\u00e8res bourses r\u00e9gionales \u00e0 fermer en France. Il a ainsi accompagn\u00e9 de grands entreprises familiales de l\u2019Ouest dans leurs premiers pas en bourse<\/p>\n<p>P\u00e9dagogue<\/p>\n<p>Grand p\u00e9dagogue, il aimait rendre la finance accessible au plus grand nombre. Lors de la crise des subprimes, d\u00e8s 2007, il a souvent expliqu\u00e9 simplement ces m\u00e9canises complexes dans les colonnes d\u2019Ouest-France.<\/p>\n<p><strong>Lire aussi\u00a0:<\/strong>\u00a0<a href=\"https:\/\/nantes.maville.com\/actu\/actudet_-nantes-entretien.-ce-sont-les-institutionnels-qui-ont-provoque-le-krach-boursier-_52716-4036864_actu.Htm\" target=\"_blank\" rel=\"noopener\">Entretien. \u00ab\u00a0Ce sont les institutionnels qui ont provoqu\u00e9 le krach boursier\u00a0\u00bb<\/a><\/p>\n<p>Fondateur en 1990 et pr\u00e9sident de 1997 \u00e0 2006 de NAPF (Nantes Atlantique place financi\u00e8re), il en est rest\u00e9 membre du bureau, tout en devenant, depuis 2010, coordinateur et porte-parole des Places financi\u00e8res r\u00e9gionales. Il a \u00e9t\u00e9 membre du Conseil de surveillance du fonds de garantie des d\u00e9p\u00f4ts et de r\u00e9solution, du Medef 44, de plusieurs Sofica, et engag\u00e9 \u00e0 la CCI Nantes-Saint-Nazaire. <\/p>\n<p>Ses obs\u00e8ques auront lieu vendredi 17\u00a0octobre, \u00e0 14\u00a0h, \u00e0 l\u2019\u00e9glise Saint-F\u00e9lix de Nantes.<\/p>\n<p>\u00a0<\/p>\n","protected":false},"excerpt":{"rendered":"Philippe de Portzamparc, une figure embl\u00e9matique de la finance, connu des milieux \u00e9conomiques nantais, est d\u00e9c\u00e9d\u00e9 lundi 13\u00a0octobre,&hellip;\n","protected":false},"author":2,"featured_media":466638,"comment_status":"","ping_status":"","sticky":false,"template":"","format":"standard","meta":{"footnotes":""},"categories":[2818],"tags":[1111,11,1762,1777,674,36520,590,1011,27,766,12,626,2636,6284,59060,25],"class_list":{"0":"post-466637","1":"post","2":"type-post","3":"status-publish","4":"format-standard","5":"has-post-thumbnail","7":"category-nantes","8":"tag-actu","9":"tag-actualites","10":"tag-decede","11":"tag-eu","12":"tag-europe","13":"tag-figure","14":"tag-finance","15":"tag-fr","16":"tag-france","17":"tag-nantes","18":"tag-news","19":"tag-paris","20":"tag-pays-de-la-loire","21":"tag-philippe","22":"tag-portzamparc","23":"tag-republique-francaise"},"share_on_mastodon":{"url":"https:\/\/pubeurope.com\/@fr\/115382173317066647","error":""},"_links":{"self":[{"href":"https:\/\/www.europesays.com\/fr\/wp-json\/wp\/v2\/posts\/466637","targetHints":{"allow":["GET"]}}],"collection":[{"href":"https:\/\/www.europesays.com\/fr\/wp-json\/wp\/v2\/posts"}],"about":[{"href":"https:\/\/www.europesays.com\/fr\/wp-json\/wp\/v2\/types\/post"}],"author":[{"embeddable":true,"href":"https:\/\/www.europesays.com\/fr\/wp-json\/wp\/v2\/users\/2"}],"replies":[{"embeddable":true,"href":"https:\/\/www.europesays.com\/fr\/wp-json\/wp\/v2\/comments?post=466637"}],"version-history":[{"count":0,"href":"https:\/\/www.europesays.com\/fr\/wp-json\/wp\/v2\/posts\/466637\/revisions"}],"wp:featuredmedia":[{"embeddable":true,"href":"https:\/\/www.europesays.com\/fr\/wp-json\/wp\/v2\/media\/466638"}],"wp:attachment":[{"href":"https:\/\/www.europesays.com\/fr\/wp-json\/wp\/v2\/media?parent=466637"}],"wp:term":[{"taxonomy":"category","embeddable":true,"href":"https:\/\/www.europesays.com\/fr\/wp-json\/wp\/v2\/categories?post=466637"},{"taxonomy":"post_tag","embeddable":true,"href":"https:\/\/www.europesays.com\/fr\/wp-json\/wp\/v2\/tags?post=466637"}],"curies":[{"name":"wp","href":"https:\/\/api.w.org\/{rel}","templated":true}]}}