{"id":466639,"date":"2025-10-16T05:23:13","date_gmt":"2025-10-16T05:23:13","guid":{"rendered":"https:\/\/www.europesays.com\/fr\/466639\/"},"modified":"2025-10-16T05:23:13","modified_gmt":"2025-10-16T05:23:13","slug":"nantes-lille-a-quelle-heure-et-sur-quelle-chaine-voir-le-match-ligue-1","status":"publish","type":"post","link":"https:\/\/www.europesays.com\/fr\/466639\/","title":{"rendered":"Nantes \u2013 Lille : \u00e0 quelle heure et sur quelle cha\u00eene voir le match ? \u2013 Ligue 1"},"content":{"rendered":"<p>FC Nantes n\u2019a pas r\u00e9ussi \u00e0 trouver le bon rythme apr\u00e8s deux mois de championnat. Avec une seule victoire en sept journ\u00e9es, l\u2019\u00e9quipe de Luis Castro stagne au 15\u1d49 rang et partage le m\u00eame nombre de points que le barragiste virtuel. Les trois nuls r\u00e9cents illustrent bien cette f\u00e9brilit\u00e9 : un derby accroch\u00e9 face \u00e0 Rennes (2-2), une victoire envol\u00e9e \u00e0 Toulouse (2-2) et une prestation solide mais st\u00e9rile \u00e0 Brest (0-0).<\/p>\n<p>Le club lig\u00e9rien est d\u2019ores et d\u00e9j\u00e0 impliqu\u00e9 dans la lutte pour le maintien. Une victoire face \u00e0 Lille pourrait permettre de souffler un peu et de retrouver une dynamique positive, surtout \u00e0 domicile.<\/p>\n<p><strong>Lille, en qu\u00eate de confirmation<\/strong><\/p>\n<p>LOSC Lille a travers\u00e9 une p\u00e9riode contrast\u00e9e avant la tr\u00eave internationale. Battus coup sur coup en championnat par Lens (3-0) et Lyon (0-1), les Dogues ont r\u00e9agi en Europe, en remportant leurs deux premiers matchs de Ligue Europa contre Brann (2-1) et l\u2019AS Rome (0-1). Le nul obtenu face au PSG (1-1) a confirm\u00e9 une mont\u00e9e en puissance dans le jeu et dans l\u2019\u00e9tat d\u2019esprit.<\/p>\n<p>Malgr\u00e9 tout, Lille n\u2019a plus gagn\u00e9 en championnat depuis un mois et occupe la 7\u1d49 place. Ce d\u00e9placement \u00e0 Nantes rev\u00eat une importance particuli\u00e8re pour se rapprocher du haut du tableau et valider le regain de confiance observ\u00e9 en coupe d\u2019Europe.<\/p>\n<p><strong>Nantes \u2013 Lille : diffusion du match<\/strong><\/p>\n<p>Le match aura lieu dimanche 19 octobre \u00e0 20h45 pour le compte de la 8\u1d49 journ\u00e9e de Ligue 1. Il sera diffus\u00e9 en direct sur <a href=\"https:\/\/dazn.prf.hn\/click\/camref:1101l5iEE5\/pubref:nantes-lille\" rel=\"nofollow noopener\" target=\"_blank\">Ligue 1+<\/a>, la plateforme officielle de la comp\u00e9tition. Les supporters pourront le suivre via plusieurs formules d\u2019abonnement et plateformes partenaires.<\/p>\n<p><a rel=\"sponsored nofollow noopener\" href=\"https:\/\/dazn.prf.hn\/click\/camref:1101l5iEE5\/pubref:nantes-lille\" target=\"_blank\">Voir le match Nantes &#8211; Lille ici !<\/a><strong>Les offres officielles de Ligue 1+<\/strong><a rel=\"sponsored nofollow noopener\" href=\"https:\/\/www.tkqlhce.com\/click-101527649-17139035\" target=\"_blank\">S&rsquo;abonner via Ligue 1+ ici !<\/a><strong>Les autres diffuseurs partenaires<\/strong><\/p>\n<p><strong>DAZN<\/strong><\/p>\n<p>La plateforme DAZN inclut la Ligue 1 dans ses abonnements :<\/p>\n<ul>\n<li style=\"font-weight: 400;\"><a href=\"https:\/\/dazn.prf.hn\/click\/camref:1101l5iEE5\/pubref:nantes-lille\" rel=\"sponsored nofollow noopener\" target=\"_blank\">DAZN + Ligue 1+<\/a> : 16,99 \u20ac\/mois, avec acc\u00e8s \u00e0 plusieurs comp\u00e9titions internationales (Serie A, Eredivisie\u2026).<\/li>\n<li style=\"font-weight: 400;\"><a href=\"https:\/\/dazn.prf.hn\/click\/camref:1101l5iEE5\/pubref:nantes-lille\" rel=\"sponsored nofollow noopener\" target=\"_blank\">Formule Ligue 1+ seule<\/a> : 14,99 \u20ac\/mois, avec deux connexions simultan\u00e9es.<\/li>\n<\/ul>\n<p><a rel=\"sponsored nofollow noopener\" href=\"https:\/\/dazn.prf.hn\/click\/camref:1101l5iEE5\/pubref:nantes-lille\" target=\"_blank\">S&rsquo;abonner via DAZN ici !<\/a><\/p>\n<p><strong>Amazon Prime Video<\/strong><\/p>\n<p>Les abonn\u00e9s Amazon Prime peuvent ajouter <a href=\"https:\/\/www.primevideo.com\/offers\/ref=atv_3p_amz_c_0lzIXJ_1_1?tag=letelegramme-21&amp;benefitId=ligueonefr\" rel=\"sponsored nofollow noopener\" target=\"_blank\">l\u2019option Ligue 1+<\/a> pour 14,99 \u20ac\/mois (engagement annuel), ce qui permet de centraliser tous leurs abonnements sportifs.<\/p>\n<p><a rel=\"sponsored nofollow noopener\" href=\"https:\/\/www.primevideo.com\/offers\/ref=atv_3p_amz_c_0lzIXJ_1_1?tag=letelegramme-21&amp;benefitId=ligueonefr\" target=\"_blank\">S&rsquo;abonner via Prime Video !<\/a><\/p>\n<p><strong>RMC Sport<\/strong><\/p>\n<p><a href=\"https:\/\/www.awin1.com\/awclick.php?gid=448180&amp;mid=33125&amp;awinaffid=1753353&amp;linkid=3247029&amp;clickref=letelegramme-nantes-lille-151025\" rel=\"sponsored nofollow noopener\" target=\"_blank\">L\u2019offre RMC Sport combine la Ligue 1<\/a> avec une large programmation ax\u00e9e sur les sports de combat (UFC, Hexagone MMA, grands championnats de boxe), tout en donnant acc\u00e8s \u00e0 chaque journ\u00e9e du championnat.<\/p>\n<p><a rel=\"sponsored nofollow noopener\" href=\"https:\/\/www.awin1.com\/awclick.php?gid=448180&amp;mid=33125&amp;awinaffid=1753353&amp;linkid=3247029&amp;clickref=letelegramme-nantes-lille-151025\" target=\"_blank\">S&rsquo;abonner via RMC Sport ici !<\/a><\/p>\n<p><strong>Les compositions probables<\/strong><\/p>\n","protected":false},"excerpt":{"rendered":"FC Nantes n\u2019a pas r\u00e9ussi \u00e0 trouver le bon rythme apr\u00e8s deux mois de championnat. Avec une seule&hellip;\n","protected":false},"author":2,"featured_media":466640,"comment_status":"","ping_status":"","sticky":false,"template":"","format":"standard","meta":{"footnotes":""},"categories":[2818],"tags":[1111,11,1777,674,1011,27,48888,766,12,2636,25,517],"class_list":{"0":"post-466639","1":"post","2":"type-post","3":"status-publish","4":"format-standard","5":"has-post-thumbnail","7":"category-nantes","8":"tag-actu","9":"tag-actualites","10":"tag-eu","11":"tag-europe","12":"tag-fr","13":"tag-france","14":"tag-guide-conso","15":"tag-nantes","16":"tag-news","17":"tag-pays-de-la-loire","18":"tag-republique-francaise","19":"tag-sport"},"share_on_mastodon":{"url":"https:\/\/pubeurope.com\/@fr\/115382177230864943","error":""},"_links":{"self":[{"href":"https:\/\/www.europesays.com\/fr\/wp-json\/wp\/v2\/posts\/466639","targetHints":{"allow":["GET"]}}],"collection":[{"href":"https:\/\/www.europesays.com\/fr\/wp-json\/wp\/v2\/posts"}],"about":[{"href":"https:\/\/www.europesays.com\/fr\/wp-json\/wp\/v2\/types\/post"}],"author":[{"embeddable":true,"href":"https:\/\/www.europesays.com\/fr\/wp-json\/wp\/v2\/users\/2"}],"replies":[{"embeddable":true,"href":"https:\/\/www.europesays.com\/fr\/wp-json\/wp\/v2\/comments?post=466639"}],"version-history":[{"count":0,"href":"https:\/\/www.europesays.com\/fr\/wp-json\/wp\/v2\/posts\/466639\/revisions"}],"wp:featuredmedia":[{"embeddable":true,"href":"https:\/\/www.europesays.com\/fr\/wp-json\/wp\/v2\/media\/466640"}],"wp:attachment":[{"href":"https:\/\/www.europesays.com\/fr\/wp-json\/wp\/v2\/media?parent=466639"}],"wp:term":[{"taxonomy":"category","embeddable":true,"href":"https:\/\/www.europesays.com\/fr\/wp-json\/wp\/v2\/categories?post=466639"},{"taxonomy":"post_tag","embeddable":true,"href":"https:\/\/www.europesays.com\/fr\/wp-json\/wp\/v2\/tags?post=466639"}],"curies":[{"name":"wp","href":"https:\/\/api.w.org\/{rel}","templated":true}]}}