{"id":466641,"date":"2025-10-16T05:24:15","date_gmt":"2025-10-16T05:24:15","guid":{"rendered":"https:\/\/www.europesays.com\/fr\/466641\/"},"modified":"2025-10-16T05:24:15","modified_gmt":"2025-10-16T05:24:15","slug":"les-previsions-meteo-du-jeudi-16-octobre-a-bordeaux","status":"publish","type":"post","link":"https:\/\/www.europesays.com\/fr\/466641\/","title":{"rendered":"Les pr\u00e9visions m\u00e9t\u00e9o du jeudi 16 octobre \u00e0 Bordeaux"},"content":{"rendered":"<p>Aujourd\u2019hui, \u00e0 Bordeaux, pr\u00e9pare-toi \u00e0 un d\u00e9but de journ\u00e9e avec visibilit\u00e9s r\u00e9duites \u00e0 cause du brouillard matinal. Les temp\u00e9ratures \u00e9volueront entre 9 et 22\u00b0C, proches des normales saisonni\u00e8res.<\/p>\n<p style=\"font-size:16px\">Au r\u00e9veil, le ciel sera couvert de <strong>brumes ou brouillards<\/strong>, rapidement dissip\u00e9s par le soleil. Il fera <strong>9\u00b0C<\/strong>, ressenti <strong>8\u00b0C<\/strong>. Pas de pr\u00e9cipitations en vue et aucun risque de pluie.<\/p>\n<p style=\"font-size:16px\">L\u2019apr\u00e8s-midi sera <strong>peu nuageux<\/strong>, avec un ciel clair et lumineux. La temp\u00e9rature atteindra <strong>22\u00b0C<\/strong>, ressentie <strong>25\u00b0C<\/strong> sous l\u2019influence du soleil, avec des rafales l\u00e9g\u00e8res de <strong>15 km\/h<\/strong>. Toujours aucune pluie \u00e0 craindre.<\/p>\n<p><img fetchpriority=\"high\" decoding=\"async\" width=\"1024\" height=\"448\" src=\"https:\/\/www.europesays.com\/fr\/wp-content\/uploads\/2025\/10\/nouvelle-aquitain-tourism-1024x448.png\" alt=\"\" class=\"wp-image-85036\" style=\"width:752px;height:auto\"  \/>Une journ\u00e9e ensoleill\u00e9e pour Bordeaux. \u00a9Nouvelle Aquitaine Tourism<\/p>\n<p style=\"font-size:16px\">En soir\u00e9e, le temps restera <strong>beau et peu nuageux<\/strong>, avec <strong>16\u00b0C<\/strong>, ressenti <strong>15\u00b0C<\/strong>, et des rafales stables \u00e0 <strong>15 km\/h<\/strong>. Id\u00e9al pour un d\u00eener en terrasse ou une promenade en fin de journ\u00e9e.<\/p>\n<p style=\"font-size:16px\">La nuit, le ciel restera <strong>peu nuageux<\/strong>, les temp\u00e9ratures redescendant vers <strong>11\u00b0C<\/strong>, ressenties <strong>10\u00b0C<\/strong>. Aucune pr\u00e9cipitation, parfait pour dormir fen\u00eatres ouvertes ou profiter d\u2019une soir\u00e9e tranquille dehors.<\/p>\n<p style=\"font-size:16px\">\u00c0 lire aussi : <a href=\"https:\/\/www.bougerabordeaux.com\/actu\/news\/aeroport-de-bordeaux-le-nouveau-terminal-billi-a-ete-inaugure\/\" target=\"_blank\" rel=\"noreferrer noopener nofollow\">A\u00e9roport de Bordeaux : le nouveau terminal Billi a \u00e9t\u00e9 inaugur\u00e9<\/a><\/p>\n","protected":false},"excerpt":{"rendered":"Aujourd\u2019hui, \u00e0 Bordeaux, pr\u00e9pare-toi \u00e0 un d\u00e9but de journ\u00e9e avec visibilit\u00e9s r\u00e9duites \u00e0 cause du brouillard matinal. Les&hellip;\n","protected":false},"author":2,"featured_media":464184,"comment_status":"","ping_status":"","sticky":false,"template":"","format":"standard","meta":{"footnotes":""},"categories":[2817],"tags":[1111,11,1997,1777,674,1011,27,12,2219,25],"class_list":{"0":"post-466641","1":"post","2":"type-post","3":"status-publish","4":"format-standard","5":"has-post-thumbnail","7":"category-bordeaux","8":"tag-actu","9":"tag-actualites","10":"tag-bordeaux","11":"tag-eu","12":"tag-europe","13":"tag-fr","14":"tag-france","15":"tag-news","16":"tag-nouvelle-aquitaine","17":"tag-republique-francaise"},"share_on_mastodon":{"url":"https:\/\/pubeurope.com\/@fr\/115382181775918121","error":""},"_links":{"self":[{"href":"https:\/\/www.europesays.com\/fr\/wp-json\/wp\/v2\/posts\/466641","targetHints":{"allow":["GET"]}}],"collection":[{"href":"https:\/\/www.europesays.com\/fr\/wp-json\/wp\/v2\/posts"}],"about":[{"href":"https:\/\/www.europesays.com\/fr\/wp-json\/wp\/v2\/types\/post"}],"author":[{"embeddable":true,"href":"https:\/\/www.europesays.com\/fr\/wp-json\/wp\/v2\/users\/2"}],"replies":[{"embeddable":true,"href":"https:\/\/www.europesays.com\/fr\/wp-json\/wp\/v2\/comments?post=466641"}],"version-history":[{"count":0,"href":"https:\/\/www.europesays.com\/fr\/wp-json\/wp\/v2\/posts\/466641\/revisions"}],"wp:featuredmedia":[{"embeddable":true,"href":"https:\/\/www.europesays.com\/fr\/wp-json\/wp\/v2\/media\/464184"}],"wp:attachment":[{"href":"https:\/\/www.europesays.com\/fr\/wp-json\/wp\/v2\/media?parent=466641"}],"wp:term":[{"taxonomy":"category","embeddable":true,"href":"https:\/\/www.europesays.com\/fr\/wp-json\/wp\/v2\/categories?post=466641"},{"taxonomy":"post_tag","embeddable":true,"href":"https:\/\/www.europesays.com\/fr\/wp-json\/wp\/v2\/tags?post=466641"}],"curies":[{"name":"wp","href":"https:\/\/api.w.org\/{rel}","templated":true}]}}