{"id":466648,"date":"2025-10-16T05:29:17","date_gmt":"2025-10-16T05:29:17","guid":{"rendered":"https:\/\/www.europesays.com\/fr\/466648\/"},"modified":"2025-10-16T05:29:17","modified_gmt":"2025-10-16T05:29:17","slug":"dessins-animes-musique-ciel-bleu-ce-nouveau-centre-dimagerie-ultra-moderne-a-ouvert-ses-portes-a-lille","status":"publish","type":"post","link":"https:\/\/www.europesays.com\/fr\/466648\/","title":{"rendered":"Dessins anim\u00e9s, musique, ciel bleu&#8230; Ce nouveau centre d&rsquo;imagerie ultra moderne a ouvert ses portes \u00e0 Lille"},"content":{"rendered":"<p class=\"article__intro\">Le CHU de Lille a ouvert un nouveau centre d&rsquo;imagerie ultra moderne \u00e0 Lille. Associ\u00e9 aux derni\u00e8res technologies, il permet des diagnostics plus pr\u00e9cis et une prise en charge rapide des patients.<\/p>\n<p>\n      La Quotidienne Soci\u00e9t\u00e9\n    <\/p>\n<p>\n      De la vie quotidienne aux grands enjeux, recevez tous les jours les sujets qui font la soci\u00e9t\u00e9 locale, comme la justice, l\u2019\u00e9ducation, la sant\u00e9 et la famille.\n    <\/p>\n<p>    France T\u00e9l\u00e9visions utilise votre adresse e-mail afin de vous envoyer la newsletter \u00ab\u00a0La Quotidienne Soci\u00e9t\u00e9\u00a0\u00bb. Vous pouvez vous d\u00e9sinscrire \u00e0 tout moment via le lien en bas de cette newsletter. <a target=\"_blank\" href=\"https:\/\/www.francetelevisions.fr\/groupe\/confidentialite\/politique-de-confidentialite\/politique-de-confidentialite-de-france-televisions-6503\" rel=\"nofollow noopener\">Notre politique de confidentialit\u00e9<\/a><\/p>\n<p>Passer une IRM en \u00e9coutant sa chanson pr\u00e9f\u00e9r\u00e9e ? C&rsquo;est ce que propose le nouveau centre d&rsquo;imagerie m\u00e9dicale du CHU de Lille, au sein du CIAL (Consultations et imagerie de l\u2019appareil locomoteur), pr\u00e8s de l&rsquo;h\u00f4pital Roger Salengro. Ce centre rassemble les derni\u00e8res technologies pour assurer la pr\u00e9cision des diagnostics et la prise en charge rapide des patients.<\/p>\n<\/p>\n<p>Pas facile de rester immobile lorsqu&rsquo;on est au c\u0153ur du tunnel d&rsquo;une IRM. \u00ab\u00a0En moyenne, les examens durent une vingtaine de minutes. Nous, ce qu\u2019on veut, c&rsquo;est que le patient ne bouge pas pour que l\u2019examen soit de qualit\u00e9 pour le radiologue\u00a0\u00bb, explique Isma\u00ebl Jean-Bart, manipulateur en \u00e9lectroradiologie m\u00e9dicale. Pour calmer les angoisses des patients, le centre a mis en place un \u00e9cran pour diffuser des paysages pendant l&rsquo;examen. \u00ab\u00a0On a, par exemple, un ciel bleu sur lequel le patient peut se concentrer et donc \u00e9viter de penser que son corps est dans la machine\u00a0\u00bb, indique Isma\u00ebl.<\/p>\n<p>\n<a data-article-figure=\"\" href=\"https:\/\/france3-regions.franceinfo.fr\/image\/cBRdY6QSjyooVtP8jLgH5rPw5hU\/1920x1080\/regions\/2025\/10\/15\/uts-lill-lill-2-2025-10-14-11-11-17-00-00-07-12-68efc48db00b1430775424.jpg\" data-pswp-width=\"1920\" data-pswp-height=\"1080\" target=\"_blank\" rel=\"nofollow noopener\"><\/p>\n<p>          <img width=\"600\" height=\"400\" class=\"article-image lazy\" data-src=\"https:\/\/www.europesays.com\/fr\/wp-content\/uploads\/2025\/10\/uts-lill-lill-2-2025-10-14-11-11-17-00-00-07-12-68efc48db00b1430775424.jpg\" alt=\"Un ciel bleu, des paysages de montagnes mais aussi des dessins anim\u00e9s peuvent \u00eatre projet\u00e9s pour calmer les patients.\" fetchpriority=\"high\" as=\"image\"\/><\/p>\n<p>\n            Un ciel bleu, des paysages de montagnes mais aussi des dessins anim\u00e9s peuvent \u00eatre projet\u00e9s pour calmer les patients.<br \/>\n                           \u2022<br \/>\n                                      \u00a9 Frederik Giltay \/ FTV\n                      <\/p>\n<p><\/a><\/p>\n<p>Ciel bleu, paysages de montagnes, mais aussi dessins anim\u00e9s pour les enfants pris en charge. \u00ab\u00a0Beaucoup d&rsquo;entre eux sont moins stress\u00e9s pendant l&rsquo;examen. Ils ont moins cette impression de longueur d&rsquo;examen et pour nous, c\u2019est un plus\u00a0\u00bb, constate Audrey Schmitt, manipulatrice en \u00e9lectroradiologie m\u00e9dicale. Un casque audio permet aussi d&rsquo;\u00e9couter des musiques relaxantes ou des chansons pr\u00e9f\u00e9r\u00e9es tout au long de l&rsquo;examen.<\/p>\n<p>Les retours des patients semblent confirmer cette nouvelle exp\u00e9rience m\u00e9dicale. \u00ab\u00a0La premi\u00e8re impression que j&rsquo;ai eue, c&rsquo;est qu&rsquo;il n\u2019y a pas que des plaques blanches au plafond, sourit Aliz\u00e9e, \u00e0 peine sortie de son IRM. \u00c7a s\u2019est tr\u00e8s bien pass\u00e9, je me suis un peu endormie sur la fin.\u00a0\u00bb <\/p>\n<p>\n<a data-article-figure=\"\" href=\"https:\/\/france3-regions.franceinfo.fr\/image\/6UF9x7ZA5r7Jr21bRw0fBinF0MM\/1920x1080\/regions\/2025\/10\/15\/uts-lill-lill-2-2025-10-14-11-09-47-00-00-19-20-68efc5a33b08b073904315.jpg\" data-pswp-width=\"1920\" data-pswp-height=\"1080\" target=\"_blank\" rel=\"nofollow noopener\"><\/p>\n<p>          <img width=\"600\" height=\"400\" class=\"article-image lazy\" data-src=\"https:\/\/www.europesays.com\/fr\/wp-content\/uploads\/2025\/10\/uts-lill-lill-2-2025-10-14-11-09-47-00-00-19-20-68efc5a33b08b073904315.jpg\" alt=\"Les patients sont aussi \u00e9quip\u00e9s d'un casque pour \u00e9couter des chansons ou des musiques relaxantes.\" fetchpriority=\"high\" as=\"image\"\/><\/p>\n<p>\n            Les patients sont aussi \u00e9quip\u00e9s d&rsquo;un casque pour \u00e9couter des chansons ou des musiques relaxantes.<br \/>\n                           \u2022<br \/>\n                                      \u00a9 Frederik Giltay \/ FTV\n                      <\/p>\n<p><\/a><\/p>\n<p>Du c\u00f4t\u00e9 des \u00e9quipes m\u00e9dicales, le constat est sans appel. \u00ab\u00a0Les conditions de travail se sont grandement am\u00e9lior\u00e9es, on le sent dans la dynamique de l\u2019\u00e9quipe. On peut collaborer rapidement entre les diff\u00e9rentes salles et consulter les m\u00e9decins ou joindre les secr\u00e9tariats\u00a0\u00bb, explique Bryan Brysbaert, cadre de sant\u00e9 du centre d&rsquo;imagerie du CIAL. Les patients b\u00e9n\u00e9ficient d&rsquo;un acc\u00e8s \u00e0 une multitude d&rsquo;examens (\u00e9chographies, IRM et un scanner ultra-haute r\u00e9solution) pour pousser la pr\u00e9cision d&rsquo;un diagnostic et optimiser leur parcours de soins.<\/p>\n<p>Un scanner ultra-haute r\u00e9solution est arriv\u00e9 au centre, le deuxi\u00e8me en France dot\u00e9 d&rsquo;une intelligence artificielle pour am\u00e9liorer la qualit\u00e9 d&rsquo;image. Une chance et une \u00ab\u00a0fiert\u00e9\u00a0\u00bb pour les \u00e9quipes du centre. \u00ab\u00a0L\u2019IA\u00a0nous aide et nous fait gagner du temps d\u2019examen. La qualit\u00e9 des images est largement sup\u00e9rieure \u00e0 tout ce qu&rsquo;on faisait avant et tout ce qui est fait actuellement\u00a0\u00bb, explique Anne Cotten, cheffe du service de radiologie et d&rsquo;imagerie musculosquelettique.<\/p>\n<p>Une pr\u00e9cision in\u00e9dite des images qui am\u00e9liore les diagnostics des patients. \u00ab\u00a0\u00c7a nous permet de mieux voir certaines pathologies qu&rsquo;on voyait d\u00e9j\u00e0, mais aussi d\u2019aller\u00a0au-del\u00e0. De voir des choses qu\u2019on ne voyait pas avant et faire des diagnostics\u00a0beaucoup\u00a0plus pr\u00e9coces\u201d.\u00a0Avec l&rsquo;utilisation de ces nouveaux outils, le nouveau centre d&rsquo;imagerie esp\u00e8re atteindre les 20 000 examens par an.<\/p>\n<p>Avec Emma Bonniol et Frederik Giltay.<\/p>\n","protected":false},"excerpt":{"rendered":"Le CHU de Lille a ouvert un nouveau centre d&rsquo;imagerie ultra moderne \u00e0 Lille. Associ\u00e9 aux derni\u00e8res technologies,&hellip;\n","protected":false},"author":2,"featured_media":466649,"comment_status":"","ping_status":"","sticky":false,"template":"","format":"standard","meta":{"footnotes":""},"categories":[2815],"tags":[1111,11,1777,674,1011,27,811,1307,12,25],"class_list":{"0":"post-466648","1":"post","2":"type-post","3":"status-publish","4":"format-standard","5":"has-post-thumbnail","7":"category-lille","8":"tag-actu","9":"tag-actualites","10":"tag-eu","11":"tag-europe","12":"tag-fr","13":"tag-france","14":"tag-hauts-de-france","15":"tag-lille","16":"tag-news","17":"tag-republique-francaise"},"share_on_mastodon":{"url":"https:\/\/pubeurope.com\/@fr\/115382200769999974","error":""},"_links":{"self":[{"href":"https:\/\/www.europesays.com\/fr\/wp-json\/wp\/v2\/posts\/466648","targetHints":{"allow":["GET"]}}],"collection":[{"href":"https:\/\/www.europesays.com\/fr\/wp-json\/wp\/v2\/posts"}],"about":[{"href":"https:\/\/www.europesays.com\/fr\/wp-json\/wp\/v2\/types\/post"}],"author":[{"embeddable":true,"href":"https:\/\/www.europesays.com\/fr\/wp-json\/wp\/v2\/users\/2"}],"replies":[{"embeddable":true,"href":"https:\/\/www.europesays.com\/fr\/wp-json\/wp\/v2\/comments?post=466648"}],"version-history":[{"count":0,"href":"https:\/\/www.europesays.com\/fr\/wp-json\/wp\/v2\/posts\/466648\/revisions"}],"wp:featuredmedia":[{"embeddable":true,"href":"https:\/\/www.europesays.com\/fr\/wp-json\/wp\/v2\/media\/466649"}],"wp:attachment":[{"href":"https:\/\/www.europesays.com\/fr\/wp-json\/wp\/v2\/media?parent=466648"}],"wp:term":[{"taxonomy":"category","embeddable":true,"href":"https:\/\/www.europesays.com\/fr\/wp-json\/wp\/v2\/categories?post=466648"},{"taxonomy":"post_tag","embeddable":true,"href":"https:\/\/www.europesays.com\/fr\/wp-json\/wp\/v2\/tags?post=466648"}],"curies":[{"name":"wp","href":"https:\/\/api.w.org\/{rel}","templated":true}]}}